{"id":749097,"date":"2026-09-05T10:55:09","date_gmt":"2026-09-05T10:55:09","guid":{"rendered":"https:\/\/www.europesays.com\/es\/749097\/"},"modified":"2026-09-05T10:55:09","modified_gmt":"2026-09-05T10:55:09","slug":"que-pasa-ahora-con-lindsay-clancy-acusada-de-matar-a-sus-tres-hijos-tras-declararse-nulo-el-juicio","status":"publish","type":"post","link":"https:\/\/www.europesays.com\/es\/749097\/","title":{"rendered":"\u00bfQu\u00e9 pasa ahora con Lindsay Clancy, acusada de matar a sus tres hijos, tras declararse nulo el juicio?"},"content":{"rendered":"<p>Si no hay acuerdo entre defensa y acusaci\u00f3n, el juicio a Lindsay Clancy por matar a sus tres hijos volver\u00e1 a repetirse. Este viernes fue declarado nulo porque los 12 miembros del jurado fueron <strong>incapaces de acordar un veredicto conjunto. <\/strong>Seg\u00fan ha dejado caer su abogado, un miembro del grupo se neg\u00f3 a firmar una decisi\u00f3n favorable a la acusada. <\/p>\n<p>El jurado ten\u00eda que pronunciarse sobre si Clancy era responsable de sus actos o si, tal y como mantiene la defensa, no tiene responsabilidad porque sufri\u00f3 un <strong>episodio psic\u00f3tico relacionado con la depresi\u00f3n posparto<\/strong> y su estado mental, junto con una atenci\u00f3n sanitaria que consider\u00f3 inadecuada, imped\u00eda atribuirle responsabilidad penal por las muertes. La diferencia entre una opci\u00f3n u otra es si ingresa en la c\u00e1rcel o si permanece como hasta ahora en un hospital psiqui\u00e1trico. Lo que no se discute es si los mat\u00f3, algo que ya determin\u00f3 el Tribunal Superior de Plymouth, en Massachusetts.<\/p>\n<p>Tras la anulaci\u00f3n del juicio, se abre un nuevo escenario con algunos interrogantes como si se va a celebrar otro nuevo o qu\u00e9 futuro inmediato le espera a esta enfermera, que el 24 de enero de 2023 estrangul\u00f3 a sus tres hijos en su casa a las afueras de Boston.<\/p>\n<p>\u00bfQueda Clancy libre de los cargos?<\/p>\n<p>Lindsay Clancy no queda libre de cargos. La raz\u00f3n es que un la declaraci\u00f3n de un juicio nulo por un jurado bloqueado<strong> no equivale a una absoluci\u00f3n<\/strong>. Los tres cargos de asesinato siguen vigentes y la Fiscal\u00eda puede volver a llevar el caso a juicio.<\/p>\n<p>\t\tEl juez declara nulo el juicio contra Lindsay Clancy por la falta de un veredicto un\u00e1nime del jurado\t<\/p>\n<p>Clancy se enfrenta a tres cargos por la muerte por estrangulamiento de sus hijos Cora, de 5 a\u00f1os; Dawson, de 3, y Callan, de 8 meses. La Fiscal\u00eda sostien que los mat\u00f3 conscientemente y que era responsable penalmente de sus actos.<\/p>\n<p>\u00bfSe va a repetir el juicio?<\/p>\n<p>El caso queda ahora en manos de la Fiscal\u00eda y la defensa, que <strong>deber\u00e1n decidir si afrontan un nuevo juicio, negocian un acuerdo o ponen fin al proceso<\/strong>. Es decir,  cabe la posibilidad de el juicio puede volver a celebrarse. <\/p>\n<p>La Fiscal\u00eda puede solicitar que se celebre un nuevo juicio por los mismos cargos. El hecho de que el primer proceso terminara sin veredicto no impide, en principio, que vuelva a juzgarse a Clancy.<\/p>\n<p>\u00bfQu\u00e9 fechas se manejan para el futuro del caso?<\/p>\n<p>El juez William Sullivan, del Tribunal Superior de Plymouth (Massachusetts) ha fijado una audiencia para el 29 de septiembre, en la que las partes deber\u00e1n abordar los pr\u00f3ximos pasos del proceso.<\/p>\n<p>Para entonces, la Fiscal\u00eda y la defensa tendr\u00e1n que afrontar la principal inc\u00f3gnita que deja el juicio nulo: si el caso volver\u00e1 a los tribunales para un nuevo juicio o si ambas partes encuentran otra v\u00eda para resolverlo. <\/p>\n<p>\u00bfQu\u00e9 pasa ahora con Clancy?<\/p>\n<p>Clancy permanece internada en un centro psiqui\u00e1trico, donde se encuentra desde su detenci\u00f3n en 2023 despu\u00e9s de <strong>intentar suicidarse tras las muertes <\/strong>y quedar parcialmente paralizada.<\/p>\n<p>La declaraci\u00f3n de juicio nulo no implica por s\u00ed misma el final de su internamiento ni de los cargos que pesan contra ella. Durante el juicio, la mujer admiti\u00f3 que mat\u00f3 a sus hijos, pero se declar\u00f3 no culpable de asesinato. <\/p>\n<p>Habr\u00e1 que ver c\u00f3mo se resuelve este caso que ha despertado inter\u00e9s en todo el mundo y sobre el que se ha pronunciado hasta el presidente de Estados Unidos. <strong>\u00abEs una pena. Es una tragedia horrible. <\/strong>Hizo algo horrible, horrible. No puede ser peor\u00bb, ha dicho Donald Trump. Los siete d\u00edas de deliberaci\u00f3n del jurado no han servido para llegar al final en este proceso. <\/p>\n","protected":false},"excerpt":{"rendered":"Si no hay acuerdo entre defensa y acusaci\u00f3n, el juicio a Lindsay Clancy por matar a sus tres&hellip;\n","protected":false},"author":2,"featured_media":749098,"comment_status":"","ping_status":"","sticky":false,"template":"","format":"standard","meta":{"footnotes":""},"categories":[42],"tags":[17,18,13,14,11,61,62,63,64,19,20,9,10,15,16,12,21,22,65,66,67],"class_list":["post-749097","post","type-post","status-publish","format-standard","has-post-thumbnail","category-internacional","tag-breaking-news","tag-breakingnews","tag-featured-news","tag-featurednews","tag-headlines","tag-internacional","tag-international","tag-international-news","tag-internationalnews","tag-latest-news","tag-latestnews","tag-news","tag-noticias","tag-noticias-destacadas","tag-noticiasdestacadas","tag-titulares","tag-ultimas-noticias","tag-ultimasnoticias","tag-world","tag-world-news","tag-worldnews"],"share_on_mastodon":{"url":"https:\/\/pubeurope.com\/@es\/117218071607395275","error":""},"_links":{"self":[{"href":"https:\/\/www.europesays.com\/es\/wp-json\/wp\/v2\/posts\/749097","targetHints":{"allow":["GET"]}}],"collection":[{"href":"https:\/\/www.europesays.com\/es\/wp-json\/wp\/v2\/posts"}],"about":[{"href":"https:\/\/www.europesays.com\/es\/wp-json\/wp\/v2\/types\/post"}],"author":[{"embeddable":true,"href":"https:\/\/www.europesays.com\/es\/wp-json\/wp\/v2\/users\/2"}],"replies":[{"embeddable":true,"href":"https:\/\/www.europesays.com\/es\/wp-json\/wp\/v2\/comments?post=749097"}],"version-history":[{"count":0,"href":"https:\/\/www.europesays.com\/es\/wp-json\/wp\/v2\/posts\/749097\/revisions"}],"wp:featuredmedia":[{"embeddable":true,"href":"https:\/\/www.europesays.com\/es\/wp-json\/wp\/v2\/media\/749098"}],"wp:attachment":[{"href":"https:\/\/www.europesays.com\/es\/wp-json\/wp\/v2\/media?parent=749097"}],"wp:term":[{"taxonomy":"category","embeddable":true,"href":"https:\/\/www.europesays.com\/es\/wp-json\/wp\/v2\/categories?post=749097"},{"taxonomy":"post_tag","embeddable":true,"href":"https:\/\/www.europesays.com\/es\/wp-json\/wp\/v2\/tags?post=749097"}],"curies":[{"name":"wp","href":"https:\/\/api.w.org\/{rel}","templated":true}]}}