{"id":749151,"date":"2026-09-05T11:41:21","date_gmt":"2026-09-05T11:41:21","guid":{"rendered":"https:\/\/www.europesays.com\/es\/749151\/"},"modified":"2026-09-05T11:41:21","modified_gmt":"2026-09-05T11:41:21","slug":"aitana-arranca-en-barcelona-el-primero-de-sus-cuatro-conciertos-en-una-noche-cargada-de-emocion-2","status":"publish","type":"post","link":"https:\/\/www.europesays.com\/es\/749151\/","title":{"rendered":"Aitana arranca en Barcelona el primero de sus cuatro conciertos en una noche cargada de emoci\u00f3n"},"content":{"rendered":"<p><img decoding=\"async\" class=\"v-ath__i\" loading=\"lazy\" src=\"https:\/\/www.europesays.com\/es\/wp-content\/uploads\/2026\/09\/1788608481_42_autor-5497-foto-3.jpeg\" alt=\"Agencia Europa Press\"\/><\/p>\n<p>05\/09\/2026 a las 11:06h.<\/p>\n<p class=\"v-d-p\">Aitana ha vuelto a demostrar otra noche m\u00e1s que, pese a haberse convertido en una de las artistas espa\u00f1olas m\u00e1s importantes del momento, sus ra\u00edces  &#8230; siguen ocupando un lugar muy especial en su coraz\u00f3n. La cantante ha ofrecido en el Palau Sant Jordi de Barcelona el primero de los cuatro conciertos que tiene previstos en la ciudad, una cita muy esperada en la que no han faltado los momentos de emoci\u00f3n y complicidad con sus seguidores.<\/p>\n","protected":false},"excerpt":{"rendered":"05\/09\/2026 a las 11:06h. Aitana ha vuelto a demostrar otra noche m\u00e1s que, pese a haberse convertido en&hellip;\n","protected":false},"author":2,"featured_media":749152,"comment_status":"","ping_status":"","sticky":false,"template":"","format":"standard","meta":{"footnotes":""},"categories":[91],"tags":[3519,5881,210,44269,208,954,133123,146,147,25,24,193,7778,23],"class_list":["post-749151","post","type-post","status-publish","format-standard","has-post-thumbnail","category-entretenimiento","tag-aitana","tag-arranca","tag-barcelona","tag-cargada","tag-conciertos","tag-cuatro","tag-emocin","tag-entertainment","tag-entretenimiento","tag-es","tag-espana","tag-noche","tag-primero","tag-spain"],"share_on_mastodon":{"url":"https:\/\/pubeurope.com\/@es\/117218253106819890","error":""},"_links":{"self":[{"href":"https:\/\/www.europesays.com\/es\/wp-json\/wp\/v2\/posts\/749151","targetHints":{"allow":["GET"]}}],"collection":[{"href":"https:\/\/www.europesays.com\/es\/wp-json\/wp\/v2\/posts"}],"about":[{"href":"https:\/\/www.europesays.com\/es\/wp-json\/wp\/v2\/types\/post"}],"author":[{"embeddable":true,"href":"https:\/\/www.europesays.com\/es\/wp-json\/wp\/v2\/users\/2"}],"replies":[{"embeddable":true,"href":"https:\/\/www.europesays.com\/es\/wp-json\/wp\/v2\/comments?post=749151"}],"version-history":[{"count":0,"href":"https:\/\/www.europesays.com\/es\/wp-json\/wp\/v2\/posts\/749151\/revisions"}],"wp:featuredmedia":[{"embeddable":true,"href":"https:\/\/www.europesays.com\/es\/wp-json\/wp\/v2\/media\/749152"}],"wp:attachment":[{"href":"https:\/\/www.europesays.com\/es\/wp-json\/wp\/v2\/media?parent=749151"}],"wp:term":[{"taxonomy":"category","embeddable":true,"href":"https:\/\/www.europesays.com\/es\/wp-json\/wp\/v2\/categories?post=749151"},{"taxonomy":"post_tag","embeddable":true,"href":"https:\/\/www.europesays.com\/es\/wp-json\/wp\/v2\/tags?post=749151"}],"curies":[{"name":"wp","href":"https:\/\/api.w.org\/{rel}","templated":true}]}}