{"id":749171,"date":"2026-09-05T11:57:44","date_gmt":"2026-09-05T11:57:44","guid":{"rendered":"https:\/\/www.europesays.com\/es\/749171\/"},"modified":"2026-09-05T11:57:44","modified_gmt":"2026-09-05T11:57:44","slug":"un-contenedor-maritimo-convertido-en-hogar-historia-de-la-casa-mas-especial-del-mar-menor-icon-design","status":"publish","type":"post","link":"https:\/\/www.europesays.com\/es\/749171\/","title":{"rendered":"Un contenedor mar\u00edtimo convertido en hogar: historia de la casa m\u00e1s especial del Mar Menor | ICON Design"},"content":{"rendered":"<p class=\"\">\u201cTengo un amigo que cada vez que viene hace la misma foto desde el mismo sitio. Y dice que siempre son distintas\u201d, cuenta Pedro, propietario junto a Marina de esta peque\u00f1a casa adosada a orillas del <a href=\"https:\/\/elpais.com\/elpais\/2020\/08\/14\/icon\/1597394375_387599.html\" target=\"_blank\" rel=\"noreferrer nofollow noopener\" title=\"https:\/\/elpais.com\/elpais\/2020\/08\/14\/icon\/1597394375_387599.html\">Mar Menor<\/a>, en Los Urrutias, parte del municipio de Cartagena. Aunque el Mar Menor es, en realidad, una laguna salada, sus olores, sus colores y hasta su oleaje en d\u00edas de levante son los de todo un mar. Y, como cualquier observador atento sabe, no existe nada m\u00e1s cambiante que la superficie marina. Javier Pe\u00f1a (Murcia, 1966), arquitecto responsable de este proyecto (al que llam\u00f3 Vivir frente al mar) explica que, adem\u00e1s, aqu\u00ed los azules son todav\u00eda m\u00e1s especiales porque la interacci\u00f3n del sol con las aguas de los dos mares contiguos (Mediterr\u00e1neo y Menor) crea reflejos ins\u00f3litos en el cielo.<\/p>\n<p><img alt=\"\" decoding=\"auto\" class=\"_re lazyload a_m-h\" height=\"278\"  width=\"414\"  src=\"https:\/\/www.europesays.com\/es\/wp-content\/uploads\/2026\/09\/PNGVVRX4FJB27MP63FNX4BXCVU.JPG\" loading=\"lazy\" fetchpriority=\"low\"\/>Marina G\u00f3mez<\/p>\n<p class=\"\">Si cualquier costa \u2014incluso esta, que tiene algo de miniatura\u2014 se comporta como un animal vivo, lo que Pe\u00f1a buscaba era producir una impresi\u00f3n similar con su vivienda. Lo que se encontr\u00f3 en 2017 fue una de las casas t\u00edpicas de la zona: sobre una parcela que forma un rect\u00e1ngulo estrecho de 125 metros cuadrados, tras la fachada con una sola ventana y una puerta hacia la arena, hab\u00eda un galp\u00f3n construido durante los a\u00f1os cincuenta cuya cubierta se apoyaba en viejas cajas de bebida. La casa llevaba a\u00f1os siendo propiedad de una familia que la usaba solo durante las vacaciones, api\u00f1\u00e1ndose a lo largo de una distribuci\u00f3n ca\u00f3tica. Pero la reforma no iba a dar lugar a otra casa de veraneo. La casa estaba destinada a ser habitada durante todo el a\u00f1o por una pareja de coleccionistas de arte cuyos hijos ya se hab\u00edan emancipado, as\u00ed que, aunque habr\u00eda espacio para ellos, los requerimientos ser\u00edan muy diferentes.<\/p>\n<p><img alt=\"\" decoding=\"auto\" class=\"_re lazyload a_m-v\" height=\"552\"  width=\"414\"  src=\"https:\/\/www.europesays.com\/es\/wp-content\/uploads\/2026\/09\/VTVAGMKNX5APTGYON45GKQKVJM.JPG\" loading=\"lazy\" fetchpriority=\"low\"\/>La colocaci\u00f3n del contenedor sobre sus soportes de hormig\u00f3n mediante un cami\u00f3n-gr\u00faa fue una operaci\u00f3n compleja y, sin embargo, m\u00e1s barata que la construcci\u00f3n de una segunda altura por otros medios m\u00e1s convencionales. Marina G\u00f3mez<\/p>\n<p class=\"\">En todos sus proyectos Pe\u00f1a introduce elementos que interact\u00faan con el entorno. Desde el exterior, aqu\u00ed el protagonismo lo tiene la lona de cami\u00f3n que recubre una estructura extra\u00f1a que parece levitar sobre la casa. Esa estructura es un contenedor mar\u00edtimo con un tama\u00f1o ligeramente superior al est\u00e1ndar, mientras que la lona, que se agita con el viento recordando el flameo de una vela, tiene una funci\u00f3n aislante (esconde lana de roca) y se ha colocado a la vista por motivos tanto est\u00e9ticos como de ahorro de espacio interior. \u201cEl contenedor es un regalo\u201d, dice Pe\u00f1a entusiasmado. \u201cPor su envoltorio, por las vistas que proporciona y porque agota la edificabilidad y su techo queda exactamente a la cota permitida\u201d. <\/p>\n<p><img alt=\"\" decoding=\"auto\" class=\"_re lazyload a_m-h\" height=\"311\"  width=\"414\"  src=\"https:\/\/www.europesays.com\/es\/wp-content\/uploads\/2026\/09\/NZXWJNOETRDOJFPNYOHIWTML5A.png\" loading=\"lazy\" fetchpriority=\"low\"\/>Una secci\u00f3n del proyecto que permite apreciar c\u00f3mo dotar de cierta tridimensionalidad a los espacios era un reto en esta parcela en forma de tubo. Marina G\u00f3mezTener sol, tener sombra, ver el mar<\/p>\n<p class=\"\">A pocos kil\u00f3metros de Los Urrutias, en la misma orilla, <a href=\"https:\/\/elpais.com\/cultura\/2026-02-14\/30-anos-de-la-muerte-de-de-la-sota-los-discipulos-del-arquitecto-continuan-su-busqueda-de-la-esencia.html\" target=\"_blank\" rel=\"noreferrer nofollow noopener\" title=\"https:\/\/elpais.com\/cultura\/2026-02-14\/30-anos-de-la-muerte-de-de-la-sota-los-discipulos-del-arquitecto-continuan-su-busqueda-de-la-esencia.html\">Alejandro de la Sota<\/a> proyect\u00f3 en 1965 un conjunto residencial (Bah\u00eda Bella) que nunca lleg\u00f3 a construirse. Cuando escribi\u00f3 sobre \u00e9l, el arquitecto gallego insisti\u00f3 en que lo que buscaba era \u201ctener sol, tener sombra y ver el mar\u201d. Se podr\u00eda decir que esas son las tres condiciones que obsesionan a todos los que sue\u00f1an con vivir junto al Mediterr\u00e1neo, y aqu\u00ed se cumplen gracias a una secuencia de luces y sombras que acompa\u00f1an r\u00edtmicamente a quien recorre la casa desde su fachada frontal hasta su puerta trasera. <\/p>\n<p class=\"\">Tras el ventanal est\u00e1 el espacio principal, donde el suelo de hormig\u00f3n pulido contrasta con una gran luminaria de policarbonato que tambi\u00e9n hace las veces de cortinero y da altura a la estancia. El sal\u00f3n, que integra la cocina sobre la que se abre un peque\u00f1o lucernario, avanza hasta un patio intermedio, permitiendo que en verano toda la zona de d\u00eda se convierta en un espacio abierto que llega hasta la playa. Adem\u00e1s, este patio funciona como transici\u00f3n y proporciona ventilaci\u00f3n, con distintos filtros que permiten graduar la entrada de claridad, en un gui\u00f1o a las arquitecturas tradicionales de las zonas m\u00e1s meridionales de la Pen\u00ednsula.<\/p>\n<p><img alt=\"\" decoding=\"auto\" class=\"_re lazyload a_m-v\" height=\"552\"  width=\"414\"  src=\"https:\/\/www.europesays.com\/es\/wp-content\/uploads\/2026\/09\/G4KLYEJ3BRERXBSXRX4QIEEU5E.jpeg\" loading=\"lazy\" fetchpriority=\"low\"\/>El techo del espacio que sirve como sal\u00f3n y cocina est\u00e1 construido en policarbonato e integra la iluminaci\u00f3n. Marina G\u00f3mez<\/p>\n<p class=\"\">El patio conecta con dos habitaciones (dormitorio de invitados y despacho) que, junto a la zona de servicio (situada en la entrada trasera, preparada para albergar una moto o las instalaciones y calderas del suelo radiante), completan la planta baja. La subida hacia el contenedor (donde estar\u00e1 el dormitorio principal) implica una sorpresa. Entre una altura y otra existe una especie de entresuelo intermedio o \u201cvest\u00edbulo de transici\u00f3n\u201d, que incluye una gran mesa de trabajo que aprovecha la estructura. Pe\u00f1a explica que este espacio es importante porque aporta tridimensionalidad a la casa, ofreciendo vistas diagonales de la construcci\u00f3n y atenuando la \u201csensaci\u00f3n de tubo\u201d que produc\u00eda la parcela original. Poco m\u00e1s arriba, al fin, el hormig\u00f3n visto se encuentra con el acero corrugado \u2014con dobleces que lo hacen m\u00e1s resistente\u2014 del contenedor de transporte.<\/p>\n<p class=\"\">Como el material aislante est\u00e1 en el exterior, las paredes no se han recubierto. El acero queda a la vista, con algunas abolladuras (se compr\u00f3 una pieza de segunda mano) y argollas que ayudan a sostener el mobiliario. Una de las tapas del m\u00f3dulo, que funciona como cabecero de la cama, fue convertida en un enorme ventanal desde el que se domina, a m\u00e1s de siete metros de altura y con la impresi\u00f3n de que se est\u00e1 en el puente de mando de un gran buque, todo el Mar Menor, con las Islas Perdiguera y del Bar\u00f3n en primer plano y La Manga al fondo. En sentido contrario, aparece un ba\u00f1o construido con recortes de acero, un vestidor y una peque\u00f1a ventana que forma un curioso \u00e1ngulo. El hueco est\u00e1 girado con la inclinaci\u00f3n espec\u00edfica del equinoccio, de forma que durante el invierno el sol entra y calienta directamente la estancia, mientras que en verano, la ventana lo bloquea.<\/p>\n<p><img alt=\"\" decoding=\"auto\" class=\"_re lazyload a_m-h\" height=\"278\"  width=\"414\"  src=\"https:\/\/www.europesays.com\/es\/wp-content\/uploads\/2026\/09\/LICJKL47PNDM3I6OROXZQCDYOE.jpeg\" loading=\"lazy\" fetchpriority=\"low\"\/>El principal atractivo de esta reforma es que proporciona vistas al Mar Menor desde las dos estancias principales (sal\u00f3n y dormitorio). Los propietarios lo comparan con un cuadro que siempre est\u00e1 cambiando. Marina G\u00f3mezEl vuelo de un contenedor sobre Los Urrutias<\/p>\n<p class=\"\">El proceso de reforma y construcci\u00f3n llev\u00f3 algo m\u00e1s de dos a\u00f1os, marcados por los continuos tr\u00e1mites ante la Delegaci\u00f3n de Costas, que orden\u00f3 un peque\u00f1o retranqueo del patio frontal para respetar la servidumbre de paso. Los primeros trabajos fueron estructurales, tras descubrir la precariedad de la construcci\u00f3n de la que part\u00edan, con muros apoyados directamente sobre la arena y vigas podridas por la humedad. A partir de ah\u00ed, Pe\u00f1a despleg\u00f3 una variedad de materiales poco frecuente para una obra tan peque\u00f1a: los protagonistas son el hormig\u00f3n y el acero, pero tambi\u00e9n hay vigas de fibra de vidrio (que sostienen los cerramientos del patio), vidrios de distintos colores, metacrilatos y tableros fen\u00f3licos, ideales para entornos h\u00famedos, que forman la carpinter\u00eda interior.<\/p>\n<p class=\"\">Consciente de que la integraci\u00f3n de todos estos materiales en espacios complejos puede resultar confusa sobre plano, Pe\u00f1a tiene por costumbre elaborar maquetas de sus obras a escala 1:50, con distintos colores que indican a los alba\u00f1iles y al resto de los oficios la disposici\u00f3n de cada elemento. Con todo, el arquitecto reconoce que lleg\u00f3 al momento de mayor dificultad t\u00e9cnica \u2014la colocaci\u00f3n del dormitorio sobre sus cuatro soportes de hormig\u00f3n\u2014 algo nervioso. La pieza hab\u00eda sido forrada por una empresa de lonas de cami\u00f3n (donde no entendieron muy bien que se les pidiera un recubrimiento con algo de holgura, para crear esa sensaci\u00f3n de movimiento) y la estructura estaba lista, con la escalera ya construida. Entonces lleg\u00f3 un cami\u00f3n-gr\u00faa que, con la calle cortada, y con ayuda de grandes cuerdas mediante las que los operarios controlaban su posici\u00f3n, descarg\u00f3 el contenedor sobre los soportes. Todos respiraron con alivio al comprobar que encajaba perfectamente.<\/p>\n<p><img alt=\"\" decoding=\"auto\" class=\"_re lazyload a_m-h\" height=\"264\"  width=\"414\"  src=\"https:\/\/www.europesays.com\/es\/wp-content\/uploads\/2026\/09\/ZZ25RQRBZBDV3L4WSO4YLWE77E.jpeg\" loading=\"lazy\" fetchpriority=\"low\"\/>La colecci\u00f3n de arte integra obras de Enrique Marty o Josep Tornero. Durante los meses de verano, no es raro que los propietarios se encuentren a ba\u00f1istas en mitad de su sal\u00f3n.Marina G\u00f3mez<\/p>\n<p class=\"\">A pesar de esta operaci\u00f3n tan compleja, Pe\u00f1a recuerda que los medios auxiliares (como gr\u00faas permanentes y andamios) para una construcci\u00f3n convencional a esa altura y en ese lugar, hubieran resultado mucho m\u00e1s caros. De hecho, el arquitecto destaca que este ha sido su \u201cproyecto m\u00e1s econ\u00f3mico\u201d con un coste por metro cuadrado tres o cuatro veces inferior al que suele presentar a sus clientes. El ahorro, tan necesario cuando son unos particulares quienes acometen la rehabilitaci\u00f3n de la que ser\u00e1 su vivienda principal, se logr\u00f3 a trav\u00e9s de varias estrategias: aparte del uso de un contenedor reciclado, sobre el que se trabaj\u00f3 en taller antes de su instalaci\u00f3n, los acabados son \u201cmuy crudos\u201d, sin materiales cer\u00e1micos o de otro tipo recubriendo el hormig\u00f3n estructural. Pe\u00f1a se\u00f1ala que as\u00ed refleja la filosof\u00eda kintsugi japonesa que le inspira, basada en que las partes nuevas y viejas de un objeto convivan de forma natural, dejando, en su caso, que algunas cicatrices del edificio original o de la obra sean visibles. Adem\u00e1s, Marina y Pedro fueron parte activa de todo el proyecto, sin miedo a ensuciarse las manos o a completar por s\u00ed mismos algunas de las operaciones constructivas.<\/p>\n<p class=\"\">Despu\u00e9s de ocho a\u00f1os, no se arrepienten. Es cierto que cuando el viento sopla con determinada orientaci\u00f3n deben cerrar las ventanas para que no se acumule la humedad y que, de vez en cuando, se encuentran a turistas haci\u00e9ndose una foto en su sal\u00f3n (el murete frontal tambi\u00e9n fue demolido). Se lo toman a broma, al fin y al cabo, son molestias insignificantes despu\u00e9s de haber cumplido su viejo sue\u00f1o de vivir frente al mar. <\/p>\n","protected":false},"excerpt":{"rendered":"\u201cTengo un amigo que cada vez que viene hace la misma foto desde el mismo sitio. Y dice&hellip;\n","protected":false},"author":2,"featured_media":749172,"comment_status":"","ping_status":"","sticky":false,"template":"","format":"standard","meta":{"footnotes":""},"categories":[173],"tags":[3739,801,229,233,231,230,3738,232,234,146,147,25,24,33862,1478,23,1793,3633],"class_list":["post-749171","post","type-post","status-publish","format-standard","has-post-thumbnail","category-arte-y-diseno","tag-arquitectos","tag-arquitectura","tag-arte","tag-arte-y-diseno","tag-arts","tag-arts-and-design","tag-casas","tag-design","tag-diseno","tag-entertainment","tag-entretenimiento","tag-es","tag-espana","tag-mar-menor","tag-murcia","tag-spain","tag-verano","tag-vivienda"],"share_on_mastodon":{"url":"https:\/\/pubeurope.com\/@es\/117218315576126934","error":""},"_links":{"self":[{"href":"https:\/\/www.europesays.com\/es\/wp-json\/wp\/v2\/posts\/749171","targetHints":{"allow":["GET"]}}],"collection":[{"href":"https:\/\/www.europesays.com\/es\/wp-json\/wp\/v2\/posts"}],"about":[{"href":"https:\/\/www.europesays.com\/es\/wp-json\/wp\/v2\/types\/post"}],"author":[{"embeddable":true,"href":"https:\/\/www.europesays.com\/es\/wp-json\/wp\/v2\/users\/2"}],"replies":[{"embeddable":true,"href":"https:\/\/www.europesays.com\/es\/wp-json\/wp\/v2\/comments?post=749171"}],"version-history":[{"count":0,"href":"https:\/\/www.europesays.com\/es\/wp-json\/wp\/v2\/posts\/749171\/revisions"}],"wp:featuredmedia":[{"embeddable":true,"href":"https:\/\/www.europesays.com\/es\/wp-json\/wp\/v2\/media\/749172"}],"wp:attachment":[{"href":"https:\/\/www.europesays.com\/es\/wp-json\/wp\/v2\/media?parent=749171"}],"wp:term":[{"taxonomy":"category","embeddable":true,"href":"https:\/\/www.europesays.com\/es\/wp-json\/wp\/v2\/categories?post=749171"},{"taxonomy":"post_tag","embeddable":true,"href":"https:\/\/www.europesays.com\/es\/wp-json\/wp\/v2\/tags?post=749171"}],"curies":[{"name":"wp","href":"https:\/\/api.w.org\/{rel}","templated":true}]}}