{"id":749179,"date":"2026-09-05T12:06:21","date_gmt":"2026-09-05T12:06:21","guid":{"rendered":"https:\/\/www.europesays.com\/es\/749179\/"},"modified":"2026-09-05T12:06:21","modified_gmt":"2026-09-05T12:06:21","slug":"antonio-banderas-dedica-su-premio-juventud-a-ceuta-y-alerta-sobre-las-redes-sociales-cuestionen-la-informacion-oyendo-a-todas-las-partes-en-los-conflictos","status":"publish","type":"post","link":"https:\/\/www.europesays.com\/es\/749179\/","title":{"rendered":"Antonio Banderas dedica su Premio Juventud a Ceuta y alerta sobre las redes sociales: \u00abCuestionen la informaci\u00f3n oyendo a todas las partes en los conflictos\u00bb"},"content":{"rendered":"<p class=\"c-paragraph\"><b>Antonio Banderas recibi\u00f3 el premio &#8216;Agente de Cambio&#8217;<\/b>\u00a0en la gala de los Premios Juventud celebrada en Marbella, la primera vez que este evento tiene lugar en Espa\u00f1a en colaboraci\u00f3n con Univisi\u00f3n. El actor malague\u00f1o, de 66 a\u00f1os, fue galardonado por su compromiso con las causas sociales y <a href=\"https:\/\/www.heraldo.es\/noticias\/sociedad\/2026\/08\/05\/antonio-banderas-asegura-infarto-sufrio-fue-mejor-paso-vida-2042752.html\" title=\"Antonio Banderas asegura que el infarto que sufri\u00f3 fue lo mejor que le pas\u00f3 en la vida\" rel=\"nofollow noopener\" target=\"_blank\">aprovech\u00f3 el reconocimiento para lanzar un alegato sobre la libertad<\/a>, la informaci\u00f3n y la cultura, dedicando finalmente el premio a los ciudadanos de Ceuta.<\/p>\n<p class=\"c-paragraph\">Durante su paso por la alfombra roja,\u00a0<b>Banderas expres\u00f3 su preocupaci\u00f3n por la libertad personal<\/b>\u00a0ante medios como 20minutos. \u00abEstoy muy preocupado con la libertad personal. Ser libre cuesta. Cada vez cuesta m\u00e1s dar opiniones. Cada vez cuesta m\u00e1s mantener tu personalidad. Da miedo, porque cada vez que dices algo, hay un rebote emocional en las redes que te vuelve loco\u00bb, afirm\u00f3 el int\u00e9rprete.<\/p>\n<p class=\"c-paragraph\">El protagonista de numerosas pel\u00edculas subray\u00f3 la necesidad de preparar a los j\u00f3venes para enfrentarse a este entorno hostil. \u00abHay que prepararse para eso, hay que preparar a los j\u00f3venes para eso. Hay que tener un cierto grado de valent\u00eda y sobre todo un cierto grado de informaci\u00f3n\u00bb, declar\u00f3.<\/p>\n<p>La importancia del arte y la cultura<\/p>\n<p class=\"c-paragraph\">Seg\u00fan explic\u00f3,\u00a0<b>la informaci\u00f3n no se encuentra solo en la actualidad diaria<\/b>, sino en manifestaciones m\u00e1s profundas como \u00abla lectura, la observaci\u00f3n de un cuadro, la m\u00fasica, el arte\u00bb, \u00e1mbitos en los que \u00abuno aprende a cultivarse a nivel personal y colectivo\u00bb. \u00abYo estoy con esa lucha interna, porque no quiero morirme sin ser libre\u00bb, sentenci\u00f3 el conocido como &#8216;chico Almod\u00f3var&#8217;.<\/p>\n<p class=\"c-paragraph\">Al recoger su galard\u00f3n sobre el escenario,\u00a0<b>Banderas cit\u00f3 el escudo de M\u00e1laga<\/b>, su provincia natal, que incluye la frase \u00abM\u00e1laga, primera en el peligro de la libertad\u00bb. En sus palabras de agradecimiento, reiter\u00f3 su mensaje sobre la necesidad de buscar una informaci\u00f3n profunda y significativa.<\/p>\n<p class=\"c-paragraph\">\u00abMuy temprano en mi vida me di cuenta de que la informaci\u00f3n que yo buscaba no se encontraba en los vaivenes del d\u00eda a d\u00eda, en las opiniones superficiales e interesadas. Deb\u00eda ser m\u00e1s profunda, m\u00e1s macerada, m\u00e1s cercana a las complejidades de la existencia. Y esa b\u00fasqueda es lo que me empuja a la manifestaci\u00f3n art\u00edstica\u00bb, afirm\u00f3.<\/p>\n<p>Valent\u00eda frente a la manipulaci\u00f3n<\/p>\n<p class=\"c-paragraph\"><b>El actor advirti\u00f3 sobre los riesgos de la manipulaci\u00f3n externa<\/b>: \u00abPara usar la libertad has de ser muy valiente, porque los est\u00edmulos externos provenientes de quien necesita tus energ\u00edas, de tu complicidad o, directamente, de tu voto, son muy poderosos y conducen al aborregamiento, a la actitud gregaria de adocenarse\u00bb.<\/p>\n<p class=\"c-paragraph\">Adem\u00e1s, subray\u00f3 que\u00a0<b>\u00abel peligro de la libertad individual es la agresi\u00f3n\u00bb<\/b>\u00a0que se debe soportar al enfrentarse a quienes no les conviene una opini\u00f3n libre o la resistencia a ser manipulado.<\/p>\n<p>Mensaje a la juventud<\/p>\n<p class=\"c-paragraph\">Banderas dirigi\u00f3 un mensaje espec\u00edfico a los j\u00f3venes:\u00a0<b>\u00abNo se queden en la superficie que nos ofrecen las nuevas tecnolog\u00edas\u00bb<\/b>, les inst\u00f3. \u00abBusquen en el arte y la cultura de peso. Cuestionen la informaci\u00f3n oyendo a todas las partes en los conflictos. Vivan sin miedo a opinar y con alegr\u00eda\u00bb, agreg\u00f3.<\/p>\n<p class=\"c-paragraph\">Antes de abandonar el escenario,\u00a0<b>el malague\u00f1o dedic\u00f3 su reconocimiento a Ceuta<\/b>, defini\u00e9ndola como \u00abtierra multicultural, tierra multirreligiosa\u00bb, y expres\u00f3 su deseo de que a sus ciudadanos \u00ables permitan volver a su esencia, la esencia de una ciudad en paz\u00bb.<\/p>\n<p>Informaci\u00f3n generada con ayuda de Inteligencia Artificial<\/p>\n<p> <a class=\"enlace-texto-ia\" href=\"https:\/\/www.heraldo.es\/noticias\/comunicacion\/2023\/11\/23\/compromiso-heraldo-innovacion-precision-informativa-1691520.html\" rel=\"nofollow noopener\" target=\"_blank\">Saber m\u00e1s<\/a><\/p>\n","protected":false},"excerpt":{"rendered":"Antonio Banderas recibi\u00f3 el premio &#8216;Agente de Cambio&#8217;\u00a0en la gala de los Premios Juventud celebrada en Marbella, la&hellip;\n","protected":false},"author":2,"featured_media":749180,"comment_status":"","ping_status":"","sticky":false,"template":"","format":"standard","meta":{"footnotes":""},"categories":[91],"tags":[3830,1247,15601,4486,1739,146,147,25,24,223,6850,843,2311,2312,23],"class_list":["post-749179","post","type-post","status-publish","format-standard","has-post-thumbnail","category-entretenimiento","tag-alerta","tag-antonio","tag-banderas","tag-ceuta","tag-dedica","tag-entertainment","tag-entretenimiento","tag-es","tag-espana","tag-hub-ia","tag-juventud","tag-premio","tag-redes","tag-sociales","tag-spain"],"share_on_mastodon":{"url":"https:\/\/pubeurope.com\/@es\/117218350545530665","error":""},"_links":{"self":[{"href":"https:\/\/www.europesays.com\/es\/wp-json\/wp\/v2\/posts\/749179","targetHints":{"allow":["GET"]}}],"collection":[{"href":"https:\/\/www.europesays.com\/es\/wp-json\/wp\/v2\/posts"}],"about":[{"href":"https:\/\/www.europesays.com\/es\/wp-json\/wp\/v2\/types\/post"}],"author":[{"embeddable":true,"href":"https:\/\/www.europesays.com\/es\/wp-json\/wp\/v2\/users\/2"}],"replies":[{"embeddable":true,"href":"https:\/\/www.europesays.com\/es\/wp-json\/wp\/v2\/comments?post=749179"}],"version-history":[{"count":0,"href":"https:\/\/www.europesays.com\/es\/wp-json\/wp\/v2\/posts\/749179\/revisions"}],"wp:featuredmedia":[{"embeddable":true,"href":"https:\/\/www.europesays.com\/es\/wp-json\/wp\/v2\/media\/749180"}],"wp:attachment":[{"href":"https:\/\/www.europesays.com\/es\/wp-json\/wp\/v2\/media?parent=749179"}],"wp:term":[{"taxonomy":"category","embeddable":true,"href":"https:\/\/www.europesays.com\/es\/wp-json\/wp\/v2\/categories?post=749179"},{"taxonomy":"post_tag","embeddable":true,"href":"https:\/\/www.europesays.com\/es\/wp-json\/wp\/v2\/tags?post=749179"}],"curies":[{"name":"wp","href":"https:\/\/api.w.org\/{rel}","templated":true}]}}