{"id":749203,"date":"2026-09-05T12:26:32","date_gmt":"2026-09-05T12:26:32","guid":{"rendered":"https:\/\/www.europesays.com\/es\/749203\/"},"modified":"2026-09-05T12:26:32","modified_gmt":"2026-09-05T12:26:32","slug":"la-roca-ficha-a-susana-diaz-para-su-nueva-temporada-en-lasexta-que-tendra-mas-politica-y-nuevos-colaboradores","status":"publish","type":"post","link":"https:\/\/www.europesays.com\/es\/749203\/","title":{"rendered":"&#8216;La Roca&#8217; ficha a Susana D\u00edaz para su nueva temporada en laSexta, que tendr\u00e1 m\u00e1s pol\u00edtica y nuevos colaboradores"},"content":{"rendered":"<p class=\"article-text\">\n        La sexta temporada de <strong>La Roca<\/strong> se estrenar\u00e1 este s\u00e1bado 5 de septiembre en <strong>laSexta <\/strong>a las 15:30 horas. El magac\u00edn de <strong>Nuria Roca<\/strong> vuelve a la parrilla televisiva con nuevas secciones y colaboradores, adem\u00e1s de m\u00e1s actualidad, an\u00e1lisis y entretenimiento.\n    <\/p>\n<p>    <a href=\"https:\/\/www.eldiario.es\/vertele\/noticias\/jesus-cintora-responde-jaime-santos-ataque-pp-rtve-no-manosea-nadie_1_13488290.html\" data-mrf-recirculation=\"saber-mas\" data-dl-event=\"saber-mas\" rel=\"nofollow noopener\" target=\"_blank\"><\/p>\n<p class=\"know-more__title\">Jes\u00fas Cintora responde a Jaime de los Santos por el \u00faltimo ataque del PP a RTVE: \u00abA m\u00ed no me manosea nadie\u00bb<\/p>\n<p>            <img decoding=\"async\" class=\"lazy\" loading=\"lazy\" data-src=\"https:\/\/static.eldiario.es\/clip\/f7ddd772-acbf-4673-a32a-7f67583346bd_16-9-aspect-ratio_default_0.jpg\" src=\"data:image\/svg+xml,%3Csvg xmlns=\" http:=\"\" viewbox=\"0 0 880 495\" alt=\"Jes\u00fas Cintora responde a Jaime de los Santos por el \u00faltimo ataque del PP a RTVE: &quot;A m\u00ed no me manosea nadie&quot;\"\/><\/p>\n<p>                        <\/a><\/p>\n<p class=\"article-text\">\n        El programa afronta este nuevo curso tras una temporada en la que ampli\u00f3 por primera vez su emisi\u00f3n a todo el fin de semana al sumar la tarde del domingo a su tradicional cita de los s\u00e1bados. Durante la temporada pasada promedi\u00f3 un <strong>4.7% de cuota de pantalla y 414.000 espectadores<\/strong>, datos de audiencia que le sit\u00faan por debajo de la competencia.\n    <\/p>\n<p class=\"article-text\">\n        Producido por <strong>Atresmedia <\/strong>en colaboraci\u00f3n con <strong>Cuarzo Producciones<\/strong> y dirigido por<strong> Susana Moreno<\/strong>, el programa ampl\u00eda su apuesta \u201cpor una sobremesa abierta y distendida\u201d en la que tendr\u00e1n cabida todo tipo de temas: desde la actualidad social y pol\u00edtica hasta la salud, la nostalgia, la ciencia, la econom\u00eda o las historias m\u00e1s curiosas.\n    <\/p>\n<p class=\"article-text\">\n        Ante un curso especialmente intenso, La Roca reforzar\u00e1 el an\u00e1lisis de la actualidad pol\u00edtica con las incorporaciones de <strong>Carmen Morodo<\/strong> (subdirectora del peri\u00f3dico La Raz\u00f3n) y <strong>Susana D\u00edaz<\/strong> (expresidenta socialista de Andaluc\u00eda), que se suman a un plantel de colaboradores formado por <strong>Tania S\u00e1nchez, Ana Isabel Mart\u00edn, Fernando Garea, Carlos E. Cu\u00e9, Juan de Dios Colmenero, Pilar Velasco, Juanma Lamet, Manuel Mostaza, Carolina Bescansa, Elizabeth Duval, Andrea Levy, Benjam\u00edn Prado y Edu Gal\u00e1n<\/strong>.\n    <\/p>\n<p class=\"article-text\">\n        El espacio mantendr\u00e1 as\u00ed su apuesta por la pluralidad, el rigor informativo y el respeto en el debate, con una mesa integrada por periodistas y expol\u00edticos a la que se sumar\u00e1n, como es habitual, especialistas en los asuntos abordados, entre ellos soci\u00f3logos, polit\u00f3logos, el cient\u00edfico <strong>Ricardo Moure<\/strong>, el magistrado <strong>Joaquim Bosch<\/strong>, analistas internacionales, el economista <strong>Jos\u00e9 Mar\u00eda Camarero<\/strong> y el experto en verificaci\u00f3n de datos es <strong>Jes\u00fas Espinosa<\/strong> (de Newtral).\n    <\/p>\n<p class=\"article-text\">\n        El programa incorporar\u00e1 m\u00e1s espacio para el an\u00e1lisis y la reflexi\u00f3n sobre los grandes cambios de la sociedad espa\u00f1ola de la mano del soci\u00f3logo <strong>Ignacio Urquizu<\/strong>, que estrena secci\u00f3n propia para responder a preguntas como: \u00bfOpin\u00e1bamos lo mismo sobre vivienda, inmigraci\u00f3n, situaci\u00f3n econ\u00f3mica o incluso sexualidad que a d\u00eda de hoy? \u00bfHa cambiado la perspectiva, las circunstancias o la sociedad en general? \u00bfCu\u00e1les son las causas? El espacio tratar\u00e1 de comparar la radiograf\u00eda social de hace 20 a\u00f1os con la actual para profundizar en la evoluci\u00f3n, o involuci\u00f3n, experimentada durante estas dos d\u00e9cadas.\n    <\/p>\n<p class=\"article-text\">\n        La Roca tambi\u00e9n seguir\u00e1 mirando al pasado con <strong>Bernat Barrachina<\/strong> y su secci\u00f3n de nostalgia, que volver\u00e1 a bucear en los archivos de la televisi\u00f3n para descubrir c\u00f3mo eran nuestros famosos hace veinte a\u00f1os, recordar sus mejores historias y comprobar cu\u00e1nto han cambiado desde entonces. La salud y el bienestar tambi\u00e9n ganar\u00e1n protagonismo esta temporada.\n    <\/p>\n<p>    <a href=\"https:\/\/www.eldiario.es\/vertele\/noticias\/de-lunes-a-viernes-ultimo-programa-final-telecinco-despide-amor-verano-cede-puesto-nuevas-ofertas_1_13489393.html\" data-mrf-recirculation=\"saber-mas-abajo\" data-dl-event=\"saber-mas-abajo\" rel=\"nofollow noopener\" target=\"_blank\"><\/p>\n<p class=\"know-more__title\">&#8216;De lunes a viernes&#8217; se despide de Telecinco como un \u201cintenso amor de verano\u201d que cede su puesto a nuevas ofertas<\/p>\n<p>            <img decoding=\"async\" class=\"lazy\" loading=\"lazy\" data-src=\"https:\/\/static.eldiario.es\/clip\/81a673f2-55bc-4df3-a2ac-8f5d40e289eb_16-9-aspect-ratio_default_0.jpg\" src=\"data:image\/svg+xml,%3Csvg xmlns=\" http:=\"\" viewbox=\"0 0 880 495\" alt=\"'De lunes a viernes' se despide de Telecinco como un &quot;intenso amor de verano&quot; que cede su puesto a nuevas ofertas\"\/><\/p>\n<p>                        <\/a><\/p>\n<p class=\"article-text\">\n        El experto en nutrici\u00f3n <strong>Pablo Ojeda<\/strong> visitar\u00e1 el plat\u00f3 para resolver las dudas m\u00e1s frecuentes sobre alimentaci\u00f3n y ofrecer recomendaciones relacionadas con los h\u00e1bitos saludables, el deporte y el bienestar. Por su parte, <strong>Juan del Val, Bernat Barrachina, Sara Ramos, Marta Critikian, Cristina Plaza, Pilar Vidal, Valeria Vegas y Nacho Garc\u00eda<\/strong> seguir\u00e1n brindando grandes momentos en la mesa de entretenimiento.\n    <\/p>\n","protected":false},"excerpt":{"rendered":"La sexta temporada de La Roca se estrenar\u00e1 este s\u00e1bado 5 de septiembre en laSexta a las 15:30&hellip;\n","protected":false},"author":2,"featured_media":749204,"comment_status":"","ping_status":"","sticky":false,"template":"","format":"standard","meta":{"footnotes":""},"categories":[171],"tags":[4166,779,146,147,25,24,1750,1783,5622,795,5024,952,1048,23,32650,1152,214],"class_list":["post-749203","post","type-post","status-publish","format-standard","has-post-thumbnail","category-tv","tag-colaboradores","tag-diaz","tag-entertainment","tag-entretenimiento","tag-es","tag-espana","tag-ficha","tag-la","tag-lasexta","tag-nueva","tag-nuevos","tag-politica","tag-roca","tag-spain","tag-susana","tag-temporada","tag-tv"],"share_on_mastodon":{"url":"https:\/\/pubeurope.com\/@es\/117218429605457316","error":""},"_links":{"self":[{"href":"https:\/\/www.europesays.com\/es\/wp-json\/wp\/v2\/posts\/749203","targetHints":{"allow":["GET"]}}],"collection":[{"href":"https:\/\/www.europesays.com\/es\/wp-json\/wp\/v2\/posts"}],"about":[{"href":"https:\/\/www.europesays.com\/es\/wp-json\/wp\/v2\/types\/post"}],"author":[{"embeddable":true,"href":"https:\/\/www.europesays.com\/es\/wp-json\/wp\/v2\/users\/2"}],"replies":[{"embeddable":true,"href":"https:\/\/www.europesays.com\/es\/wp-json\/wp\/v2\/comments?post=749203"}],"version-history":[{"count":0,"href":"https:\/\/www.europesays.com\/es\/wp-json\/wp\/v2\/posts\/749203\/revisions"}],"wp:featuredmedia":[{"embeddable":true,"href":"https:\/\/www.europesays.com\/es\/wp-json\/wp\/v2\/media\/749204"}],"wp:attachment":[{"href":"https:\/\/www.europesays.com\/es\/wp-json\/wp\/v2\/media?parent=749203"}],"wp:term":[{"taxonomy":"category","embeddable":true,"href":"https:\/\/www.europesays.com\/es\/wp-json\/wp\/v2\/categories?post=749203"},{"taxonomy":"post_tag","embeddable":true,"href":"https:\/\/www.europesays.com\/es\/wp-json\/wp\/v2\/tags?post=749203"}],"curies":[{"name":"wp","href":"https:\/\/api.w.org\/{rel}","templated":true}]}}