{"id":749227,"date":"2026-09-05T12:45:21","date_gmt":"2026-09-05T12:45:21","guid":{"rendered":"https:\/\/www.europesays.com\/es\/749227\/"},"modified":"2026-09-05T12:45:21","modified_gmt":"2026-09-05T12:45:21","slug":"el-caceres-pone-a-prueba-su-renovado-proyecto-en-badajoz","status":"publish","type":"post","link":"https:\/\/www.europesays.com\/es\/749227\/","title":{"rendered":"El C\u00e1ceres pone a prueba su renovado proyecto en Badajoz"},"content":{"rendered":"<p class=\"ft-text\">El <strong>C\u00e1ceres Patrimonio de la Humanidad<\/strong> disputa este s\u00e1bado su primer amistoso de la pretemporada. El equipo de <strong>Jacinto Carbajal<\/strong> se enfrentar\u00e1 al <strong>Baloncesto Badajoz a<\/strong> las <strong>18.30 horas<\/strong> en el <strong>Polideportivo Municipal Las Palmeras<\/strong>, con <strong>entrada gratuita<\/strong>.<\/p>\n<p class=\"ft-text\">La cita ofrecer\u00e1 la primera oportunidad de comprobar la evoluci\u00f3n de un proyecto renovado que apenas lleva unas semanas de trabajo. El <strong>C\u00e1ceres<\/strong>, que volver\u00e1 a competir en <strong>Segunda FEB<\/strong>, parte como rival de superior categor\u00eda ante un Baloncesto Badajoz que prepara su regreso a <strong>Tercera FEB.<\/strong><\/p>\n<p class=\"ft-text\">M\u00e1s all\u00e1 del resultado, el encuentro servir\u00e1 para acumular minutos, avanzar en la adaptaci\u00f3n de los reci\u00e9n llegados y construir la qu\u00edmica de una plantilla con mayor profundidad. La direcci\u00f3n deportiva considera que dispone de once jugadores preparados para participar y casi dos opciones por posici\u00f3n.<\/p>\n<p class=\"ft-text\">Entre los fichajes aparecen James Potier y Antonio Burgos, mientras que el capit\u00e1n Albert Lafuente ejercer\u00e1 de referencia en la integraci\u00f3n del plantel y la asimilaci\u00f3n de la filosof\u00eda de Carbajal.<\/p>\n<p class=\"ft-text\">El calendario verdinegro continuar\u00e1 el mi\u00e9rcoles 9 con la primera cita ante su afici\u00f3n.<a class=\"ft-link ft-link--decoration\" href=\"https:\/\/www.elperiodicoextremadura.com\/deportes\/2026\/09\/03\/caceres-baloncesto-chipi-multiusos-malogrado-133910259.html\" target=\"_blank\" rel=\"nofollow noopener\"> El Multiusos acoger\u00e1 a las 19.45 horas el Trofeo C\u00e1ceres Patrimonio de la Humanidad, convertido en el primer Memorial Lorenzo D\u00edaz \u2018Chipi\u2019, frente al Coto C\u00f3rdoba.<\/a><\/p>\n","protected":false},"excerpt":{"rendered":"El C\u00e1ceres Patrimonio de la Humanidad disputa este s\u00e1bado su primer amistoso de la pretemporada. El equipo de&hellip;\n","protected":false},"author":2,"featured_media":749228,"comment_status":"","ping_status":"","sticky":false,"template":"","format":"standard","meta":{"footnotes":""},"categories":[269],"tags":[3331,7235,299,298,3975,3976,168,25,24,23,167],"class_list":["post-749227","post","type-post","status-publish","format-standard","has-post-thumbnail","category-baloncesto","tag-amistoso","tag-badajoz","tag-baloncesto","tag-basketball","tag-caceres","tag-caceres-basket","tag-deportes","tag-es","tag-espana","tag-spain","tag-sports"],"share_on_mastodon":{"url":"https:\/\/pubeurope.com\/@es\/117218504159096511","error":""},"_links":{"self":[{"href":"https:\/\/www.europesays.com\/es\/wp-json\/wp\/v2\/posts\/749227","targetHints":{"allow":["GET"]}}],"collection":[{"href":"https:\/\/www.europesays.com\/es\/wp-json\/wp\/v2\/posts"}],"about":[{"href":"https:\/\/www.europesays.com\/es\/wp-json\/wp\/v2\/types\/post"}],"author":[{"embeddable":true,"href":"https:\/\/www.europesays.com\/es\/wp-json\/wp\/v2\/users\/2"}],"replies":[{"embeddable":true,"href":"https:\/\/www.europesays.com\/es\/wp-json\/wp\/v2\/comments?post=749227"}],"version-history":[{"count":0,"href":"https:\/\/www.europesays.com\/es\/wp-json\/wp\/v2\/posts\/749227\/revisions"}],"wp:featuredmedia":[{"embeddable":true,"href":"https:\/\/www.europesays.com\/es\/wp-json\/wp\/v2\/media\/749228"}],"wp:attachment":[{"href":"https:\/\/www.europesays.com\/es\/wp-json\/wp\/v2\/media?parent=749227"}],"wp:term":[{"taxonomy":"category","embeddable":true,"href":"https:\/\/www.europesays.com\/es\/wp-json\/wp\/v2\/categories?post=749227"},{"taxonomy":"post_tag","embeddable":true,"href":"https:\/\/www.europesays.com\/es\/wp-json\/wp\/v2\/tags?post=749227"}],"curies":[{"name":"wp","href":"https:\/\/api.w.org\/{rel}","templated":true}]}}