{"id":749275,"date":"2026-09-05T13:26:13","date_gmt":"2026-09-05T13:26:13","guid":{"rendered":"https:\/\/www.europesays.com\/es\/749275\/"},"modified":"2026-09-05T13:26:13","modified_gmt":"2026-09-05T13:26:13","slug":"el-papa-recibe-en-audiencia-al-presidente-de-letonia","status":"publish","type":"post","link":"https:\/\/www.europesays.com\/es\/749275\/","title":{"rendered":"El Papa recibe en audiencia al presidente de Letonia"},"content":{"rendered":"<p>Edgar Rink\u0113vi\u010ds fue recibido esta ma\u00f1ana en el Palacio Apost\u00f3lico Vaticano. Las conversaciones en la Secretar\u00eda de Estado se centraron en asuntos nacionales e internacionales, en particular, el conflicto en Ucrania y la necesidad de un mayor compromiso de la comunidad internacional con la paz.&#13;\n<\/p>\n<p>Vatican News<\/p>\n<p>Esta ma\u00f1ana, 4 de septiembre, el Presidente de la Rep\u00fablica de Letonia, Edgars Rink\u0113vi\u010ds, fue recibido en audiencia por el Papa Le\u00f3n XIV en el Palacio Apost\u00f3lico Vaticano. Posteriormente, en la Secretar\u00eda de Estado, el Presidente se reuni\u00f3 con el Cardenal Secretario de Estado Pietro Parolin, acompa\u00f1ado por Monse\u00f1or Paul Richard Gallagher, Secretario para las Relaciones con los Estados y las Organizaciones Internacionales.<\/p>\n<p>    <img decoding=\"async\" src=\"data:image\/gif;base64,R0lGODlhAQABAIAAAAAAAP\/\/\/yH5BAEAAAAALAAAAAABAAEAAAIBRAA7\" data-original=\"https:\/\/www.vaticannews.va\/content\/dam\/vaticannews\/agenzie\/images\/srv\/2026\/09\/04\/2026-09-04-s-e--il-signor-edgars-rinkevics--presidente-della-rep\/1788510912091.JPG\/_jcr_content\/renditions\/cq5dam.thumbnail.cropped.750.422.jpeg\" alt=\" El presidente let\u00f3n Rink\u0113vi\u010ds y su delegaci\u00f3n se re\u00fanen con el Papa \" title=\" El presidente let\u00f3n Rink\u0113vi\u010ds y su delegaci\u00f3n se re\u00fanen con el Papa \"\/><\/p>\n<p>\n    El presidente let\u00f3n Rink\u0113vi\u010ds y su delegaci\u00f3n se re\u00fanen con el Papa \u00a0 (@VATICAN MEDIA)\n  <\/p>\n<p>Las conversaciones en la Secretar\u00eda de Estado <\/p>\n<p>Seg\u00fan un comunicado de la Oficina de Prensa de la Santa Sede, \u00abdurante las cordiales conversaciones mantenidas en la Secretar\u00eda de Estado, se expres\u00f3 satisfacci\u00f3n por las buenas relaciones entre la Santa Sede y la Rep\u00fablica de Letonia\u00bb. \u00abDurante la continuaci\u00f3n de las conversaciones\u00bb, a\u00f1ade el comunicado, \u00abse abordaron temas de inter\u00e9s mutuo, tanto a nivel internacional como regional, con especial referencia al conflicto en curso en Ucrania, reafirmando la necesidad de un mayor compromiso por parte de la comunidad internacional para promover soluciones pac\u00edficas\u00bb.<\/p>\n","protected":false},"excerpt":{"rendered":"Edgar Rink\u0113vi\u010ds fue recibido esta ma\u00f1ana en el Palacio Apost\u00f3lico Vaticano. Las conversaciones en la Secretar\u00eda de Estado&hellip;\n","protected":false},"author":2,"featured_media":749276,"comment_status":"","ping_status":"","sticky":false,"template":"","format":"standard","meta":{"footnotes":""},"categories":[42],"tags":[2509,17,18,700,13,14,69,11,61,62,63,64,19,20,7861,9,10,15,16,400,11506,28794,12,21,22,403,65,66,67],"class_list":["post-749275","post","type-post","status-publish","format-standard","has-post-thumbnail","category-internacional","tag-audiencias","tag-breaking-news","tag-breakingnews","tag-europa","tag-featured-news","tag-featurednews","tag-guerra","tag-headlines","tag-internacional","tag-international","tag-international-news","tag-internationalnews","tag-latest-news","tag-latestnews","tag-letonia","tag-news","tag-noticias","tag-noticias-destacadas","tag-noticiasdestacadas","tag-papa-leon-xiv","tag-paz","tag-secretaria-de-estado","tag-titulares","tag-ultimas-noticias","tag-ultimasnoticias","tag-vaticano","tag-world","tag-world-news","tag-worldnews"],"share_on_mastodon":{"url":"https:\/\/pubeurope.com\/@es\/117218666180059568","error":""},"_links":{"self":[{"href":"https:\/\/www.europesays.com\/es\/wp-json\/wp\/v2\/posts\/749275","targetHints":{"allow":["GET"]}}],"collection":[{"href":"https:\/\/www.europesays.com\/es\/wp-json\/wp\/v2\/posts"}],"about":[{"href":"https:\/\/www.europesays.com\/es\/wp-json\/wp\/v2\/types\/post"}],"author":[{"embeddable":true,"href":"https:\/\/www.europesays.com\/es\/wp-json\/wp\/v2\/users\/2"}],"replies":[{"embeddable":true,"href":"https:\/\/www.europesays.com\/es\/wp-json\/wp\/v2\/comments?post=749275"}],"version-history":[{"count":0,"href":"https:\/\/www.europesays.com\/es\/wp-json\/wp\/v2\/posts\/749275\/revisions"}],"wp:featuredmedia":[{"embeddable":true,"href":"https:\/\/www.europesays.com\/es\/wp-json\/wp\/v2\/media\/749276"}],"wp:attachment":[{"href":"https:\/\/www.europesays.com\/es\/wp-json\/wp\/v2\/media?parent=749275"}],"wp:term":[{"taxonomy":"category","embeddable":true,"href":"https:\/\/www.europesays.com\/es\/wp-json\/wp\/v2\/categories?post=749275"},{"taxonomy":"post_tag","embeddable":true,"href":"https:\/\/www.europesays.com\/es\/wp-json\/wp\/v2\/tags?post=749275"}],"curies":[{"name":"wp","href":"https:\/\/api.w.org\/{rel}","templated":true}]}}