{"id":749283,"date":"2026-09-05T13:36:17","date_gmt":"2026-09-05T13:36:17","guid":{"rendered":"https:\/\/www.europesays.com\/es\/749283\/"},"modified":"2026-09-05T13:36:17","modified_gmt":"2026-09-05T13:36:17","slug":"el-barca-define-sus-dorsales-y-nuevos-capitanes-para-la-temporada","status":"publish","type":"post","link":"https:\/\/www.europesays.com\/es\/749283\/","title":{"rendered":"El Bar\u00e7a define sus dorsales y nuevos capitanes para la temporada"},"content":{"rendered":"<p data-gtm-element-container=\"modulo-texto-link\" class=\"paragraph\"><a href=\"https:\/\/www.mundodeportivo.com\/baloncesto\/acb\/20260902\/1004222645\/encamp-punto-partida-nuevo-barca.html\" target=\"_blank\" rel=\"nofollow noopener\">El <strong>Bar\u00e7a <\/strong>sigue entren\u00e1ndose en Encamp<\/a>, donde el equipo azulgrana est\u00e1 aprovechando estos d\u00edas para establecer las primeras din\u00e1micas de convivencia y ejercitarse con unas temperaturas m\u00e1s agradables que en Barcelona. El club, que disputar\u00e1 este domingo (12:30 horas) su primer amistoso ante el MoraBanc <strong>Andorra<\/strong>, ha definido los dorsales para esta pr\u00f3xima temporada y tambi\u00e9n sus nuevos capitanes.<\/p>\n<p data-gtm-element-container=\"modulo-texto-link\" class=\"paragraph\"><strong>Kevin Punter<\/strong> es el nuevo capit\u00e1n del Bar\u00e7a para la temporada 2026\/27, acompa\u00f1ado por <strong>Joel Parra<\/strong>, <strong>Dar\u00edo Brizuela<\/strong> y <strong>Juan N\u00fa\u00f1ez<\/strong>. El escolta estadounidense toma el relevo de Tomas Satoransky en su tercera temporada en el Palau <strong>Blaugrana <\/strong>y asume por primera vez el liderazgo del vestuario azulgrana.<\/p>\n<p><img decoding=\"async\" loading=\"lazy\" alt=\"Punter, capit\u00e1n del Bar\u00e7a, acompa\u00f1ado de Parra y Brizuela\" width=\"449\" height=\"253\" src=\"https:\/\/imagenes2.mundodeportivo.com\/files\/image_449_253\/files\/fp\/uploads\/2026\/09\/05\/6a9c0a4c9ab8f.r_d.1043-544-3368.jpeg\" data-full-src=\"https:\/\/www.europesays.com\/es\/wp-content\/uploads\/2026\/09\/6a9c0a4c9ab8f.jpeg\"\/>Punter, capit\u00e1n del Bar\u00e7a, acompa\u00f1ado de Parra y BrizuelaFC Barcelona<\/p>\n<p data-gtm-element-container=\"modulo-texto-link\" class=\"paragraph\">\u00abPara m\u00ed, <strong>es un honor ser capit\u00e1n del Bar\u00e7a<\/strong>. No es muy habitual, especialmente en el caso de los jugadores extranjeros. Cuando el entrenador me hizo la propuesta, lo acept\u00e9\u00bb, explic\u00f3 el neoyorquino, un jugador muy respetado dentro y fuera del vestuario. \u00abNo me gusta decir a mis compa\u00f1eros qu\u00e9 deben hacer, no soy as\u00ed, <strong>prefiero liderar con el ejemplo<\/strong>\u00ab, a\u00f1adi\u00f3.<\/p>\n<p data-gtm-element-container=\"modulo-texto-link\" class=\"paragraph\">Asimismo, el <strong>Bar\u00e7a <\/strong>comparti\u00f3 los dorsales de los 15 jugadores que tendr\u00e1 a su disposici\u00f3n Aleksander <strong>Sekulic<\/strong>. <strong>Punter<\/strong>, <strong>Brizuela<\/strong>, <strong>N\u00fa\u00f1ez <\/strong>y <strong>Parra<\/strong>, los \u00fanicos jugadores que se mantienen en la plantilla respecto al curso pasado, contin\u00faan con los mismos n\u00fameros.<\/p>\n","protected":false},"excerpt":{"rendered":"El Bar\u00e7a sigue entren\u00e1ndose en Encamp, donde el equipo azulgrana est\u00e1 aprovechando estos d\u00edas para establecer las primeras&hellip;\n","protected":false},"author":2,"featured_media":749284,"comment_status":"","ping_status":"","sticky":false,"template":"","format":"standard","meta":{"footnotes":""},"categories":[269],"tags":[299,298,168,25,24,23,167],"class_list":["post-749283","post","type-post","status-publish","format-standard","has-post-thumbnail","category-baloncesto","tag-baloncesto","tag-basketball","tag-deportes","tag-es","tag-espana","tag-spain","tag-sports"],"share_on_mastodon":{"url":"https:\/\/pubeurope.com\/@es\/117218705490287895","error":""},"_links":{"self":[{"href":"https:\/\/www.europesays.com\/es\/wp-json\/wp\/v2\/posts\/749283","targetHints":{"allow":["GET"]}}],"collection":[{"href":"https:\/\/www.europesays.com\/es\/wp-json\/wp\/v2\/posts"}],"about":[{"href":"https:\/\/www.europesays.com\/es\/wp-json\/wp\/v2\/types\/post"}],"author":[{"embeddable":true,"href":"https:\/\/www.europesays.com\/es\/wp-json\/wp\/v2\/users\/2"}],"replies":[{"embeddable":true,"href":"https:\/\/www.europesays.com\/es\/wp-json\/wp\/v2\/comments?post=749283"}],"version-history":[{"count":0,"href":"https:\/\/www.europesays.com\/es\/wp-json\/wp\/v2\/posts\/749283\/revisions"}],"wp:featuredmedia":[{"embeddable":true,"href":"https:\/\/www.europesays.com\/es\/wp-json\/wp\/v2\/media\/749284"}],"wp:attachment":[{"href":"https:\/\/www.europesays.com\/es\/wp-json\/wp\/v2\/media?parent=749283"}],"wp:term":[{"taxonomy":"category","embeddable":true,"href":"https:\/\/www.europesays.com\/es\/wp-json\/wp\/v2\/categories?post=749283"},{"taxonomy":"post_tag","embeddable":true,"href":"https:\/\/www.europesays.com\/es\/wp-json\/wp\/v2\/tags?post=749283"}],"curies":[{"name":"wp","href":"https:\/\/api.w.org\/{rel}","templated":true}]}}