{"id":749311,"date":"2026-09-05T14:01:10","date_gmt":"2026-09-05T14:01:10","guid":{"rendered":"https:\/\/www.europesays.com\/es\/749311\/"},"modified":"2026-09-05T14:01:10","modified_gmt":"2026-09-05T14:01:10","slug":"espana-acuso-jugar-dos-partidos-con-solo-16-horas-entre-medias-los-horarios-no-han-ayudado","status":"publish","type":"post","link":"https:\/\/www.europesays.com\/es\/749311\/","title":{"rendered":"Espa\u00f1a acus\u00f3 jugar dos partidos con s\u00f3lo 16 horas entre medias: \u00abLos horarios no han ayudado\u00bb"},"content":{"rendered":"<p data-mrf-recirculation=\"Links P\u00e1rrafos\" class=\"ue-c-article__paragraph paragraph ue-c-article--first-letter-highlighted\">Ninguna de las jugadoras espa\u00f1olas que pas\u00f3 por zona mixta quiso ponerlo como excusa, pero <strong>la falta de descanso sali\u00f3 en las conversaciones<\/strong>. La selecci\u00f3n <strong>acab\u00f3 su primer partido este viernes al filo de las 19.30 y arranc\u00f3 el segundo este s\u00e1bado a las 11.30. Menos de 16 horas entre el final de uno y el salto inicial de otro<\/strong>. Apenas 12 horas para poder descansar y poder prepararlo.<\/p>\n<p data-mrf-recirculation=\"Links P\u00e1rrafos\" class=\"ue-c-article__paragraph paragraph\"><strong>\u00abEl partido lo hemos perdido nosotras y no lo quiero usar como excusa<\/strong> porque ellas han hecho un partidazo, pero <strong>haber jugado ayer tarde y ser las primeras en jugar hoy, no nos ha ayudado\u00bb, dec\u00eda Alicia Fl\u00f3rez<\/strong>, que reconoc\u00eda los errores de la selecci\u00f3n: \u00abNos han le\u00eddo bien el partido, nos ha castigado el balance y nos han metido muchos triples en el tercer cuarto. <strong>Lo hemos perdido en defensa\u00bb<\/strong>.<\/p>\n<blockquote class=\"ue-c-article__blockquote\">\n<p>No es una excusa, pero no hemos tenido descanso. Se notan en las piernas, pero ese no es el motivo principal de la derrota<\/p>\n<p>Iyana Mart\u00edn, base de la selecci\u00f3n<\/p><\/blockquote>\n<p data-mrf-recirculation=\"Links P\u00e1rrafos\" class=\"ue-c-article__paragraph paragraph\"><strong>Mariona Ortiz<\/strong>, una de las veteranas de la selecci\u00f3n, consideraba que <strong>\u00ablos horarios no ayudan. No hemos tenido ese punto f\u00edsico\u00bb<\/strong>. Acabado el primer partido, las internacionales atendieron a los medios, se fueron al hotel, cenaron nada m\u00e1s llegar, comenzaron los tratamientos de fisioterapia y se fueron a dormir. De 7.30 a 8.30 fue el desayuno, despu\u00e9s ten\u00edan sesi\u00f3n de v\u00eddeo y a las 9.30 se subieron al autob\u00fas para marchar al pabell\u00f3n. <strong>Dif\u00edcil descansar<\/strong>.<\/p>\n<p data-mrf-recirculation=\"Links P\u00e1rrafos\" class=\"ue-c-article__paragraph paragraph\"><strong>\u00abNo es una excusa, pero no hemos tenido descanso. Se notan en las piernas, pero ese no es el motivo principal de la derrota<\/strong>. Sabemos que no hemos estado a la altura f\u00edsica que requer\u00eda el partido y no hemos sabido parar sus contraataques\u00bb, analizaba <strong>Iyana Mart\u00edn<\/strong> tras la derrota.<\/p>\n","protected":false},"excerpt":{"rendered":"Ninguna de las jugadoras espa\u00f1olas que pas\u00f3 por zona mixta quiso ponerlo como excusa, pero la falta de&hellip;\n","protected":false},"author":2,"featured_media":749312,"comment_status":"","ping_status":"","sticky":false,"template":"","format":"standard","meta":{"footnotes":""},"categories":[269],"tags":[299,298,168,25,24,23,167],"class_list":["post-749311","post","type-post","status-publish","format-standard","has-post-thumbnail","category-baloncesto","tag-baloncesto","tag-basketball","tag-deportes","tag-es","tag-espana","tag-spain","tag-sports"],"share_on_mastodon":{"url":"https:\/\/pubeurope.com\/@es\/117218803040202278","error":""},"_links":{"self":[{"href":"https:\/\/www.europesays.com\/es\/wp-json\/wp\/v2\/posts\/749311","targetHints":{"allow":["GET"]}}],"collection":[{"href":"https:\/\/www.europesays.com\/es\/wp-json\/wp\/v2\/posts"}],"about":[{"href":"https:\/\/www.europesays.com\/es\/wp-json\/wp\/v2\/types\/post"}],"author":[{"embeddable":true,"href":"https:\/\/www.europesays.com\/es\/wp-json\/wp\/v2\/users\/2"}],"replies":[{"embeddable":true,"href":"https:\/\/www.europesays.com\/es\/wp-json\/wp\/v2\/comments?post=749311"}],"version-history":[{"count":0,"href":"https:\/\/www.europesays.com\/es\/wp-json\/wp\/v2\/posts\/749311\/revisions"}],"wp:featuredmedia":[{"embeddable":true,"href":"https:\/\/www.europesays.com\/es\/wp-json\/wp\/v2\/media\/749312"}],"wp:attachment":[{"href":"https:\/\/www.europesays.com\/es\/wp-json\/wp\/v2\/media?parent=749311"}],"wp:term":[{"taxonomy":"category","embeddable":true,"href":"https:\/\/www.europesays.com\/es\/wp-json\/wp\/v2\/categories?post=749311"},{"taxonomy":"post_tag","embeddable":true,"href":"https:\/\/www.europesays.com\/es\/wp-json\/wp\/v2\/tags?post=749311"}],"curies":[{"name":"wp","href":"https:\/\/api.w.org\/{rel}","templated":true}]}}