{"id":749313,"date":"2026-09-05T14:02:11","date_gmt":"2026-09-05T14:02:11","guid":{"rendered":"https:\/\/www.europesays.com\/es\/749313\/"},"modified":"2026-09-05T14:02:11","modified_gmt":"2026-09-05T14:02:11","slug":"el-salto-economico-de-luis-enrique-en-el-psg","status":"publish","type":"post","link":"https:\/\/www.europesays.com\/es\/749313\/","title":{"rendered":"El salto econ\u00f3mico de Luis Enrique en el PSG"},"content":{"rendered":"<p class=\"ft-text\"><a class=\"ft-link ft-link--decoration\" href=\"https:\/\/www.sport.es\/es\/noticias\/futbol-internacional\/psg\/psg-blinda-proyecto-luis-enrique-133967404\" rel=\"nofollow noopener\" target=\"_blank\"><strong>Luis Enrique seguir\u00e1 al frente del Paris Saint-Germain hasta 2030<\/strong><\/a><strong>.<\/strong> El club parisino anunci\u00f3 este viernes la renovaci\u00f3n de su entrenador, una noticia que llega despu\u00e9s de que ambas partes hubieran alcanzado <strong>un acuerdo negociado desde hace meses atr\u00e1s y que confirma la apuesta del conjunto parisino por el t\u00e9cnico asturiano.<\/strong><\/p>\n<p class=\"ft-text\"><strong>La decisi\u00f3n se entiende a partir de los resultados.<\/strong> Desde su llegada al PSG en 2023, Luis Enrique ha cambiado la historia reciente del club franc\u00e9s y se ha convertido en el entrenador m\u00e1s laureado de su historia, con 13 t\u00edtulos conquistados. <strong>Entre ellos figuran tres Ligue 1, dos Copas de Francia y, sobre todo, las dos primeras Champions de la entidad, adem\u00e1s de otros trofeos nacionales e internacionales.<\/strong><\/p>\n<p><img decoding=\"async\" src=\"https:\/\/www.europesays.com\/es\/wp-content\/uploads\/2026\/09\/a2750565-c39e-4090-8fb9-dae92b1e825b_alta-libre-aspect-ratio_default_0_x600y225.jpg\" width=\"1200\" height=\"675\" alt=\"Luis Enrique y Luis Campos ha hecho muy buenas migas en Par\u00eds\" class=\"ft-helper-img-rd\" loading=\"lazy\" fetchpriority=\"auto\"\/><\/p>\n<p class=\"ft-helper-fontColor-quaternary ft-helper-fontSize-body-S ft-helper-spacer-t-xxs\">Luis Enrique y Luis Campos ha hecho muy buenas migas en Par\u00eds  \/ EFE<\/p>\n<p class=\"ft-text\">La \u00faltima temporada fue especialmente extraordinaria. <strong>El PSG volvi\u00f3 a proclamarse campe\u00f3n de Francia por quinta vez consecutiva y conquist\u00f3 de nuevo la Champions, convirti\u00e9ndose en bicampe\u00f3n de Europa.<\/strong> <\/p>\n<p class=\"ft-text\">Pero la renovaci\u00f3n no pudo tener un estreno perfecto. <a class=\"ft-link ft-link--decoration\" href=\"https:\/\/www.sport.es\/es\/noticias\/futbol-internacional\/ferran-torres-celebra-renovacion-luis-133966103\" rel=\"nofollow noopener\" target=\"_blank\">Apenas unas horas despu\u00e9s de hacerla oficial, el PSG cay\u00f3 ante el M\u00f3naco (1-2) en el Parque de los Pr\u00edncipes.<\/a> El equipo todav\u00eda no conoce la victoria en la Ligue 1. <strong>Hab\u00eda empatado sus dos primeros encuentros, ante Rennes y Lille, y volvi\u00f3 a tropezar en la tercera jornada. <\/strong>Un arranque inesperado para el vigente campe\u00f3n de Francia y de Europa.<\/p>\n<p>El nuevo contrato de Luis Enrique<\/p>\n<p class=\"ft-text\">Eso no parece haber hecho cambiar de opini\u00f3n al PSG. Y tampoco a la hora de pagar a su entrenador. Seg\u00fan L\u2019\u00c9quipe, <strong>el nuevo contrato elevar\u00e1 la remuneraci\u00f3n de Luis Enrique hasta alrededor de 20 millones de euros brutos por temporada. La cifra supone un salto considerable respecto a su salario actual, estimado por el mismo medio en un mill\u00f3n de euros brutos al mes, unos 12 millones al a\u00f1o.<\/strong><\/p>\n<p class=\"ft-text\">En otras palabras, Luis Enrique pasar\u00eda a ganar unos <strong>ocho millones m\u00e1s por temporada<\/strong>, un enorme incremento. Una subida acorde, seg\u00fan L\u2019\u00c9quipe, al nuevo estatus que ha adquirido el t\u00e9cnico, <strong>al que el presidente Nasser Al-Khela\u00effi considera \u00abel mejor entrenador del mundo\u00bb. <\/strong>Adem\u00e1s, de esta manera, se convierte en uno de los entrenadores mejor pagados del planeta, un reconocimiento m\u00e1s que merecido, pensar\u00e1n muchos aficionados parisinos&#8230;<\/p>\n","protected":false},"excerpt":{"rendered":"Luis Enrique seguir\u00e1 al frente del Paris Saint-Germain hasta 2030. El club parisino anunci\u00f3 este viernes la renovaci\u00f3n&hellip;\n","protected":false},"author":2,"featured_media":749314,"comment_status":"","ping_status":"","sticky":false,"template":"","format":"standard","meta":{"footnotes":""},"categories":[268],"tags":[168,8333,12096,25,24,280,282,7820,10402,4409,1434,281,23,167],"class_list":["post-749313","post","type-post","status-publish","format-standard","has-post-thumbnail","category-futbol","tag-deportes","tag-economico","tag-enrique","tag-es","tag-espana","tag-football","tag-futbol","tag-luis","tag-luis-enrique","tag-psg","tag-salto","tag-soccer","tag-spain","tag-sports"],"share_on_mastodon":{"url":"https:\/\/pubeurope.com\/@es\/117218807685264002","error":""},"_links":{"self":[{"href":"https:\/\/www.europesays.com\/es\/wp-json\/wp\/v2\/posts\/749313","targetHints":{"allow":["GET"]}}],"collection":[{"href":"https:\/\/www.europesays.com\/es\/wp-json\/wp\/v2\/posts"}],"about":[{"href":"https:\/\/www.europesays.com\/es\/wp-json\/wp\/v2\/types\/post"}],"author":[{"embeddable":true,"href":"https:\/\/www.europesays.com\/es\/wp-json\/wp\/v2\/users\/2"}],"replies":[{"embeddable":true,"href":"https:\/\/www.europesays.com\/es\/wp-json\/wp\/v2\/comments?post=749313"}],"version-history":[{"count":0,"href":"https:\/\/www.europesays.com\/es\/wp-json\/wp\/v2\/posts\/749313\/revisions"}],"wp:featuredmedia":[{"embeddable":true,"href":"https:\/\/www.europesays.com\/es\/wp-json\/wp\/v2\/media\/749314"}],"wp:attachment":[{"href":"https:\/\/www.europesays.com\/es\/wp-json\/wp\/v2\/media?parent=749313"}],"wp:term":[{"taxonomy":"category","embeddable":true,"href":"https:\/\/www.europesays.com\/es\/wp-json\/wp\/v2\/categories?post=749313"},{"taxonomy":"post_tag","embeddable":true,"href":"https:\/\/www.europesays.com\/es\/wp-json\/wp\/v2\/tags?post=749313"}],"curies":[{"name":"wp","href":"https:\/\/api.w.org\/{rel}","templated":true}]}}