{"id":749339,"date":"2026-09-05T14:25:15","date_gmt":"2026-09-05T14:25:15","guid":{"rendered":"https:\/\/www.europesays.com\/es\/749339\/"},"modified":"2026-09-05T14:25:15","modified_gmt":"2026-09-05T14:25:15","slug":"la-espana-de-mariona-ortiz-paga-sus-imprecisiones-ante-mali-en-el-mundial","status":"publish","type":"post","link":"https:\/\/www.europesays.com\/es\/749339\/","title":{"rendered":"La Espa\u00f1a de Mariona Ortiz paga sus imprecisiones ante Mali en el Mundial"},"content":{"rendered":"<p class=\"c-paragraph\"><b>La selecci\u00f3n espa\u00f1ola femenina de baloncesto ha perdido este s\u00e1bado ante la de Mali por 82-73<\/b> en la jornada 2 del Grupo A durante la Copa Mundial de la FIBA 2026, que se est\u00e1 disputando en Berl\u00edn, donde el combinado de Espa\u00f1a ha acusado su falta de punter\u00eda y sus pocas horas de descanso tras vencer al anfitri\u00f3n en la sesi\u00f3n del viernes.\u00a0<\/p>\n<p class=\"c-paragraph\">En el Max-Schmeling-Halle de la capital alemana, comenzaron las malienses a un ritmo alto, especialmente al contragolpe. Y eso se uni\u00f3 a varios fallos tempranos de Espa\u00f1a desde el per\u00edmetro, lo que se tradujo en <b>un parcial de 8-0 que dio a Mali una ventaja que creci\u00f3 todav\u00eda m\u00e1s (17-9)<\/b> despu\u00e9s de una canasta de Diana Balayera debajo del aro.\u00a0<\/p>\n<p class=\"c-paragraph\">En la selecci\u00f3n entrenada por Miguel M\u00e9ndez funcionaba poco y qued\u00f3 claro al ver la sequ\u00eda anotadora de Awa Fam, como parte de un quinteto titular que no ve\u00eda el aro. Sali\u00f3 entonces al rescate la profundidad del banquillo espa\u00f1ol, con <b>papel clave de Megan Gustafson tanto en defensa como en ataque. Igualmente Helena Pueyo despert\u00f3 a &#8216;La Familia&#8217;<\/b>. Se apret\u00f3 as\u00ed el marcador al acabar el primer periodo (19-17) y en el comienzo del siguiente la estrategia de Espa\u00f1a fue atacar con varios 1 vs 1 en penetraci\u00f3n, ya que apenas le daba resultados buscar el juego exterior y cargar el poste bajo.\u00a0<\/p>\n<p class=\"c-paragraph\">En esto \u00faltimo <b>Raquel Carrera y Paula Ginzo tambi\u00e9n estaban discretas<\/b>, pero el segundo cuarto lo enmascar\u00f3. Fue un cuarto de brega y de muchos fallos por parte de ambos equipos en el tiro lejano, sin triples espa\u00f1oles hasta llegar al descanso. Eso s\u00ed, el forcejeo y la intensidad valieron para mejorar labores defensivas y alcanzar el minuto 20 por delante en el marcador (32-34).\u00a0<\/p>\n<p>Se rompe la igualdad<\/p>\n<p class=\"c-paragraph\">Iyana Mart\u00edn igualmente hab\u00eda empezado a carburar y se not\u00f3 con canasta vitales. Sin embargo, <b>la igualdad que segu\u00eda a la vuelta de los vestuarios se rompi\u00f3 tras un arre\u00f3n maliense (56-47)<\/b>, canalizado por Rokia Doumbia y culminado con un triple de Djeneba N&#8217;Diaye. Aunque la unidad &#8216;B&#8217; de la selecci\u00f3n espa\u00f1ola aguant\u00f3 un rato gracias a Alicia Fl\u00f3rez y Mariona Ortiz, respondi\u00f3 Mali con aciertos de Sike Kon\u00e9 y un mayor nivel f\u00edsico. Dos tiros libes de Maimouna Haidara abrocharon el tercer periodo en 63-53 y eso obligaba a &#8216;La Familia&#8217; a hallar otros m\u00e9todos para evitar la derrota.\u00a0<\/p>\n<p class=\"c-paragraph\">Pero <b>ni Elena Buenavida, ni Maite Cazorla ni Mar\u00eda Conde se mostraron capaces de modificar una din\u00e1mica perdedora evidente <\/b>en esta cita fundamental para el destino del equipo espa\u00f1ol dentro de su grupo. Alba Torrens ni siquiera tuvo minutos en el parqu\u00e9 y el cuarto cuarto se consumi\u00f3 entre la rabia de Iyana Mart\u00edn y la imagen cariacontecida de Raquel Carrera. Pese a que todo parec\u00eda visto para sentencia porque Mali continuaba produciendo puntos en transici\u00f3n,\u00a0<\/p>\n<p class=\"c-paragraph\">Espa\u00f1a necesitaba achuchar porque el decalaje de puntos es un criterio para desempatar en el grupo. A falta de que se juegue este mismo s\u00e1bado el partido entre Alemania (balance de 0-1) y Jap\u00f3n (balance de 1-0), tanto la selecci\u00f3n maliense como &#8216;La Familia&#8217; lucen un registro de 1-1 y el devenir de este Grupo A parece que estar\u00e1 que arde de cara a su tercera y definitiva jornada.<\/p>\n<p class=\"c-paragraph\"><b>FICHA T\u00c9CNICA:\u00a0<\/b><\/p>\n<p class=\"c-paragraph\"><b>MALI<\/b>: N&#8217;Diaye (19), Doumbia (8), Haidara (8), Kon\u00e9 (19) y Demb\u00e9l\u00e9 (11) &#8211;quinteto inicial&#8211;; A.Sangare (8), D.Sangare (-), Cisse (-), Coulibaly (-), Dabou (1), Balayera (6) y Sanou (2).\u00a0<\/p>\n<p class=\"c-paragraph\"><b>ESPA\u00d1A<\/b>: Mart\u00edn (20), Cazorla (4), Conde (5), Carrera (4) y Fam (4) &#8211;quinteto inicial&#8211;; Ginzo (2), Gustafson (16), Ortiz (6), Buenavida (-), Fl\u00f3rez (8) y Pueyo (4).\u00a0<\/p>\n<p class=\"c-paragraph\"><b>PARCIALES<\/b>: 19-17, 13-17, 31-19 y 19-20.\u00a0<\/p>\n<p class=\"c-paragraph\"><b>\u00c1RBITROS<\/b>: Woolcock (AUS), Husainy (CAN) y Davidson (MAD). Sin eliminadas.<\/p>\n<p class=\"c-paragraph\"><b>PABELL\u00d3N<\/b>: Max-Schmeling-Halle.<\/p>\n","protected":false},"excerpt":{"rendered":"La selecci\u00f3n espa\u00f1ola femenina de baloncesto ha perdido este s\u00e1bado ante la de Mali por 82-73 en la&hellip;\n","protected":false},"author":2,"featured_media":749340,"comment_status":"","ping_status":"","sticky":false,"template":"","format":"standard","meta":{"footnotes":""},"categories":[269],"tags":[299,298,168,25,24,36732,5971,4696,23,167,20899],"class_list":["post-749339","post","type-post","status-publish","format-standard","has-post-thumbnail","category-baloncesto","tag-baloncesto","tag-basketball","tag-deportes","tag-es","tag-espana","tag-mariona","tag-ortiz","tag-paga","tag-spain","tag-sports","tag-sus"],"share_on_mastodon":{"url":"https:\/\/pubeurope.com\/@es\/117218897485693368","error":""},"_links":{"self":[{"href":"https:\/\/www.europesays.com\/es\/wp-json\/wp\/v2\/posts\/749339","targetHints":{"allow":["GET"]}}],"collection":[{"href":"https:\/\/www.europesays.com\/es\/wp-json\/wp\/v2\/posts"}],"about":[{"href":"https:\/\/www.europesays.com\/es\/wp-json\/wp\/v2\/types\/post"}],"author":[{"embeddable":true,"href":"https:\/\/www.europesays.com\/es\/wp-json\/wp\/v2\/users\/2"}],"replies":[{"embeddable":true,"href":"https:\/\/www.europesays.com\/es\/wp-json\/wp\/v2\/comments?post=749339"}],"version-history":[{"count":0,"href":"https:\/\/www.europesays.com\/es\/wp-json\/wp\/v2\/posts\/749339\/revisions"}],"wp:featuredmedia":[{"embeddable":true,"href":"https:\/\/www.europesays.com\/es\/wp-json\/wp\/v2\/media\/749340"}],"wp:attachment":[{"href":"https:\/\/www.europesays.com\/es\/wp-json\/wp\/v2\/media?parent=749339"}],"wp:term":[{"taxonomy":"category","embeddable":true,"href":"https:\/\/www.europesays.com\/es\/wp-json\/wp\/v2\/categories?post=749339"},{"taxonomy":"post_tag","embeddable":true,"href":"https:\/\/www.europesays.com\/es\/wp-json\/wp\/v2\/tags?post=749339"}],"curies":[{"name":"wp","href":"https:\/\/api.w.org\/{rel}","templated":true}]}}