{"id":749345,"date":"2026-09-05T14:31:32","date_gmt":"2026-09-05T14:31:32","guid":{"rendered":"https:\/\/www.europesays.com\/es\/749345\/"},"modified":"2026-09-05T14:31:32","modified_gmt":"2026-09-05T14:31:32","slug":"solo-para-coleccionistas-iron-maiden-celebra-sus-50-anos-con-reediciones-de-lujo","status":"publish","type":"post","link":"https:\/\/www.europesays.com\/es\/749345\/","title":{"rendered":"\u00a1S\u00f3lo para coleccionistas! Iron Maiden celebra sus 50 a\u00f1os con reediciones de lujo"},"content":{"rendered":"<p>La banda brit\u00e1nica prepara una edici\u00f3n especial de Somewhere in Time y una caja con sus primeros nueve discos de estudio.<\/p>\n<p><strong>Iron Maiden<\/strong> sigue festejando su medio siglo de historia y acaba de anunciar dos lanzamientos especiales para los fan\u00e1ticos de la banda.<\/p>\n<p>Por un lado, Somewhere in Time, uno de los discos m\u00e1s importantes de su carrera, tendr\u00e1 una reedici\u00f3n especial. El sexto \u00e1lbum de estudio de <strong>Iron Maiden<\/strong> fue publicado originalmente en 1986 y contiene cl\u00e1sicos como \u201cWasted Years\u201d, \u201cCaught Somewhere in Time\u201d, \u201cStranger in a Strange Land\u201d, \u201cHeaven Can Wait\u201d y \u201cAlexander the Great\u201d.<\/p>\n<p>Esta nueva edici\u00f3n llegar\u00e1 el 4 de diciembre en vinilo color rojo sangre y utilizar\u00e1 la remasterizaci\u00f3n de audio realizada en 2015. Tambi\u00e9n habr\u00e1 una versi\u00f3n exclusiva de Amazon que incluir\u00e1 un p\u00f3ster con la hist\u00f3rica portada del \u00e1lbum.<\/p>\n<p>Pero eso no es todo.<\/p>\n<p>El 11 de diciembre llegar\u00e1 50th Anniversary Studio Album Collection, Part One: 1980\u20131992, una caja que reunir\u00e1 los primeros nueve discos de estudio de <strong>Iron Maiden<\/strong>.<\/p>\n<p>La colecci\u00f3n incluir\u00e1:<\/p>\n<p>* Iron Maiden<br \/>* Killers<br \/>* The Number of the Beast<br \/>* Piece of Mind<br \/>* Powerslave<br \/>* Somewhere in Time<br \/>* Seventh Son of a Seventh Son<br \/>* No Prayer for the Dying<br \/>* Fear of the Dark<\/p>\n<p>Cada \u00e1lbum tendr\u00e1 un color de vinilo diferente y la caja incluir\u00e1 adem\u00e1s un p\u00f3ster conmemorativo.<\/p>\n<p>La elecci\u00f3n de estos nueve discos no es casual: la actual gira <strong>Run For Your Lives<\/strong> est\u00e1 centrada justamente en este per\u00edodo, con el que <strong>Iron Maiden<\/strong> celebra sus cinco d\u00e9cadas de historia y repasa en vivo el material de sus primeros a\u00f1os.<\/p>\n<p>Y hablando de la gira, \u00a1falta menos para volver a encontrarnos! <strong>Iron Maiden<\/strong> vuelve a Buenos Aires el 20 y 21 de octubre en el Estadio Hurac\u00e1n, junto a <strong>La H No Muri\u00f3<\/strong>. La primera fecha ya est\u00e1 agotada y quedan muy pocas entradas disponibles para la segunda.<\/p>\n<p>As\u00ed que, mientras la <strong>Doncella de Hierro<\/strong> sigue festejando medio siglo de historia con discos, vinilos de colores y una gira mundial, <strong>Rock &amp; Pop<\/strong> te invita a vivir el regreso de <strong>Iron Maiden<\/strong> a la Argentina.<\/p>\n<p>Porque 50 a\u00f1os de Iron Maiden se celebran como corresponde: con la m\u00fasica al palo y Eddie presente.<\/p>\n<blockquote class=\"instagram-media\" style=\"background: #FFF; border: 0; border-radius: 3px; box-shadow: 0 0 1px 0 rgba(0,0,0,0.5),0 1px 10px 0 rgba(0,0,0,0.15); margin: 1px; max-width: 540px; min-width: 326px; padding: 0; width: calc(100% - 2px);\" data-instgrm-captioned=\"\" data-instgrm-permalink=\"https:\/\/www.instagram.com\/p\/Dc1dcFxjdSE\/?utm_source=ig_embed&amp;utm_campaign=loading\" data-instgrm-version=\"14\"><p>&#13;<br \/>\n&#13;\n<\/p><\/blockquote>\n<p>\t  <script async src=\"\/\/www.instagram.com\/embed.js\"><\/script><\/p>\n","protected":false},"excerpt":{"rendered":"La banda brit\u00e1nica prepara una edici\u00f3n especial de Somewhere in Time y una caja con sus primeros nueve&hellip;\n","protected":false},"author":2,"featured_media":749346,"comment_status":"","ping_status":"","sticky":false,"template":"","format":"standard","meta":{"footnotes":""},"categories":[170],"tags":[43814,8952,146,147,25,24,1236,16210,477,184,185,26010,23,133159],"class_list":["post-749345","post","type-post","status-publish","format-standard","has-post-thumbnail","category-musica","tag-50-anos","tag-bruce-dickinson","tag-entertainment","tag-entretenimiento","tag-es","tag-espana","tag-gira","tag-huracan","tag-iron-maiden","tag-music","tag-musica","tag-reedicion","tag-spain","tag-vinilos"],"share_on_mastodon":{"url":"https:\/\/pubeurope.com\/@es\/117218921011195143","error":""},"_links":{"self":[{"href":"https:\/\/www.europesays.com\/es\/wp-json\/wp\/v2\/posts\/749345","targetHints":{"allow":["GET"]}}],"collection":[{"href":"https:\/\/www.europesays.com\/es\/wp-json\/wp\/v2\/posts"}],"about":[{"href":"https:\/\/www.europesays.com\/es\/wp-json\/wp\/v2\/types\/post"}],"author":[{"embeddable":true,"href":"https:\/\/www.europesays.com\/es\/wp-json\/wp\/v2\/users\/2"}],"replies":[{"embeddable":true,"href":"https:\/\/www.europesays.com\/es\/wp-json\/wp\/v2\/comments?post=749345"}],"version-history":[{"count":0,"href":"https:\/\/www.europesays.com\/es\/wp-json\/wp\/v2\/posts\/749345\/revisions"}],"wp:featuredmedia":[{"embeddable":true,"href":"https:\/\/www.europesays.com\/es\/wp-json\/wp\/v2\/media\/749346"}],"wp:attachment":[{"href":"https:\/\/www.europesays.com\/es\/wp-json\/wp\/v2\/media?parent=749345"}],"wp:term":[{"taxonomy":"category","embeddable":true,"href":"https:\/\/www.europesays.com\/es\/wp-json\/wp\/v2\/categories?post=749345"},{"taxonomy":"post_tag","embeddable":true,"href":"https:\/\/www.europesays.com\/es\/wp-json\/wp\/v2\/tags?post=749345"}],"curies":[{"name":"wp","href":"https:\/\/api.w.org\/{rel}","templated":true}]}}