{"id":749369,"date":"2026-09-05T14:48:15","date_gmt":"2026-09-05T14:48:15","guid":{"rendered":"https:\/\/www.europesays.com\/es\/749369\/"},"modified":"2026-09-05T14:48:15","modified_gmt":"2026-09-05T14:48:15","slug":"ilerna-lleida-se-exhibe-ante-ratiopharm-ulm","status":"publish","type":"post","link":"https:\/\/www.europesays.com\/es\/749369\/","title":{"rendered":"iLERNA Lleida se exhibe ante Ratiopharm Ulm"},"content":{"rendered":"<p class=\"ContentTypeText-module-scss-module__t80MYq__content__paragraph\"><strong><a class=\"ContentTypeText-module-scss-module__t80MYq__content__link\" href=\"https:\/\/acb.com\/es\/liga\/tabla-pretemporada\/tabla-de-pretemporada-2026-27\" target=\"_blank\" rel=\"noopener nofollow\" node=\"[object Object]\">Consulta todos los resultados y encuentros de pretemporada<\/a><\/strong><\/p>\n<p class=\"ContentTypeText-module-scss-module__t80MYq__content__paragraph\"><strong><a class=\"ContentTypeText-module-scss-module__t80MYq__content__link\" href=\"https:\/\/acb.com\/docs\/descarga\/Pretemporada2627\/statslleida.jpg\" target=\"_blank\" rel=\"noopener nofollow\" node=\"[object Object]\">Estad\u00edsticas del partido<\/a><\/strong><\/p>\n<p class=\"ContentTypeText-module-scss-module__t80MYq__content__paragraph\">El Ilerna Lleida se exhibi\u00f3 en su segundo test de pretemporada despu\u00e9s de vencer por 100-66 ante un flojo Ratiopharm Ulm que es habitual en competiciones europeas de alto nivel.<\/p>\n<p class=\"ContentTypeText-module-scss-module__t80MYq__content__paragraph\">Del 18-19 se pas\u00f3 al 53-31 en un abrir y cerrar de ojos, aspecto que hizo que los ilerdenses sentenciaran el partido antes de llegar al tiempo de descanso.<\/p>\n<p class=\"ContentTypeText-module-scss-module__t80MYq__content__paragraph\">De hecho, los alemanes comenzaron mejor el encuentro, pero los catalanes r\u00e1pido encontraron su buena versi\u00f3n gracias a los triples de Darius McGhee (26-18).<\/p>\n<p class=\"ContentTypeText-module-scss-module__t80MYq__content__paragraph\">La situaci\u00f3n no vari\u00f3 en el segundo periodo, y unos muy buenos minutos de Zacharie Perrin en la pintura hicieron disparar al Ilerna Lleida antes del descanso para poner un 53-31 que hizo mucho da\u00f1o a los teutones.<\/p>\n<p class=\"ContentTypeText-module-scss-module__t80MYq__content__paragraph\">En la reanudaci\u00f3n, el Ratiopharm Ulm estuvo lejos de reaccionar, por lo que el Lleida lo aprovech\u00f3 para ensanchar la diferencia tras unos buenos minutos del ala-p\u00edvot veterano John Shurna (74-45).<\/p>\n<p class=\"ContentTypeText-module-scss-module__t80MYq__content__paragraph\">Con el partido m\u00e1s que sentenciado, los visitantes trataron de rebajar la diferencia en el luminoso. La mala noticia para los ilerdenses fue la posible lesi\u00f3n del base Dani Garc\u00eda, que se hizo da\u00f1o en un tobillo.<\/p>\n<p class=\"ContentTypeText-module-scss-module__t80MYq__content__paragraph\">Finalmente, el Ilerna Lleida venci\u00f3 por 100-66 al Ratiopharm Ulm para seguir con buenas sensaciones en esta pretemporada.<\/p>\n","protected":false},"excerpt":{"rendered":"Consulta todos los resultados y encuentros de pretemporada Estad\u00edsticas del partido El Ilerna Lleida se exhibi\u00f3 en su&hellip;\n","protected":false},"author":2,"featured_media":749370,"comment_status":"","ping_status":"","sticky":false,"template":"","format":"standard","meta":{"footnotes":""},"categories":[269],"tags":[58880,299,298,168,25,24,665,4346,22357,23,167],"class_list":["post-749369","post","type-post","status-publish","format-standard","has-post-thumbnail","category-baloncesto","tag-2026-27","tag-baloncesto","tag-basketball","tag-deportes","tag-es","tag-espana","tag-liga-endesa","tag-lleida","tag-pretemporada-acb","tag-spain","tag-sports"],"share_on_mastodon":{"url":"https:\/\/pubeurope.com\/@es\/117218987983785100","error":""},"_links":{"self":[{"href":"https:\/\/www.europesays.com\/es\/wp-json\/wp\/v2\/posts\/749369","targetHints":{"allow":["GET"]}}],"collection":[{"href":"https:\/\/www.europesays.com\/es\/wp-json\/wp\/v2\/posts"}],"about":[{"href":"https:\/\/www.europesays.com\/es\/wp-json\/wp\/v2\/types\/post"}],"author":[{"embeddable":true,"href":"https:\/\/www.europesays.com\/es\/wp-json\/wp\/v2\/users\/2"}],"replies":[{"embeddable":true,"href":"https:\/\/www.europesays.com\/es\/wp-json\/wp\/v2\/comments?post=749369"}],"version-history":[{"count":0,"href":"https:\/\/www.europesays.com\/es\/wp-json\/wp\/v2\/posts\/749369\/revisions"}],"wp:featuredmedia":[{"embeddable":true,"href":"https:\/\/www.europesays.com\/es\/wp-json\/wp\/v2\/media\/749370"}],"wp:attachment":[{"href":"https:\/\/www.europesays.com\/es\/wp-json\/wp\/v2\/media?parent=749369"}],"wp:term":[{"taxonomy":"category","embeddable":true,"href":"https:\/\/www.europesays.com\/es\/wp-json\/wp\/v2\/categories?post=749369"},{"taxonomy":"post_tag","embeddable":true,"href":"https:\/\/www.europesays.com\/es\/wp-json\/wp\/v2\/tags?post=749369"}],"curies":[{"name":"wp","href":"https:\/\/api.w.org\/{rel}","templated":true}]}}