{"id":749383,"date":"2026-09-05T14:58:11","date_gmt":"2026-09-05T14:58:11","guid":{"rendered":"https:\/\/www.europesays.com\/es\/749383\/"},"modified":"2026-09-05T14:58:11","modified_gmt":"2026-09-05T14:58:11","slug":"el-cine-los-angeles-proyecta-el-documental-salvaxe-salvaxe-sobre-el-lobo-iberico","status":"publish","type":"post","link":"https:\/\/www.europesays.com\/es\/749383\/","title":{"rendered":"El cine Los \u00c1ngeles proyecta el documental &#8216;Salvaxe, salvaxe&#8217; sobre el lobo ib\u00e9rico"},"content":{"rendered":"<p class=\"article-text\">\n        El cine Los \u00c1ngeles de Santander acoger\u00e1 el pr\u00f3ximo viernes, d\u00eda 18, a las 19.15 horas, la proyecci\u00f3n de &#8216;Salvaxe, salvaxe (Salvaje, Salvaje)&#8217;, sobre el lobo ib\u00e9rico, y un coloquio con su director, Emilio Fonseca, en una sesi\u00f3n especial en la que tambi\u00e9n participar\u00e1n la coguionista y productora de la pel\u00edcula, Xiana do Teixeiro, y el bi\u00f3logo e investigador de la Estaci\u00f3n Biol\u00f3gica de Do\u00f1ana y en el CSIC, Alberto Fern\u00e1ndez-Gil.\n    <\/p>\n<p class=\"article-text\">\n        La exhibici\u00f3n de la multipremiada cinta, que se alz\u00f3 con la Biznaga de Plata al mejor documental del Festival de M\u00e1laga, est\u00e1 organizada en colaboraci\u00f3n con el Fondo para la Protecci\u00f3n del Lobo Ib\u00e9rico, al que ir\u00e1 destinada parte de la recaudaci\u00f3n de la sesi\u00f3n, y cuenta con el apoyo de la librer\u00eda La Vor\u00e1gine y el cine Los \u00c1ngeles.\n    <\/p>\n<p class=\"article-text\">\n        &#8216;Salvaxe, salvaxe&#8217; es un documental experimental surgido de una larga investigaci\u00f3n multidisciplinar de su director, que ha conseguido la colaboraci\u00f3n de instituciones cient\u00edficas tan reconocidas como el Bi\u00f3polis-Cibio (Universidade do Porto).\n    <\/p>\n<p class=\"article-text\">\n        Rodada en Galicia y Portugal, la pel\u00edcula combina de forma novedosa im\u00e1genes cient\u00edficas, de s\u00edntesis, autom\u00e1ticas, con otras art\u00edsticas para sumergir al espectador en otras miradas y experiencias de vivir en este mismo territorio.\n    <\/p>\n<p class=\"article-text\">\n        En palabras de su equipo, \u201ceste es un cine para asilvestrar nuestra mirada, reanimalizarnos\u201d.\n    <\/p>\n","protected":false},"excerpt":{"rendered":"El cine Los \u00c1ngeles de Santander acoger\u00e1 el pr\u00f3ximo viernes, d\u00eda 18, a las 19.15 horas, la proyecci\u00f3n&hellip;\n","protected":false},"author":2,"featured_media":749384,"comment_status":"","ping_status":"","sticky":false,"template":"","format":"standard","meta":{"footnotes":""},"categories":[91],"tags":[517,2771,146,147,25,24,952,964,492,23],"class_list":["post-749383","post","type-post","status-publish","format-standard","has-post-thumbnail","category-entretenimiento","tag-actualidad","tag-cantabria","tag-entertainment","tag-entretenimiento","tag-es","tag-espana","tag-politica","tag-santander","tag-sociedad","tag-spain"],"share_on_mastodon":{"url":"https:\/\/pubeurope.com\/@es\/117219026976605135","error":""},"_links":{"self":[{"href":"https:\/\/www.europesays.com\/es\/wp-json\/wp\/v2\/posts\/749383","targetHints":{"allow":["GET"]}}],"collection":[{"href":"https:\/\/www.europesays.com\/es\/wp-json\/wp\/v2\/posts"}],"about":[{"href":"https:\/\/www.europesays.com\/es\/wp-json\/wp\/v2\/types\/post"}],"author":[{"embeddable":true,"href":"https:\/\/www.europesays.com\/es\/wp-json\/wp\/v2\/users\/2"}],"replies":[{"embeddable":true,"href":"https:\/\/www.europesays.com\/es\/wp-json\/wp\/v2\/comments?post=749383"}],"version-history":[{"count":0,"href":"https:\/\/www.europesays.com\/es\/wp-json\/wp\/v2\/posts\/749383\/revisions"}],"wp:featuredmedia":[{"embeddable":true,"href":"https:\/\/www.europesays.com\/es\/wp-json\/wp\/v2\/media\/749384"}],"wp:attachment":[{"href":"https:\/\/www.europesays.com\/es\/wp-json\/wp\/v2\/media?parent=749383"}],"wp:term":[{"taxonomy":"category","embeddable":true,"href":"https:\/\/www.europesays.com\/es\/wp-json\/wp\/v2\/categories?post=749383"},{"taxonomy":"post_tag","embeddable":true,"href":"https:\/\/www.europesays.com\/es\/wp-json\/wp\/v2\/tags?post=749383"}],"curies":[{"name":"wp","href":"https:\/\/api.w.org\/{rel}","templated":true}]}}