{"id":749385,"date":"2026-09-05T14:59:11","date_gmt":"2026-09-05T14:59:11","guid":{"rendered":"https:\/\/www.europesays.com\/es\/749385\/"},"modified":"2026-09-05T14:59:11","modified_gmt":"2026-09-05T14:59:11","slug":"un-fosil-de-hace-324-millones-de-anos-ayuda-a-entender-como-los-insectos-modernos-salieron-del-agua","status":"publish","type":"post","link":"https:\/\/www.europesays.com\/es\/749385\/","title":{"rendered":"Un f\u00f3sil de hace 324 millones de a\u00f1os ayuda a entender c\u00f3mo los insectos modernos salieron del agua"},"content":{"rendered":"<p class=\"article-text\">\n        Hace unos 324 millones de a\u00f1os, mucho antes de que aparecieran las primeras mariposas, un peque\u00f1o animal se mov\u00eda por lo que hoy es Texas. Este ten\u00eda seis patas, <a href=\"https:\/\/www.eldiario.es\/spin\/mundo-animal\/insecto-sorprende-cientificos-capacidad-supervivencia-vivir-200-metros-agua-pm_1_13414815.html\" target=\"_blank\" data-mrf-recirculation=\"links-noticia\" class=\"link\" rel=\"nofollow noopener\">como cualquier insecto moderno<\/a>, pero su cuerpo ten\u00eda <strong>algo que ning\u00fan insecto actual conserva<\/strong>. Hablamos de una serie de ap\u00e9ndices articulados en la zona del abdomen, algunos modificados en forma de paleta.\n    <\/p>\n<p>    <a href=\"https:\/\/www.eldiario.es\/spin\/adn-oculto-manuscritos-medievales-revela-historia-virus-mortal-ganado-pm_1_13484842.html\" data-mrf-recirculation=\"saber-mas\" data-dl-event=\"saber-mas\" rel=\"nofollow noopener\" target=\"_blank\"><\/p>\n<p class=\"know-more__title\">El ADN oculto en manuscritos medievales revela la historia de un virus mortal para el ganado<\/p>\n<p>            <img decoding=\"async\" class=\"lazy\" loading=\"lazy\" data-src=\"https:\/\/static.eldiario.es\/clip\/65c3b2f0-c17e-4f4b-918f-bfa657d5db38_16-9-aspect-ratio_default_0.jpg\" src=\"data:image\/svg+xml,%3Csvg xmlns=\" http:=\"\" viewbox=\"0 0 880 495\" alt=\"El ADN oculto en manuscritos medievales revela la historia de un virus mortal para el ganado\"\/><\/p>\n<p>                        <\/a><\/p>\n<p class=\"article-text\">\n        El animal, de apenas unos cent\u00edmetros, acaba de ser identificado como una nueva especie de insecto primitivo, al que han llamado<strong> Chosha praecursor<\/strong>. Su descubrimiento, <a href=\"https:\/\/www.nature.com\/articles\/s41586-026-10961-2.epdf\" target=\"_blank\" data-mrf-recirculation=\"links-noticia\" class=\"link\" rel=\"nofollow noopener\">publicado<\/a> recientemente en la revista Nature, ofrece nueva informaci\u00f3n sobre la etapa temprana de la evoluci\u00f3n de los insectos, cuando su anatom\u00eda todav\u00eda no se parec\u00eda del todo a la de los millones de especies que conocemos hoy.\n    <\/p>\n<p class=\"article-text\">\n        \u201cEste f\u00f3sil representa un hito importante en un per\u00edodo desconcertante en el que todo estaba cambiando, <strong>pasando de ser predominantemente acu\u00e1tico a terrestre<\/strong>, y pr\u00e1cticamente no ten\u00edamos evidencia f\u00f3sil de esa \u00e9poca\u201d, explic\u00f3 Dany Azar , paleoentom\u00f3logo de la Universidad Libanesa y del Instituto de Geolog\u00eda y Paleontolog\u00eda de Nanjing en China, a la revista Science News.\n    <\/p>\n<p>            <img decoding=\"async\" class=\"lazy\" loading=\"lazy\" data-src=\"https:\/\/static.eldiario.es\/clip\/b24ab6bc-774d-4c4f-9396-a92b4a052b43_source-aspect-ratio_default_1150451.jpg\" src=\"data:image\/svg+xml,%3Csvg xmlns=\" http:=\"\" viewbox=\"0 0 1600 2176\" alt=\"Reconstrucci\u00f3n del f\u00f3sil de Chosha praecursor.\"\/><\/p>\n<p>    <strong>La historia de la investigaci\u00f3n<\/strong><\/p>\n<p class=\"article-text\">\n        Hace cinco a\u00f1os, el autor principal del estudio, Erik Tihelka, paleoentom\u00f3logo de la Universidad de Cambridge, hojeaba un libro de texto de paleontolog\u00eda cuando el dibujo de un peque\u00f1o f\u00f3sil descubierto en 1985 le llam\u00f3 la atenci\u00f3n. Los <strong>expertos hab\u00edan catalogado a la criatura como un crust\u00e1ceo<\/strong>, pero Tihelka ten\u00eda la sensaci\u00f3n de que se hab\u00edan equivocado.\n    <\/p>\n<p class=\"article-text\">\n        El investigador y su equipo viajaron hasta el Museo de Historia Natural de San Diego, donde la pieza se conservaba, y empezaron a analizarla. Su <strong>t\u00f3rax<\/strong> <strong>presentaba la<\/strong> <strong>organizaci\u00f3n caracter\u00edstica de los hex\u00e1podos<\/strong>, con tres pares de patas, pero el abdomen conservaba estructuras que desaparecieron casi por completo durante la <a href=\"https:\/\/www.eldiario.es\/spin\/mundo-animal\/mosquitos-pican-especies-no-respuesta-evolucion-pm_1_13478042.html\" target=\"_blank\" data-mrf-recirculation=\"links-noticia\" class=\"link\" rel=\"nofollow noopener\">evoluci\u00f3n posterior de los insectos<\/a>.\n    <\/p>\n<p class=\"article-text\">\n        \u00bfQu\u00e9 tipo de animal era el que ten\u00edan delante? En conjunto, las pruebas suger\u00edan que la criatura estaba en alg\u00fan punto intermedio entre un crust\u00e1ceo y un insecto, <strong>un posible eslab\u00f3n perdido en la brecha evolutiva<\/strong>. Y siguieron investigando, esta vez otros f\u00f3siles con caracter\u00edsticas parecidas que les ayudaron a llegar a una conclusi\u00f3n.\n    <\/p>\n<p>    <a href=\"https:\/\/www.eldiario.es\/spin\/mundo-animal\/cientificos-descubren-canto-pajaros-resulta-bonito-pm_1_13486596.html\" data-mrf-recirculation=\"saber-mas-abajo\" data-dl-event=\"saber-mas-abajo\" rel=\"nofollow noopener\" target=\"_blank\"><\/p>\n<p class=\"know-more__title\">Cient\u00edficos descubren por qu\u00e9 el canto de los p\u00e1jaros nos resulta bonito<\/p>\n<p>            <img decoding=\"async\" class=\"lazy\" loading=\"lazy\" data-src=\"https:\/\/static.eldiario.es\/clip\/1375ec59-6783-4230-a174-e7ee30a00013_16-9-aspect-ratio_default_0.jpg\" src=\"data:image\/svg+xml,%3Csvg xmlns=\" http:=\"\" viewbox=\"0 0 880 495\" alt=\"Cient\u00edficos descubren por qu\u00e9 el canto de los p\u00e1jaros nos resulta bonito\"\/><\/p>\n<p>                        <\/a><\/p>\n<p class=\"article-text\">\n        Al final, el estudio concluye que los insectos no se convirtieron inmediatamente en animales terrestres tras salir del oc\u00e9ano. Seguramente <strong>pasaron por una fase semiacu\u00e1tica y anfibia<\/strong>, conservando algunas caracter\u00edsticas f\u00edsicas que les permitieron <a href=\"https:\/\/www.eldiario.es\/spin\/mundo-animal\/proteo-animales-subterraneos-fascinantes-mundo-ciego-vivir-100-anos-pm_1_13409607.html\" target=\"_blank\" data-mrf-recirculation=\"links-noticia\" class=\"link\" rel=\"nofollow noopener\">alternar la vida entre la tierra y el agua<\/a>.\n    <\/p>\n","protected":false},"excerpt":{"rendered":"Hace unos 324 millones de a\u00f1os, mucho antes de que aparecieran las primeras mariposas, un peque\u00f1o animal se&hellip;\n","protected":false},"author":2,"featured_media":749386,"comment_status":"","ping_status":"","sticky":false,"template":"","format":"standard","meta":{"footnotes":""},"categories":[81],"tags":[133161,5051,988,3229,119,123,124,1633,25,24,50357,9673,4724,48658,2678,58588,117,121,122,23,118,120],"class_list":["post-749385","post","type-post","status-publish","format-standard","has-post-thumbnail","category-ciencia-y-tecnologia","tag-133161","tag-agua","tag-anos","tag-ayuda","tag-ciencia","tag-ciencia-y-tecnologia","tag-cienciaytecnologia","tag-entender","tag-es","tag-espana","tag-fosil","tag-insectos","tag-millones","tag-modernos","tag-pm","tag-salieron","tag-science","tag-science-and-technology","tag-scienceandtechnology","tag-spain","tag-technology","tag-tecnologia"],"share_on_mastodon":{"url":"https:\/\/pubeurope.com\/@es\/117219031133976983","error":""},"_links":{"self":[{"href":"https:\/\/www.europesays.com\/es\/wp-json\/wp\/v2\/posts\/749385","targetHints":{"allow":["GET"]}}],"collection":[{"href":"https:\/\/www.europesays.com\/es\/wp-json\/wp\/v2\/posts"}],"about":[{"href":"https:\/\/www.europesays.com\/es\/wp-json\/wp\/v2\/types\/post"}],"author":[{"embeddable":true,"href":"https:\/\/www.europesays.com\/es\/wp-json\/wp\/v2\/users\/2"}],"replies":[{"embeddable":true,"href":"https:\/\/www.europesays.com\/es\/wp-json\/wp\/v2\/comments?post=749385"}],"version-history":[{"count":0,"href":"https:\/\/www.europesays.com\/es\/wp-json\/wp\/v2\/posts\/749385\/revisions"}],"wp:featuredmedia":[{"embeddable":true,"href":"https:\/\/www.europesays.com\/es\/wp-json\/wp\/v2\/media\/749386"}],"wp:attachment":[{"href":"https:\/\/www.europesays.com\/es\/wp-json\/wp\/v2\/media?parent=749385"}],"wp:term":[{"taxonomy":"category","embeddable":true,"href":"https:\/\/www.europesays.com\/es\/wp-json\/wp\/v2\/categories?post=749385"},{"taxonomy":"post_tag","embeddable":true,"href":"https:\/\/www.europesays.com\/es\/wp-json\/wp\/v2\/tags?post=749385"}],"curies":[{"name":"wp","href":"https:\/\/api.w.org\/{rel}","templated":true}]}}