{"id":749399,"date":"2026-09-05T15:11:20","date_gmt":"2026-09-05T15:11:20","guid":{"rendered":"https:\/\/www.europesays.com\/es\/749399\/"},"modified":"2026-09-05T15:11:20","modified_gmt":"2026-09-05T15:11:20","slug":"las-palabras-de-pablo-laso-sobre-la-llegada-de-mike-james-y-la-marcha-de-shane-larkin-del-anadolu-efes","status":"publish","type":"post","link":"https:\/\/www.europesays.com\/es\/749399\/","title":{"rendered":"Las palabras de Pablo Laso sobre la llegada de Mike James y la marcha de Shane Larkin del Anadolu Efes"},"content":{"rendered":"<p>Estas fueron las palabras del t\u00e9cnico espa\u00f1ol<\/p>\n<p><strong>Pablo Laso <\/strong>ha concedido una extensa entrevista a <a href=\"https:\/\/www.youtube.com\/watch?v=-0V-3elhyUo\" rel=\"nofollow noopener\" target=\"_blank\">Eurohoops T\u00fcrkiye<\/a> en la que ha repasado distintos aspectos del Anadolu Efes de cara a la pr\u00f3xima temporada.<\/p>\n<p>El t\u00e9cnico espa\u00f1ol ha hablado sobre la llegada de Mike James y lo que espera que aporte al equipo, adem\u00e1s de c\u00f3mo se produjo la salida de Shane Larkin.<\/p>\n<p>Estas fueron sus palabras:<\/p>\n<p>\u00abComo entrenador s\u00e9 que todos los equipos intentar\u00e1n detener a Mike James. No ser\u00e1 f\u00e1cil porque muchas veces Mike James solo puede ser detenido por Mike James. Eso suena muy bien, pero no podemos ser solo el equipo de este jugador. Por eso fichar a Strazel y a Bruno fue tan importante. Esos fueron nuestros dos primeros movimientos, y ten\u00edamos claro que necesit\u00e1bamos un base titular como Matthew, un jugador en una edad ideal con experiencia y conocimiento del juego.<\/p>\n<p>Cuando fichamos a Strazel\u00a0no sab\u00edamos que Shane Larkin se marchar\u00eda. Entonces surgi\u00f3 el caso de Shane y necesit\u00e1bamos a alguien que aportara algo en el juego exterior, y Mike estaba disponible. Recuerdo mi primera conversaci\u00f3n sobre \u00e9l porque todos pensaban que el Barcelona lo iba a fichar. Luego no se concret\u00f3, as\u00ed que no fue muy dif\u00edcil convencerlo porque \u00e9l era quien ten\u00eda la visi\u00f3n de estar en un buen equipo en un buen entorno. Estoy muy contento de que haya decidido venir, porque tenerlo aqu\u00ed ser\u00e1 bueno para nosotros como organizaci\u00f3n, para nosotros como club, para la liga turca y para todos<\/p>\n<p>Shane Larkin es un gran jugador, ser\u00eda una tonter\u00eda no reconocerlo, pero necesit\u00e1bamos a alguien que marcara la pauta, y creo que James lo es. Mike es un jugador clave con mucha experiencia. Probablemente nadie recuerde cuando lleg\u00f3 al extranjero, pero se abri\u00f3 camino hasta convertirse en uno de los mejores jugadores de la Euroliga. He jugado contra \u00e9l muchas veces, ha jugado en muchos equipos y siempre ha sido un ganador\u00bb.<\/p>\n<p class=\"has-text-align-right\">Foto: Getty Images<\/p>\n<p style=\"font-size:15px\">Convierte Gigantes en tu <strong>fuente de noticias de baloncesto<\/strong>. A\u00f1ade desde aqu\u00ed a <strong>Gigantes del Basket<\/strong> a Google para que te lo muestre m\u00e1s.<\/p>\n<p>\t\t\t\t\t\t<a href=\"https:\/\/www.gigantes.com\/tienda\/hemeroteca\/guia-de-la-liga-endesa-2026-27-no-1-572-sep-2026\/\" target=\"_blank\" rel=\"noopener nofollow\"><br \/>\n\t\t\t\t\t\t\t<img decoding=\"async\" src=\"https:\/\/www.europesays.com\/es\/wp-content\/uploads\/2026\/09\/1788621080_814_1548-liga-endesa-planets-baja-scaled.jpg\" alt=\"Revista Gigantes\"\/><br \/>\n\t\t\t\t\t\t<\/a><\/p>\n<p class=\"magazine-description\">Reserva ya tu Gu\u00eda de la Liga Endesa en papel: an\u00e1lisis equipo a equipo, plantillas y calendario de la competici\u00f3n<\/p>\n<p>\t\t\t\t\t<a href=\"https:\/\/www.gigantes.com\/tienda\/hemeroteca\/guia-de-la-liga-endesa-2026-27-no-1-572-sep-2026\/\" class=\"btn-primary\" target=\"_blank\" rel=\"noopener nofollow\">Comprar<\/a><\/p>\n","protected":false},"excerpt":{"rendered":"Estas fueron las palabras del t\u00e9cnico espa\u00f1ol Pablo Laso ha concedido una extensa entrevista a Eurohoops T\u00fcrkiye en&hellip;\n","protected":false},"author":2,"featured_media":749400,"comment_status":"","ping_status":"","sticky":false,"template":"","format":"standard","meta":{"footnotes":""},"categories":[269],"tags":[299,298,168,25,24,23,167],"class_list":["post-749399","post","type-post","status-publish","format-standard","has-post-thumbnail","category-baloncesto","tag-baloncesto","tag-basketball","tag-deportes","tag-es","tag-espana","tag-spain","tag-sports"],"share_on_mastodon":{"url":"https:\/\/pubeurope.com\/@es\/117219079093732639","error":""},"_links":{"self":[{"href":"https:\/\/www.europesays.com\/es\/wp-json\/wp\/v2\/posts\/749399","targetHints":{"allow":["GET"]}}],"collection":[{"href":"https:\/\/www.europesays.com\/es\/wp-json\/wp\/v2\/posts"}],"about":[{"href":"https:\/\/www.europesays.com\/es\/wp-json\/wp\/v2\/types\/post"}],"author":[{"embeddable":true,"href":"https:\/\/www.europesays.com\/es\/wp-json\/wp\/v2\/users\/2"}],"replies":[{"embeddable":true,"href":"https:\/\/www.europesays.com\/es\/wp-json\/wp\/v2\/comments?post=749399"}],"version-history":[{"count":0,"href":"https:\/\/www.europesays.com\/es\/wp-json\/wp\/v2\/posts\/749399\/revisions"}],"wp:featuredmedia":[{"embeddable":true,"href":"https:\/\/www.europesays.com\/es\/wp-json\/wp\/v2\/media\/749400"}],"wp:attachment":[{"href":"https:\/\/www.europesays.com\/es\/wp-json\/wp\/v2\/media?parent=749399"}],"wp:term":[{"taxonomy":"category","embeddable":true,"href":"https:\/\/www.europesays.com\/es\/wp-json\/wp\/v2\/categories?post=749399"},{"taxonomy":"post_tag","embeddable":true,"href":"https:\/\/www.europesays.com\/es\/wp-json\/wp\/v2\/tags?post=749399"}],"curies":[{"name":"wp","href":"https:\/\/api.w.org\/{rel}","templated":true}]}}