{"id":749407,"date":"2026-09-05T15:22:20","date_gmt":"2026-09-05T15:22:20","guid":{"rendered":"https:\/\/www.europesays.com\/es\/749407\/"},"modified":"2026-09-05T15:22:20","modified_gmt":"2026-09-05T15:22:20","slug":"flick-no-descarta-a-lamine-yamal-y-anhela-un-pleno-de-puntos-antes-del-primer-paron","status":"publish","type":"post","link":"https:\/\/www.europesays.com\/es\/749407\/","title":{"rendered":"Flick no descarta a Lamine Yamal y anhela un pleno de puntos antes del primer par\u00f3n"},"content":{"rendered":"<p class=\"mb-4 text-lg md:leading-8 break-words\">Sant Joan Desp\u00ed (Barcelona), 5 sep (EFE).- El t\u00e9cnico alem\u00e1n del Barcelona, Hansi Flick, no descarta a Lamine Yamal para el partido de este domingo en Mestalla, a pesar de que el de Rocafonda no se ha entrenado con el equipo en la v\u00edspera.<\/p>\n<p class=\"mb-4 text-lg md:leading-8 break-words\">\u00abRecibi\u00f3 un golpe y pensamos que era mejor que entrenara al margen, pero viajar\u00e1 y esperemos que pueda jugar ma\u00f1ana. Veremos\u00bb, ha insistido el entrenador del Barcelona este s\u00e1bado en una comparecencia ante los medios.<\/p>\n<p class=\"mb-4 text-lg md:leading-8 break-words\">Flick ha comentado que su equipo trabaja para hacer \u00abel pleno de puntos\u00bb antes del primer par\u00f3n de selecciones y ve \u00abuna gran actitud, una gran atm\u00f3sfera\u00bb en su Barcelona.<\/p>\n<p class=\"mb-4 text-lg md:leading-8 break-words\">Adem\u00e1s ha advertido que la derrota del Real Madrid ante el Betis (1-0) supone un aviso: \u00abEs f\u00fatbol, es algo que siempre puede pasar y por eso hay que poner el foco donde interesa. Ser\u00e1 duro, queremos ganar, pero tambi\u00e9n que no ser\u00e1 f\u00e1cil\u00bb.<\/p>\n<p class=\"mb-4 text-lg md:leading-8 break-words\">En cuanto a la composici\u00f3n del grupo de capitanes, Flick ha desvelado que el primer capit\u00e1n ser\u00e1 Raphinha, el segundo Pedri, el tercero Eric y Frenkie de Jong y Lamine Yamal conformar\u00e1n el quinteto.<\/p>\n<p class=\"mb-4 text-lg md:leading-8 break-words\">Los dos primeros los ha decidido personalmente el t\u00e9cnico, mientras que los otros tres han sido por votaci\u00f3n de los jugadores, seg\u00fan ha explicado el t\u00e9cnico del Barcelona, quien ha dicho que Raphinha y Pedri los ha elegido porque son \u00abfijos en la alineaci\u00f3n\u00bb y era \u00abuna elecci\u00f3n f\u00e1cil\u00bb ahora que conoce mejor al equipo.<\/p>\n<p class=\"mb-4 text-lg md:leading-8 break-words\">\u00abEn temporadas anteriores ten\u00edamos a jugadores como Marc (Andre ter Stegen) o (Ronald) Araujo o Frenkie (de Jong) que no estaban jugando mucho. Con la elecci\u00f3n del equipo y de los cinco estoy contento\u00bb, ha concretado.<\/p>\n<p class=\"mb-4 text-lg md:leading-8 break-words\">En general, Flick se ha mostrado satisfecho por la composici\u00f3n de la plantilla. \u00abLa calidad es &#8216;top'\u00bb, ha insistido, aunque ha recordado que hay que competir \u00abcada partido y cada entrenamiento\u00bb.<\/p>\n<p class=\"mb-4 text-lg md:leading-8 break-words\">En cualquier caso, no siente m\u00e1s presi\u00f3n por el hecho de que el Barcelona haya batido este curso el r\u00e9cord en inversi\u00f3n de jugadores: \u00abTras las salidas ten\u00edamos que fichar, pero para m\u00ed no me resulta f\u00e1cil dejar salir a jugadores de La Masia y decirles que se vayan para mejorar. S\u00e9 que su sue\u00f1o es jugar en el Barcelona\u00bb.<\/p>\n<p class=\"mb-4 text-lg md:leading-8 break-words\">Otros tres nombres propios acapararon la rueda de prensa. En cuanto al brasile\u00f1o Gabriel Jesus, el \u00faltimo en llegar, Flick ha comentado que seguramente \u00abno est\u00e1 al cien por cien\u00bb, pero ha concretado que tendr\u00e1 \u00abalgunos minutos\u00bb en Valencia.<\/p>\n<p class=\"mb-4 text-lg md:leading-8 break-words\">\u00abTiene opciones para jugar en la segunda parte. Me gusta c\u00f3mo ha llegado\u00bb, ha insistido. Flick tambi\u00e9n ha alabado el ascendiente de Raphinha, juegue en la posici\u00f3n que juegue, en el equipo, porque \u00ablo hace muy bien \u00abde extremo o vaya al centro como &#8216;9&#8217;\u00bb, porque \u00abaporta presi\u00f3n y velocidad\u00bb.<\/p>\n<p class=\"mb-4 text-lg md:leading-8 break-words\">El \u00faltimo protagonista ha sido Jules Kounde. A pesar de que no ha tenido un lucido inicio liguero, Flick ha recordado que se trata de \u00abun profesional incre\u00edble\u00bb y que le resulta un reto jugar como lateral diestro o como central.<\/p>\n<p class=\"mb-4 text-lg md:leading-8 break-words\">\u00abHay que elegir el momento y la posici\u00f3n seg\u00fan el momento. No est\u00e1 arrancando como titular esta temporada pero para \u00e9l es un desaf\u00edo. S\u00e9 que puede jugar de central y que prefiere de lateral. Dio un rendimiento &#8216;top&#8217; en nuestra primera temporada en esa \u00faltima posici\u00f3n y est\u00e1 trabajando a tope para recuperar su mejor versi\u00f3n\u00bb, ha a\u00f1adido.<\/p>\n<p class=\"mb-4 text-lg md:leading-8 break-words\">(c) Agencia EFE<\/p>\n","protected":false},"excerpt":{"rendered":"Sant Joan Desp\u00ed (Barcelona), 5 sep (EFE).- El t\u00e9cnico alem\u00e1n del Barcelona, Hansi Flick, no descarta a Lamine&hellip;\n","protected":false},"author":2,"featured_media":749408,"comment_status":"","ping_status":"","sticky":false,"template":"","format":"standard","meta":{"footnotes":""},"categories":[93],"tags":[3099,133186,133182,59104,133175,133181,210,133184,133164,18684,168,133177,133165,133174,133187,133166,133173,25,24,9868,133185,131327,133167,13342,7982,133180,133172,10117,11680,8138,5136,6489,1264,133171,133170,133179,133178,133183,19309,133169,133168,23,167,133176,133188],"class_list":["post-749407","post","type-post","status-publish","format-standard","has-post-thumbnail","category-deportes","tag-3099","tag-5-sep","tag-acapararon-la-rueda-de-prensa","tag-agencia-efe","tag-andre-ter-stegen","tag-anteriores-teniamos","tag-barcelona","tag-calidad-es-top","tag-comentado-que-su-equipo","tag-contento","tag-deportes","tag-dio-un-rendimiento-top","tag-el-tecnico-aleman","tag-el-ultimo-protagonista-ha-sido","tag-en-cuanto-al-brasileno","tag-entrenara-al-margen","tag-eric-y-frenkie-de-jong","tag-es","tag-espana","tag-facil","tag-flick-se-ha-mostrado","tag-gabriel-jesus","tag-golpe-y-pensamos-que-era","tag-hansi-flick","tag-increible","tag-inicio-liguero","tag-juegue-en-la-posicion-que-juegue","tag-jules-kounde","tag-lamine","tag-lamine-yamal","tag-llegado","tag-marc","tag-minutos","tag-pleno-de-puntos","tag-recordado-que-hay-que-competir-cada","tag-reto-jugar-como-lateral-diestro-o-como-central","tag-ronald-araujo-o-frenkie","tag-salidas-teniamos-que","tag-sant-joan-despi","tag-se-que-su-sueno-es-jugar-en-el-barcelona","tag-sera-duro","tag-spain","tag-sports","tag-supone-un-aviso-es-futbol","tag-tope-para-recuperar-su-mejor-version"],"share_on_mastodon":{"url":"","error":"Validation failed: Text character limit of 500 exceeded"},"_links":{"self":[{"href":"https:\/\/www.europesays.com\/es\/wp-json\/wp\/v2\/posts\/749407","targetHints":{"allow":["GET"]}}],"collection":[{"href":"https:\/\/www.europesays.com\/es\/wp-json\/wp\/v2\/posts"}],"about":[{"href":"https:\/\/www.europesays.com\/es\/wp-json\/wp\/v2\/types\/post"}],"author":[{"embeddable":true,"href":"https:\/\/www.europesays.com\/es\/wp-json\/wp\/v2\/users\/2"}],"replies":[{"embeddable":true,"href":"https:\/\/www.europesays.com\/es\/wp-json\/wp\/v2\/comments?post=749407"}],"version-history":[{"count":0,"href":"https:\/\/www.europesays.com\/es\/wp-json\/wp\/v2\/posts\/749407\/revisions"}],"wp:featuredmedia":[{"embeddable":true,"href":"https:\/\/www.europesays.com\/es\/wp-json\/wp\/v2\/media\/749408"}],"wp:attachment":[{"href":"https:\/\/www.europesays.com\/es\/wp-json\/wp\/v2\/media?parent=749407"}],"wp:term":[{"taxonomy":"category","embeddable":true,"href":"https:\/\/www.europesays.com\/es\/wp-json\/wp\/v2\/categories?post=749407"},{"taxonomy":"post_tag","embeddable":true,"href":"https:\/\/www.europesays.com\/es\/wp-json\/wp\/v2\/tags?post=749407"}],"curies":[{"name":"wp","href":"https:\/\/api.w.org\/{rel}","templated":true}]}}