{"id":74942,"date":"2025-08-27T04:45:09","date_gmt":"2025-08-27T04:45:09","guid":{"rendered":"https:\/\/www.europesays.com\/es\/74942\/"},"modified":"2025-08-27T04:45:09","modified_gmt":"2025-08-27T04:45:09","slug":"vuelta-a-espana-david-gaudu-una-emocion-especial-ser-lider-en-mi-pais-ciclismo","status":"publish","type":"post","link":"https:\/\/www.europesays.com\/es\/74942\/","title":{"rendered":"Vuelta a Espa\u00f1a: David Gaudu: &quot;Una emoci\u00f3n especial ser l\u00edder en mi pa\u00eds&quot; &#8211; Ciclismo"},"content":{"rendered":"<ol>\n<li><a href=\"https:\/\/news.google.com\/rss\/articles\/CBMiakFVX3lxTE10QVpkLWRpU1cwNDY2dHpuS2txSDhwSTBJUGJIMTdBZW5neVQ5ajE4eHY1UWYtaGFJeFFmaWUzVGlncmVQSWRESFZQVXdGZmt4ZXhOTmFVZ1p0eGRoZFF5cGZGcTEza2ZlSGc?oc=5\" target=\"_blank\" rel=\"nofollow noopener\">Vuelta a Espa\u00f1a: David Gaudu: \u00abUna emoci\u00f3n especial ser l\u00edder en mi pa\u00eds\u00bb<\/a>&nbsp;&nbsp;Ciclismo<\/li>\n<li><a href=\"https:\/\/news.google.com\/rss\/articles\/CBMisAFBVV95cUxPbEFBV3d0bmQwNVMybVZiNVZqdktWWUx0cmtpSE9WZExoUERGQkxBOFlwS1R3aTR5S01VRl93V0lqMjJ2UXAxeDN2QkdtdXNUQ2tmVXNhZ093WXEwVG9xdFBkQ1hKNENtLTc1RzhpMTl5RWMzb2tyQzVCaGpudEVqVFFKakRzVExqVTZWS2YyUTdVQ0xmc3FEdTFQTFVVd0VlUTRQNnRnd3pKRFJrRlRWbtIBsAFBVV95cUxNNTVueU5EUVJkRUtBbXdxMzVraHpWQ2EweHhQdTdjOEdYTEF5RDFFQUsyNzhnNDczSHRkNEhHdTg1RGhsLS1DSDNLeGdBV2NYQk1ObGt4UkJJY0RiZExsOWJaOFh3SDZrcmZvelNIWlRsWEtvR3QxU2gxbDFOS2U1Tm9IOExOSmNJaFJZSjhDcWhxbHNWUWFZcVZtaGhjYXRmR1p5UzEtN3BjSnltUkRiXw?oc=5\" target=\"_blank\" rel=\"nofollow noopener\">Perfil, recorrido, hora y d\u00f3nde ver la Etapa 4 de la Vuelta a Espa\u00f1a entre Susa y Voiron<\/a>&nbsp;&nbsp;RTVE.es<\/li>\n<li><a href=\"https:\/\/news.google.com\/rss\/articles\/CBMiggFBVV95cUxPN0hSRUl5cjhfOWNhWGkxeG55UV9ldzRqSVNxcXM2NWdBUDVvUHo2azZDZkttcG9EMmF5bGVCWFNqYUdCSzEwWE9LOGozcnNRQ1JIS2dyeWc3NjFnZjNsbG1pcEg1ZjlDdUVTeThBVEJiZlhBOXFzVEFROEpBYV94ZEhn0gGWAUFVX3lxTE1Kbmxzek9PTVh5bGk4dkE0aXdzbkVxREhlRXd0ci1tWnVCNG56dlN5UkVRMXFaN0VKYkgyaXUzVmlnSG5NU3ozdUpuemJTZjc4blFoa0lfcXFQY2l0U0pheUpDZmRhMzdSOE16b3FOMlltWVZ3MDJod3k2bzkxWG1pOWt4c182WXdvdUcyVlV6d1RfdjVQZw?oc=5\" target=\"_blank\" rel=\"nofollow noopener\">Gaudu desbanca a Vingegaard en casa<\/a>&nbsp;&nbsp;Diario AS<\/li>\n<li><a href=\"https:\/\/news.google.com\/rss\/articles\/CBMipgFBVV95cUxQbmFwZlVXT01VVXBpT21OQll1M1ZtTThJLUNSeUl0eWx2Zkh0djl2X2lGdVFKR2pWUGdTSDRTb1drUVk1eWhTQkI0QkZabnhlSnVtd0J4WFpSV0xVTUtsNnFfQjB1VW9hM1hBVEtEZnFnal9wNk5uZEc1NE16Smk5Y2ZBbTdqNHR6eXBiR3B1dVU5SW45emVKWF9kbE9MMXFFUkw3dU5B?oc=5\" target=\"_blank\" rel=\"nofollow noopener\">Directo Vuelta a Espa\u00f1a 2025 &gt; San Maurizio Canavese &#8211; Ceres (134 Km)<\/a>&nbsp;&nbsp;EL PA\u00cdS<\/li>\n<li><a href=\"https:\/\/news.google.com\/rss\/articles\/CBMitgFBVV95cUxQTDJlZTM5TmJ4QU81UkVVTjhZaTZsQnBzajRvb3pQSGJlejlDNWtvYTlidjlJMlhXcVZVS1dWdzJzVFkxdmFuODZndzZJeUQzWU44OWRWbmpoTHJGRU5xaGlTSF84bEVvbnYzWWVheFZwU1QtZHQxcG54NkIydl9XV2tmek9Mb3JEVU1hU3V3c3RsUnZsTlQ3ZjNFdlFMZHVxVVhmRVUwRW1DUGZrUzRuVHlzQjJqdw?oc=5\" target=\"_blank\" rel=\"nofollow noopener\">Etapa 3 de La Vuelta a Espa\u00f1a hoy: resultado, resumen y clasificaci\u00f3n general<\/a>&nbsp;&nbsp;ABC<\/li>\n<\/ol>\n","protected":false},"excerpt":{"rendered":"Vuelta a Espa\u00f1a: David Gaudu: \u00abUna emoci\u00f3n especial ser l\u00edder en mi pa\u00eds\u00bb&nbsp;&nbsp;Ciclismo Perfil, recorrido, hora y d\u00f3nde&hellip;\n","protected":false},"author":2,"featured_media":74943,"comment_status":"","ping_status":"","sticky":false,"template":"","format":"standard","meta":{"footnotes":""},"categories":[273],"tags":[313,312,2429,168,25,24,29239,28448,29238,5564,524,698,8873,23,167,1357],"class_list":{"0":"post-74942","1":"post","2":"type-post","3":"status-publish","4":"format-standard","5":"has-post-thumbnail","7":"category-ciclismo","8":"tag-ciclismo","9":"tag-cycling","10":"tag-david","11":"tag-deportes","12":"tag-es","13":"tag-espana","14":"tag-fdj","15":"tag-gaudu","16":"tag-groupama","17":"tag-lider","18":"tag-nuevo","19":"tag-pais","20":"tag-propio","21":"tag-spain","22":"tag-sports","23":"tag-vuelta"},"share_on_mastodon":{"url":"","error":""},"_links":{"self":[{"href":"https:\/\/www.europesays.com\/es\/wp-json\/wp\/v2\/posts\/74942","targetHints":{"allow":["GET"]}}],"collection":[{"href":"https:\/\/www.europesays.com\/es\/wp-json\/wp\/v2\/posts"}],"about":[{"href":"https:\/\/www.europesays.com\/es\/wp-json\/wp\/v2\/types\/post"}],"author":[{"embeddable":true,"href":"https:\/\/www.europesays.com\/es\/wp-json\/wp\/v2\/users\/2"}],"replies":[{"embeddable":true,"href":"https:\/\/www.europesays.com\/es\/wp-json\/wp\/v2\/comments?post=74942"}],"version-history":[{"count":0,"href":"https:\/\/www.europesays.com\/es\/wp-json\/wp\/v2\/posts\/74942\/revisions"}],"wp:featuredmedia":[{"embeddable":true,"href":"https:\/\/www.europesays.com\/es\/wp-json\/wp\/v2\/media\/74943"}],"wp:attachment":[{"href":"https:\/\/www.europesays.com\/es\/wp-json\/wp\/v2\/media?parent=74942"}],"wp:term":[{"taxonomy":"category","embeddable":true,"href":"https:\/\/www.europesays.com\/es\/wp-json\/wp\/v2\/categories?post=74942"},{"taxonomy":"post_tag","embeddable":true,"href":"https:\/\/www.europesays.com\/es\/wp-json\/wp\/v2\/tags?post=74942"}],"curies":[{"name":"wp","href":"https:\/\/api.w.org\/{rel}","templated":true}]}}