{"id":749439,"date":"2026-09-05T15:47:18","date_gmt":"2026-09-05T15:47:18","guid":{"rendered":"https:\/\/www.europesays.com\/es\/749439\/"},"modified":"2026-09-05T15:47:18","modified_gmt":"2026-09-05T15:47:18","slug":"cita-con-el-flamenco-adelanto-del-mundo-por-montera-del-ballet-flamenco-de-andalucia-para-la-gala-inaugural-de-la-bienal-de-flamenco","status":"publish","type":"post","link":"https:\/\/www.europesays.com\/es\/749439\/","title":{"rendered":"CITA CON EL FLAMENCO: Adelanto del \u00abMundo por Montera\u00bb del Ballet Flamenco de Andaluc\u00eda para la gala inaugural de la Bienal de Flamenco"},"content":{"rendered":"<p class=\"paragraph-atom &#10;        A-500-300-700-N A-550-300-700-N--md  \">\n                    Acompa\u00f1ados por las guitarras de Manolo Franco, Alfredo Lagos y David de Arahal, Jos\u00e9 Merc\u00e9, Jos\u00e9 de la Tomasa, Martirio, Arc\u00e1ngel, La Tremendita, \u00c1ngeles Toledano, El Perete y Manuel de la Tomasa <strong>abrir\u00e1n la Bienal, que se celebrar\u00e1 hasta el 3 de octubre, con un programa que incluye 72 espect\u00e1culos, de los que 52 han sido expresamente creados para esta XXIV edici\u00f3n.<\/strong>\n            <\/p>\n<p class=\"paragraph-atom &#10;        A-500-300-700-N A-550-300-700-N--md  \">\n                    Dirigida por Andr\u00e9s Mar\u00edn y el propio director de la Bienal, Luis Ybarra, la <strong>gala inaugural conmemorar\u00e1 el centenario del lanzamiento masivo que vivi\u00f3 el flamenco en 1926<\/strong>, cuando Pepe Marchena entraba en los circuitos de la llamada &#8216;\u00d3pera Flamenca&#8217;, Manuel Vallejo recib\u00eda la II Llave de Oro al Cante tras el triunfo de Manuel Centeno en la Copa Pav\u00f3n y la industria discogr\u00e1fica daba un salto decisivo con la llegada de las grabaciones el\u00e9ctricas.\n            <\/p>\n<p class=\"paragraph-atom &#10;        A-500-300-700-N A-550-300-700-N--md  \">\n                    Fue entonces cuando el flamenco salpicaba teatros, cines y plazas de toros, convertido en <strong>espect\u00e1culo de masas pero sin perder su pulso \u00edntimo<\/strong>, mientras que se denomin\u00f3 &#8216;\u00d3pera Flamenca&#8217; a los grandes programas que se ofrec\u00edan en las plazas de toros -se llam\u00f3 as\u00ed porque la \u00f3pera tributaba menos que el resto de los espect\u00e1culos-.\n            <\/p>\n<p class=\"paragraph-atom &#10;        A-500-300-700-N A-550-300-700-N--md  \">\n                    La <strong>gala se concibe como una gran celebraci\u00f3n colectiva para rendir homenaje a aquellas figuras pioneras <\/strong>que hace un siglo llevaron el flamenco a una dimensi\u00f3n popular y masiva.\n            <\/p>\n<p class=\"paragraph-atom &#10;        A-500-300-700-N A-550-300-700-N--md  \">\n                    La <strong>escenograf\u00eda <\/strong>del espect\u00e1culo ha sido <strong>dise\u00f1ada <\/strong>por el <strong>artista contempor\u00e1neo Cachito Vald\u00e9s<\/strong>, que suele emplear luces en las estructuras geom\u00e9tricas que dise\u00f1a, ya que la idea de Luis Ybarra es conmemorar al flamenco de hace un siglo pero sin nostalgias y con una interpretaci\u00f3n actual.\n            <\/p>\n<p class=\"paragraph-atom &#10;        A-500-300-700-N A-550-300-700-N--md  \">\n                    Del mismo modo se ha expresado el bailaor y core\u00f3grafo Andr\u00e9s Mar\u00edn, partidario de <strong>\u00abno perder la esencia de las cosas<\/strong>, sino de revisarlas para hacer algo nuevo desde la ra\u00edz\u00bb.\n            <\/p>\n<p class=\"paragraph-atom &#10;        A-500-300-700-N A-550-300-700-N--md  \">\n                    La<strong> consejera andaluza de Cultura, Patricia del Pozo, <\/strong>que ha asistido a la actuaci\u00f3n del Ballet Flamenco de Andaluc\u00eda, ha destacado que estas nuevas coreograf\u00edas creadas para la Bienal se suman a los cuatro espect\u00e1culos que mantienen en gira, montados en dos a\u00f1os.\n            <\/p>\n","protected":false},"excerpt":{"rendered":"Acompa\u00f1ados por las guitarras de Manolo Franco, Alfredo Lagos y David de Arahal, Jos\u00e9 Merc\u00e9, Jos\u00e9 de la&hellip;\n","protected":false},"author":2,"featured_media":749440,"comment_status":"","ping_status":"","sticky":false,"template":"","format":"standard","meta":{"footnotes":""},"categories":[91],"tags":[41666,12194,146,147,25,24,11925,26832,3013,23],"class_list":["post-749439","post","type-post","status-publish","format-standard","has-post-thumbnail","category-entretenimiento","tag-adelanto","tag-ballet","tag-entertainment","tag-entretenimiento","tag-es","tag-espana","tag-flamenco","tag-montera","tag-mundo","tag-spain"],"share_on_mastodon":{"url":"https:\/\/pubeurope.com\/@es\/117219219781709314","error":""},"_links":{"self":[{"href":"https:\/\/www.europesays.com\/es\/wp-json\/wp\/v2\/posts\/749439","targetHints":{"allow":["GET"]}}],"collection":[{"href":"https:\/\/www.europesays.com\/es\/wp-json\/wp\/v2\/posts"}],"about":[{"href":"https:\/\/www.europesays.com\/es\/wp-json\/wp\/v2\/types\/post"}],"author":[{"embeddable":true,"href":"https:\/\/www.europesays.com\/es\/wp-json\/wp\/v2\/users\/2"}],"replies":[{"embeddable":true,"href":"https:\/\/www.europesays.com\/es\/wp-json\/wp\/v2\/comments?post=749439"}],"version-history":[{"count":0,"href":"https:\/\/www.europesays.com\/es\/wp-json\/wp\/v2\/posts\/749439\/revisions"}],"wp:featuredmedia":[{"embeddable":true,"href":"https:\/\/www.europesays.com\/es\/wp-json\/wp\/v2\/media\/749440"}],"wp:attachment":[{"href":"https:\/\/www.europesays.com\/es\/wp-json\/wp\/v2\/media?parent=749439"}],"wp:term":[{"taxonomy":"category","embeddable":true,"href":"https:\/\/www.europesays.com\/es\/wp-json\/wp\/v2\/categories?post=749439"},{"taxonomy":"post_tag","embeddable":true,"href":"https:\/\/www.europesays.com\/es\/wp-json\/wp\/v2\/tags?post=749439"}],"curies":[{"name":"wp","href":"https:\/\/api.w.org\/{rel}","templated":true}]}}