{"id":749447,"date":"2026-09-05T15:51:14","date_gmt":"2026-09-05T15:51:14","guid":{"rendered":"https:\/\/www.europesays.com\/es\/749447\/"},"modified":"2026-09-05T15:51:14","modified_gmt":"2026-09-05T15:51:14","slug":"crisis-de-ceuta-en-directo-ultima-hora-de-la-entrada-masiva-de-inmigrantes-y-la-gestion-del-gobierno-de-pedro-sanchez-hoy","status":"publish","type":"post","link":"https:\/\/www.europesays.com\/es\/749447\/","title":{"rendered":"Crisis de Ceuta, en directo: \u00faltima hora de la entrada masiva de inmigrantes y la gesti\u00f3n del Gobierno de Pedro S\u00e1nchez hoy"},"content":{"rendered":"<p>Ma\u00edllo (IU) dice que Robles o Marlaska tendr\u00edan que dimitir si minusvaloraron avisos de la crisis en Ceuta                    <\/p>\n<p class=\"v-d-p\">El coordinador general de Izquierda Unida (IU), Antonio Ma\u00edllo, ha afirmado que los ministros de Interior, Fernando Grande-Marlaska, o la titular de Defensa, Margarita Robles tendr\u00edan que asumir responsabilidades pol\u00edticas, apuntando a la dimisi\u00f3n, si se demuestra que hab\u00eda informes que apuntaban a la entrada masiva de migrantes en Ceuta y fallaron a la hora de transmitirla al presidente del Gobierno.<\/p>\n<p class=\"v-d-p\">Por el contrario, ha remarcado que ambos tendr\u00e1n que aplicar destituciones en el caso de que se le ocultara esa informaci\u00f3n a ambos, lo que evidenciar\u00eda un comportamiento desleal por sectores de la Polic\u00eda y el Centro Nacional de Inteligencia (CNI). \u00abSi t\u00fa tuviste informes del CNI o de la Polic\u00eda advirtiendo de esta movilizaci\u00f3n y no lo transmitiste bien al presidente del Gobierno o no le diste importancia, tienes que asumir tu responsabilidad pol\u00edtica\u00bb, ha defendido Ma\u00edllo en una entrevista en &#8216;Telecinco&#8217;.<\/p>\n","protected":false},"excerpt":{"rendered":"Ma\u00edllo (IU) dice que Robles o Marlaska tendr\u00edan que dimitir si minusvaloraron avisos de la crisis en Ceuta&hellip;\n","protected":false},"author":2,"featured_media":749448,"comment_status":"","ping_status":"","sticky":false,"template":"","format":"standard","meta":{"footnotes":""},"categories":[8],"tags":[6635,17,18,4486,1477,4170,2125,25,24,13,14,11,1458,315,19,20,16735,12544,9,10,15,16,23,12,1885,21,22],"class_list":["post-749447","post","type-post","status-publish","format-standard","has-post-thumbnail","category-espana","tag-apoyo","tag-breaking-news","tag-breakingnews","tag-ceuta","tag-ciudades","tag-crisis","tag-directo","tag-es","tag-espana","tag-featured-news","tag-featurednews","tag-headlines","tag-hora","tag-hoy","tag-latest-news","tag-latestnews","tag-manifestaciones","tag-migratoria","tag-news","tag-noticias","tag-noticias-destacadas","tag-noticiasdestacadas","tag-spain","tag-titulares","tag-ultima","tag-ultimas-noticias","tag-ultimasnoticias"],"share_on_mastodon":{"url":"https:\/\/pubeurope.com\/@es\/117219235459724484","error":""},"_links":{"self":[{"href":"https:\/\/www.europesays.com\/es\/wp-json\/wp\/v2\/posts\/749447","targetHints":{"allow":["GET"]}}],"collection":[{"href":"https:\/\/www.europesays.com\/es\/wp-json\/wp\/v2\/posts"}],"about":[{"href":"https:\/\/www.europesays.com\/es\/wp-json\/wp\/v2\/types\/post"}],"author":[{"embeddable":true,"href":"https:\/\/www.europesays.com\/es\/wp-json\/wp\/v2\/users\/2"}],"replies":[{"embeddable":true,"href":"https:\/\/www.europesays.com\/es\/wp-json\/wp\/v2\/comments?post=749447"}],"version-history":[{"count":0,"href":"https:\/\/www.europesays.com\/es\/wp-json\/wp\/v2\/posts\/749447\/revisions"}],"wp:featuredmedia":[{"embeddable":true,"href":"https:\/\/www.europesays.com\/es\/wp-json\/wp\/v2\/media\/749448"}],"wp:attachment":[{"href":"https:\/\/www.europesays.com\/es\/wp-json\/wp\/v2\/media?parent=749447"}],"wp:term":[{"taxonomy":"category","embeddable":true,"href":"https:\/\/www.europesays.com\/es\/wp-json\/wp\/v2\/categories?post=749447"},{"taxonomy":"post_tag","embeddable":true,"href":"https:\/\/www.europesays.com\/es\/wp-json\/wp\/v2\/tags?post=749447"}],"curies":[{"name":"wp","href":"https:\/\/api.w.org\/{rel}","templated":true}]}}