{"id":749451,"date":"2026-09-05T15:58:09","date_gmt":"2026-09-05T15:58:09","guid":{"rendered":"https:\/\/www.europesays.com\/es\/749451\/"},"modified":"2026-09-05T15:58:09","modified_gmt":"2026-09-05T15:58:09","slug":"clasificaciones-completas-de-la-4a-etapa-del-tour-de-gran-bretana-2026-esciclismo","status":"publish","type":"post","link":"https:\/\/www.europesays.com\/es\/749451\/","title":{"rendered":"Clasificaciones completas de la 4\u00aa etapa del Tour de Gran Breta\u00f1a 2026 &#8211; Esciclismo"},"content":{"rendered":"<ol>\n<li><a href=\"https:\/\/news.google.com\/rss\/articles\/CBMiakFVX3lxTFBMTThnNUZqRzNGblIzbHF3WUVOQXBrVnZLUXlwMHVtcUFjdVB0ZElSdkd2cGZHbWkwQkZVRnlqc2hVbk14OFBwOVRkMmRJQTM1TkxCZ1ZKcklVcUZhTzZiVkRVcXlma3ZVSnc?oc=5\" target=\"_blank\" rel=\"nofollow noopener\">Clasificaciones completas de la 4\u00aa etapa del Tour de Gran Breta\u00f1a 2026<\/a>&nbsp;&nbsp;Esciclismo<\/li>\n<li><a href=\"https:\/\/news.google.com\/rss\/articles\/CBMiX0FVX3lxTE5SalFIZWNHWGhUUmJnY2JfdFROcWhXWWp5Q2VTcmNFSzNWQzBEUXUzTkRkeFhIZk9SaE00RmViTGlCa3AzVXVMbk1kRUhaVlB5U1R4QjJEcjdkTDhNYVBR?oc=5\" target=\"_blank\" rel=\"nofollow noopener\">4\u00aa Tour Gran Breta\u00f1a: Bol, desde la fuga<\/a>&nbsp;&nbsp;Ciclo21<\/li>\n<li><a href=\"https:\/\/news.google.com\/rss\/articles\/CBMikwFBVV95cUxPOGUzMDZNMVRhUUlFZzl6Q0otd0FtRy1BUUV4X1RWRXpOWnR3SnlxdlR2ck5WYmM3Q2hlZW5zUEFvQ1FYaG9adHIyYU8wTm5UWmtCdE9ZNXRVbHZYZjBWOVJPZWNhY0dhb0Z2YVViem9vOHgzbXpsNXN4UDV3ZnNSSGRvWWJWbUZFQXhRMFBMblpfOVE?oc=5\" target=\"_blank\" rel=\"nofollow noopener\">Gira por Gran Breta\u00f1a: Cees Bol eclipsa a todos, ahora hay un nuevo l\u00edder.<\/a>&nbsp;&nbsp;fanta-cycling.com<\/li>\n<li><a href=\"https:\/\/news.google.com\/rss\/articles\/CBMi5wFBVV95cUxOSHMyMm45MDVHRW9ndEpvNTh2T1o3SEdkY0NldHM5LWVzQ0QwX2szWC1wZzBZN3RLdFdmRGZ0LTVPMzVzcFJxSzZuVlZzeHBaWWUzZWhlR2k2WHNFdHR4MHhTenBaUl9BRTgwdmVsNk1qRmx0VEM2amhzZWl3YjY0WXVQYUU2UXh5aUtEcHUxN2RKTmdTU3dTT3NaWndNTFh4UndCSnZNMWdxTFVzS0t1TldxcWJUQ3N4ckR4WHhCWWtlWVhSbllrSUJTSHYwTTM0TV8zeG04QVl1b3FpZXBub1pkWDRFams?oc=5\" target=\"_blank\" rel=\"nofollow noopener\">Resultados Tour de Gran Breta\u00f1a 2026 Etapa 4: Cees Bol rompe una sequ\u00eda de 4 a\u00f1os sin ganar y Tim Wellens se pone l\u00edder<\/a>&nbsp;&nbsp;Ciclismoaldia.es<\/li>\n<li><a href=\"https:\/\/news.google.com\/rss\/articles\/CBMiakFVX3lxTE4xTVp3N2ppcXBWeDI3aC1FQkpldmJ0T1FxT1lnUHVfR1pfeVBweFdTM1BPOFVDRlpTU2tJUW9MQjNkNDJDd19EcFBvV1JrYllBQllEaTNDckozcVNKM3BoaXkzSXBrUUtmeFE?oc=5\" target=\"_blank\" rel=\"nofollow noopener\">Tour de Gran Breta\u00f1a: Cees Bol culmina la escapada en la 4\u00aa etapa y Tim Wellens asalta el liderato<\/a>&nbsp;&nbsp;Esciclismo<\/li>\n<\/ol>\n","protected":false},"excerpt":{"rendered":"Clasificaciones completas de la 4\u00aa etapa del Tour de Gran Breta\u00f1a 2026&nbsp;&nbsp;Esciclismo 4\u00aa Tour Gran Breta\u00f1a: Bol, desde&hellip;\n","protected":false},"author":2,"featured_media":749452,"comment_status":"","ping_status":"","sticky":false,"template":"","format":"standard","meta":{"footnotes":""},"categories":[273],"tags":[10605,517,60550,14036,18791,85215,68548,313,12652,68547,55199,8621,312,15109,168,987,7368,25,24,53841,314,7878,3956,133195,297,48998,15112,5215,133196,18197,54364,863,1786,3397,1971,57,23,167,159,316],"class_list":["post-749451","post","type-post","status-publish","format-standard","has-post-thumbnail","category-ciclismo","tag-a","tag-actualidad","tag-bol","tag-bretana","tag-carretera","tag-cees","tag-cgm","tag-ciclismo","tag-clasificaciones","tag-cma","tag-completas","tag-cuarta","tag-cycling","tag-decathlon","tag-deportes","tag-despues","tag-disputada","tag-es","tag-espana","tag-estas","tag-etapa","tag-formar","tag-gran","tag-helmsley","tag-horas","tag-html","tag-impuso","tag-kilometros","tag-leyburn","tag-localidades","tag-neerlandes","tag-parte","tag-recorrido","tag-sabado","tag-septiembre","tag-sobre","tag-spain","tag-sports","tag-tiempo","tag-tour"],"share_on_mastodon":{"url":"https:\/\/pubeurope.com\/@es\/117219262768082067","error":""},"_links":{"self":[{"href":"https:\/\/www.europesays.com\/es\/wp-json\/wp\/v2\/posts\/749451","targetHints":{"allow":["GET"]}}],"collection":[{"href":"https:\/\/www.europesays.com\/es\/wp-json\/wp\/v2\/posts"}],"about":[{"href":"https:\/\/www.europesays.com\/es\/wp-json\/wp\/v2\/types\/post"}],"author":[{"embeddable":true,"href":"https:\/\/www.europesays.com\/es\/wp-json\/wp\/v2\/users\/2"}],"replies":[{"embeddable":true,"href":"https:\/\/www.europesays.com\/es\/wp-json\/wp\/v2\/comments?post=749451"}],"version-history":[{"count":0,"href":"https:\/\/www.europesays.com\/es\/wp-json\/wp\/v2\/posts\/749451\/revisions"}],"wp:featuredmedia":[{"embeddable":true,"href":"https:\/\/www.europesays.com\/es\/wp-json\/wp\/v2\/media\/749452"}],"wp:attachment":[{"href":"https:\/\/www.europesays.com\/es\/wp-json\/wp\/v2\/media?parent=749451"}],"wp:term":[{"taxonomy":"category","embeddable":true,"href":"https:\/\/www.europesays.com\/es\/wp-json\/wp\/v2\/categories?post=749451"},{"taxonomy":"post_tag","embeddable":true,"href":"https:\/\/www.europesays.com\/es\/wp-json\/wp\/v2\/tags?post=749451"}],"curies":[{"name":"wp","href":"https:\/\/api.w.org\/{rel}","templated":true}]}}