{"id":749505,"date":"2026-09-05T16:44:15","date_gmt":"2026-09-05T16:44:15","guid":{"rendered":"https:\/\/www.europesays.com\/es\/749505\/"},"modified":"2026-09-05T16:44:15","modified_gmt":"2026-09-05T16:44:15","slug":"mirian-negrin-y-lucia-santana-en-bici-al-pino-hacer-la-tradicion-junto-con-deporte-siempre-es-bien","status":"publish","type":"post","link":"https:\/\/www.europesays.com\/es\/749505\/","title":{"rendered":"Mirian Negr\u00edn y Luc\u00eda Santana, en bici al Pino: \u00abHacer la tradici\u00f3n junto con deporte siempre es bien\u00bb"},"content":{"rendered":"<p>05\/09\/2026<\/p>\n<p>Actualizado a las 08:04h.<\/p>\n<p class=\"v-d-p\">Para Luc\u00eda y Mirian, la bicicleta es un estilo de vida. No se entiende la vida sin el amor que sienten hacia sus veloc\u00edpedos. Mirian, m\u00e9dica de profesi\u00f3n, es la aprendiz y Luc\u00eda la maestra, ella es directora del club deportivo Cotrainer, una asociaci\u00f3n asentada en Valsequillo que ofrece diferentes ejercicios de resistencia como running o , como en este caso, ciclismo. Ambas han salido desde Telde pedaleado y reconocen el significado que tiene la Virgen del Pino para toda la isla. Por eso, en fechas especiales como esta, cambian la rutina por una peregrinaci\u00f3n sobre la bicicleta hasta alcanzar la Bas\u00edlica de Nuestra Se\u00f1ora del Pino. Tampoco descartan repetir el camino a pie. De hecho, confiesan que lo m\u00e1s probable es que vuelvan durante estos d\u00edas acompa\u00f1adas por el resto del grupo para completar juntos la tradicional caminata hasta Teror.<\/p>\n<p class=\"v-d-p\">No es la primera vez para estas j\u00f3venes, que aseguran haber venido hasta aqu\u00ed varios a\u00f1os ya , y en ocasiones anteriores, \u00abcon todo el grupo\u00bb, a diferencia de esta vez que solo est\u00e1n ellas dos. Aseguran que ese ambiente es dif\u00edcil de encontrar en otras salidas del a\u00f1o, porque durante las fiestas todos parecen remar en la misma direcci\u00f3n. Tambi\u00e9n comentan que vienen antes del d\u00eda grande debido a las restricciones para las bicicletas, que consisten en la prohibici\u00f3n de la circulaci\u00f3n por la carretera GC-21, entre Tamaraceite y Teror el d\u00eda 7 y 8, con el objetivo de evitar riesgos de accidentes ante la gran afluencia de peregrinos y veh\u00edculos durante esta festividad. <\/p>\n<p class=\"v-d-p\">En cuanto al trayecto, salir desde el este de la isla, en Telde, hasta Teror, lo califican como \u00abs\u00faper bien\u00bb, ambas coinciden en que los conductores que se desplazan ida y vuelta en direcci\u00f3n Teror est\u00e1n siendo muy respetuosos y que son conscientes de la afluencia de gente que hay en estas fechas por las carreteras tanto de viandantes como de ciclistas que realizan la peregrinaci\u00f3n, \u00abun poquito m\u00e1s seguro\u00bb dice Mirian que ha visto el peligro que supone para los ciclistas transitar por estas calzadas tan concurridas.<\/p>\n<p class=\"v-d-p\">Las dos coinciden en que la Virgen del Pino representa mucho para los habitantes de Gran Canaria y que su festividad forma parte de la identidad colectiva de la isla. Cada a\u00f1o marcan en rojo la primera semana de septiembre porque la consideran una \u00abtradici\u00f3n\u00bb, algo \u00abaut\u00f3ctono\u00bb que transciende lo religioso. Mirian lo resume en una sencilla frase: \u00abes algo de uno\u00bb. Un sentimiento que re\u00fane a miles, independientemente de su edad o ideas, y que empuja a muchos a sacrificarse para llegar hasta la Bas\u00edlica. Ellas lo han hecho recorriendo m\u00e1s de 30 kil\u00f3metros durante casi tres horas de pedaleo, sabiendo que el premio no es la meta, sino el camino.<\/p>\n","protected":false},"excerpt":{"rendered":"05\/09\/2026 Actualizado a las 08:04h. Para Luc\u00eda y Mirian, la bicicleta es un estilo de vida. No se&hellip;\n","protected":false},"author":2,"featured_media":749506,"comment_status":"","ping_status":"","sticky":false,"template":"","format":"standard","meta":{"footnotes":""},"categories":[273],"tags":[14649,313,312,634,168,25,24,2326,14231,133203,103134,3327,369,23,167,8595],"class_list":["post-749505","post","type-post","status-publish","format-standard","has-post-thumbnail","category-ciclismo","tag-bien","tag-ciclismo","tag-cycling","tag-deporte","tag-deportes","tag-es","tag-espana","tag-junto","tag-lucia","tag-mirian","tag-negrin","tag-santana","tag-siempre","tag-spain","tag-sports","tag-tradicion"],"share_on_mastodon":{"url":"https:\/\/pubeurope.com\/@es\/117219443442333843","error":""},"_links":{"self":[{"href":"https:\/\/www.europesays.com\/es\/wp-json\/wp\/v2\/posts\/749505","targetHints":{"allow":["GET"]}}],"collection":[{"href":"https:\/\/www.europesays.com\/es\/wp-json\/wp\/v2\/posts"}],"about":[{"href":"https:\/\/www.europesays.com\/es\/wp-json\/wp\/v2\/types\/post"}],"author":[{"embeddable":true,"href":"https:\/\/www.europesays.com\/es\/wp-json\/wp\/v2\/users\/2"}],"replies":[{"embeddable":true,"href":"https:\/\/www.europesays.com\/es\/wp-json\/wp\/v2\/comments?post=749505"}],"version-history":[{"count":0,"href":"https:\/\/www.europesays.com\/es\/wp-json\/wp\/v2\/posts\/749505\/revisions"}],"wp:featuredmedia":[{"embeddable":true,"href":"https:\/\/www.europesays.com\/es\/wp-json\/wp\/v2\/media\/749506"}],"wp:attachment":[{"href":"https:\/\/www.europesays.com\/es\/wp-json\/wp\/v2\/media?parent=749505"}],"wp:term":[{"taxonomy":"category","embeddable":true,"href":"https:\/\/www.europesays.com\/es\/wp-json\/wp\/v2\/categories?post=749505"},{"taxonomy":"post_tag","embeddable":true,"href":"https:\/\/www.europesays.com\/es\/wp-json\/wp\/v2\/tags?post=749505"}],"curies":[{"name":"wp","href":"https:\/\/api.w.org\/{rel}","templated":true}]}}