{"id":749507,"date":"2026-09-05T16:46:19","date_gmt":"2026-09-05T16:46:19","guid":{"rendered":"https:\/\/www.europesays.com\/es\/749507\/"},"modified":"2026-09-05T16:46:19","modified_gmt":"2026-09-05T16:46:19","slug":"jugar-al-baloncesto-a-32-grados-y-sin-aire-acondicionado-en-un-pabellon-municipal-cubierto-de-alicante-este-calor-es-inhumano","status":"publish","type":"post","link":"https:\/\/www.europesays.com\/es\/749507\/","title":{"rendered":"Jugar al baloncesto a 32 grados y sin aire acondicionado en un pabell\u00f3n municipal cubierto de Alicante: \u00abEste calor es inhumano\u00bb"},"content":{"rendered":"<p class=\"ft-text ft-helper-closenews\">Son los primeros d\u00edas de septiembre y no solo se nota en la calle. En los pabellones deportivos de la ciudad de <strong>Alicante <\/strong>el bochorno se nota a la hora de entrenar. Al menos en el <strong>pabell\u00f3n Rafael Pastor<\/strong>, ubicado al lado del <strong>Pitiu Rochel<\/strong>, el estadio en el que el <strong>E\u00f3n Alicante<\/strong> de balonmano disputa sus encuentros. En un espacio adyacente est\u00e1 la instalaci\u00f3n en la que entrenan diferentes equipos de categor\u00edas inferiores de baloncesto. Y la temperatura la sufren los jugadores amateurs.<\/p>\n<blockquote class=\"ft-mol-quote\" data-aida-quote=\"\"><p>El pabell\u00f3n hace como un efecto invernadero, casi no se puede respirar<\/p>\n<p class=\"ft-mol-quote__author--name\">M\u00f3nica Redondo<\/p>\n<p class=\"ft-mol-quote__author--status\">\u2014 Madre de un ni\u00f1o que entrena<\/p>\n<\/blockquote>\n<p class=\"ft-text\">\u201cEste calor es insoportable, no se puede estar aqu\u00ed\u201d, dice <strong>M\u00f3nica Redondo<\/strong>, madre de un ni\u00f1o que entrena al baloncesto y que cree que la temperatura \u201ces inhumana para los ni\u00f1os y para los padres y madres que aguantan el tipo\u201d. Su hijo, afirma, lleva dos camisetas a los entrenamientos cuando el sudor le cubre todo el tejido y as\u00ed poder cambiarse. \u201cEl pabell\u00f3n hace como un efecto invernadero, casi no se puede respirar\u201d, dice mientras se abanica.<\/p>\n<p><img decoding=\"async\" src=\"https:\/\/www.europesays.com\/es\/wp-content\/uploads\/2026\/09\/26175f3b-4ed1-452a-8149-e4a9a11587ff_alta-libre-aspect-ratio_default_0_x1078y1024.jpg\" width=\"1200\" height=\"800\" alt=\"Altas temperaturas en el pabell\u00f3n Rafael Pastor de Alicante.\" class=\"ft-helper-img-rd\" loading=\"lazy\" fetchpriority=\"auto\"\/><\/p>\n<p class=\"ft-helper-fontColor-quaternary ft-helper-fontSize-body-S ft-helper-spacer-t-xxs\">Altas temperaturas en el pabell\u00f3n Rafael Pastor de Alicante.  \/ Pilar Cort\u00e9s<\/p>\n<p class=\"ft-text\">En ocasiones, afirma, incluso han desplegado sillas junto a las puertas para situarse \u201cal lado de la corriente\u201d, y asegura que en d\u00edas anteriores \u201c<strong>ha habido golpes de calor<\/strong> entre los ni\u00f1os, uno de ellos incluso lleg\u00f3 a vomitar\u201d.<\/p>\n<blockquote class=\"ft-mol-quote\" data-aida-quote=\"\"><p>A las cinco o a las seis de la tarde con cuarenta ni\u00f1os aqu\u00ed esto es un horno<\/p>\n<p class=\"ft-mol-quote__author--name\">Sergio Candela<\/p>\n<p class=\"ft-mol-quote__author--status\">\u2014 Padre de un ni\u00f1o que entrena<\/p>\n<\/blockquote>\n<p class=\"ft-text\">Tambi\u00e9n se muestra indignado <strong>Sergio Candela<\/strong>. \u201cA las cinco o a las seis de la tarde con cuarenta ni\u00f1os aqu\u00ed esto es un horno\u201d, dice. \u201cNo se puede estar\u201d. Seg\u00fan explica, han solicitado que abran las ventanas situadas en lo alto de las paredes \u201cpara que corra el aire\u201d, pero su petici\u00f3n no ha sido atendida.<\/p>\n<blockquote class=\"ft-mol-quote\" data-aida-quote=\"\"><p>No corre nada el aire y cabrea mucho, alguien debe tener la responsabilidad esto<\/p>\n<p class=\"ft-mol-quote__author--name\">Miguel P\u00e9rez<\/p>\n<p class=\"ft-mol-quote__author--status\">\u2014 Padre de un ni\u00f1o que entrena<\/p>\n<\/blockquote>\n<p class=\"ft-text\">Este padre tambi\u00e9n destaca la obra que se est\u00e1 realizando en uno de los fondos del pabell\u00f3n, el m\u00e1s cercano al <strong>monte Tossal<\/strong>, donde \u201cse van a hacer unos vestuarios, pero los trabajos llevan parados m\u00e1s de seis meses\u201d. Esta obra impide la apertura del port\u00f3n ubicado en la pared del estadio, \u201cque antes se abr\u00eda, pero ahora no para no mover el polvo de la obra, por lo que se acumula mucho calor\u201d. El term\u00f3metro en el interior del estadio marca los 32 grados cent\u00edgrados. Una temperatura que supera de largo el criterio del <strong>Consejo Superior de Deportes<\/strong>, que marca como temperatura \u00f3ptima un m\u00e1ximo de 25 grados cent\u00edgrados en instalaciones para deportistas de primer nivel de baloncesto.<\/p>\n<blockquote class=\"ft-mol-quote\" data-aida-quote=\"\"><p>Si no hay aire acondicionado solo puede haber calor y es normal que la gente se ase<\/p>\n<p class=\"ft-mol-quote__author--name\">Santiago Ju\u00e1rez<\/p>\n<p class=\"ft-mol-quote__author--status\">\u2014 Padre de un ni\u00f1o que entrena<\/p>\n<\/blockquote>\n<p class=\"ft-text\"><strong>Miguel P\u00e9rez<\/strong> tambi\u00e9n critica que \u201cno corre nada el aire y cabrea mucho, alguien debe tener la responsabilidad de que esto sea as\u00ed\u201d.<strong> Santiago Ju\u00e1rez<\/strong>, otro padre, lamenta que \u201csi no hay aire acondicionado solo puede haber calor desde finales de mayo, que es lo que ha habido, y es normal que la gente se ase\u201d.<\/p>\n<p><img decoding=\"async\" src=\"https:\/\/www.europesays.com\/es\/wp-content\/uploads\/2026\/09\/5489c7a9-da04-4995-8ef2-0de48d1c24cd_alta-libre-aspect-ratio_default_0_x1139y1024.jpg\" width=\"1200\" height=\"800\" alt=\"Ventanas cerradas en el pabell\u00f3n Rafael Pastor de Alicante.\" class=\"ft-helper-img-rd\" loading=\"lazy\" fetchpriority=\"auto\"\/><\/p>\n<p class=\"ft-helper-fontColor-quaternary ft-helper-fontSize-body-S ft-helper-spacer-t-xxs\">Ventanas cerradas en el pabell\u00f3n Rafael Pastor de Alicante.  \/ Pilar Cort\u00e9s<\/p>\n<p class=\"ft-text\">Las cr\u00edticas sobre el estado de las pistas deportivas municipales se han extendido a otras instalaciones como <strong>La Cig\u00fce\u00f1a<\/strong>, <strong>Garbinet<\/strong>, <strong>Hip\u00f3dromo<\/strong>, o <strong>el Tossal<\/strong>, aunque el gobierno municipal liderado por el alcalde <strong>Luis Barcala <\/strong>considera que las cr\u00edticas \u201cno se ajustan a la realidad\u201d. Aunque <strong>Manuel Villar<\/strong>, vicealcalde y concejal de Deportes, reconoci\u00f3, <a class=\"ft-link ft-link--decoration\" href=\"https:\/\/www.informacion.es\/alicante\/2026\/08\/25\/gobierno-barcala-rechaza-criticas-pistas-deportivas-alicante-realidad-133639132.html\" rel=\"nofollow noopener\" target=\"_blank\">tras la Junta de Gobierno del 25 de agosto<\/a>, que existen instalaciones que necesitan mejoras, afirma que el mantenimiento es constante y que no todas las actuaciones tienen la misma complejidad. \u00abHay mantenimientos que son m\u00e1s f\u00e1ciles de hacer y otros donde se necesita una maquinaria o un tratamiento que no se puede hacer de un d\u00eda para otro\u00bb, apunt\u00f3.<\/p>\n<p class=\"ft-text\">Una semana m\u00e1s tarde, en la siguiente Junta de Gobierno,<a class=\"ft-link ft-link--decoration\" href=\"https:\/\/www.informacion.es\/alicante\/2026\/09\/01\/alicante-aprueba-obras-tres-pistas-133836165.html\" rel=\"nofollow noopener\" target=\"_blank\"> que tuvo lugar este martes<\/a>, el Ayuntamiento aprob\u00f3 obras en las pistas deportivas de Garbinet, Colonia Requena y La Cig\u00fce\u00f1a ante las cr\u00edticas, aunque las altas temperaturas en diversas instalaciones sigue siendo una cuesti\u00f3n pendiente.<\/p>\n<p data-close=\"closedContent\" class=\"subscribeHideForDisplay\">Suscr\u00edbete para seguir leyendo<\/p>\n","protected":false},"excerpt":{"rendered":"Son los primeros d\u00edas de septiembre y no solo se nota en la calle. En los pabellones deportivos&hellip;\n","protected":false},"author":2,"featured_media":749508,"comment_status":"","ping_status":"","sticky":false,"template":"","format":"standard","meta":{"footnotes":""},"categories":[269],"tags":[12721,4647,299,298,634,168,25,24,21090,133204,7532,23,167],"class_list":["post-749507","post","type-post","status-publish","format-standard","has-post-thumbnail","category-baloncesto","tag-12721","tag-aire","tag-baloncesto","tag-basketball","tag-deporte","tag-deportes","tag-es","tag-espana","tag-grados","tag-instalaciones-municipales","tag-jugar","tag-spain","tag-sports"],"share_on_mastodon":{"url":"https:\/\/pubeurope.com\/@es\/117219452860025767","error":""},"_links":{"self":[{"href":"https:\/\/www.europesays.com\/es\/wp-json\/wp\/v2\/posts\/749507","targetHints":{"allow":["GET"]}}],"collection":[{"href":"https:\/\/www.europesays.com\/es\/wp-json\/wp\/v2\/posts"}],"about":[{"href":"https:\/\/www.europesays.com\/es\/wp-json\/wp\/v2\/types\/post"}],"author":[{"embeddable":true,"href":"https:\/\/www.europesays.com\/es\/wp-json\/wp\/v2\/users\/2"}],"replies":[{"embeddable":true,"href":"https:\/\/www.europesays.com\/es\/wp-json\/wp\/v2\/comments?post=749507"}],"version-history":[{"count":0,"href":"https:\/\/www.europesays.com\/es\/wp-json\/wp\/v2\/posts\/749507\/revisions"}],"wp:featuredmedia":[{"embeddable":true,"href":"https:\/\/www.europesays.com\/es\/wp-json\/wp\/v2\/media\/749508"}],"wp:attachment":[{"href":"https:\/\/www.europesays.com\/es\/wp-json\/wp\/v2\/media?parent=749507"}],"wp:term":[{"taxonomy":"category","embeddable":true,"href":"https:\/\/www.europesays.com\/es\/wp-json\/wp\/v2\/categories?post=749507"},{"taxonomy":"post_tag","embeddable":true,"href":"https:\/\/www.europesays.com\/es\/wp-json\/wp\/v2\/tags?post=749507"}],"curies":[{"name":"wp","href":"https:\/\/api.w.org\/{rel}","templated":true}]}}