{"id":749529,"date":"2026-09-05T17:07:19","date_gmt":"2026-09-05T17:07:19","guid":{"rendered":"https:\/\/www.europesays.com\/es\/749529\/"},"modified":"2026-09-05T17:07:19","modified_gmt":"2026-09-05T17:07:19","slug":"la-vuelta-llega-a-cordoba-jornada-rompepiernas-este-domingo-con-tres-puertos-y-final-en-vallellano","status":"publish","type":"post","link":"https:\/\/www.europesays.com\/es\/749529\/","title":{"rendered":"La Vuelta llega a C\u00f3rdoba: jornada rompepiernas este domingo con tres puertos y final en Vallellano"},"content":{"rendered":"<p class=\"ft-text\"><strong>La Vuelta a Espa\u00f1a 2026<\/strong> llega a C\u00f3rdoba este domingo y lo har\u00e1 con una etapa que promete espect\u00e1culo debido a su perfil rompepiernas y con subida a tres puertos (el de la Forestal, el de Villaviciosa de C\u00f3rdoba y el \u00faltimo, el de Artafi, a s\u00f3lo 37 kil\u00f3metros de la l\u00ednea de meta) que aseguran la incertidumbre por el ganador final de la jornada y que asegura las alternativas en cabeza de carrera.<\/p>\n<p>Palma del R\u00edo da el pistoletazo de salida<\/p>\n<p class=\"ft-text\">La jornada se iniciar\u00e1 a las 12.35 horas en <strong>Palma del R\u00edo<\/strong>. La localidad de la Vega del Guadalquivir acoge la salida y lo hace con la ilusi\u00f3n de mostrar su imagen a Espa\u00f1a y el mundo, recibiendo la llegada de ciclistas de la talla de Wout Van Aert, Primoz Roglic, Enric Mas, Iv\u00e1n Romeo, Sepp Kuss o Richard Carapaz.<\/p>\n<p><img decoding=\"async\" src=\"https:\/\/www.europesays.com\/es\/wp-content\/uploads\/2026\/09\/aebb1110-773f-4dcf-a84a-d54b4b178383_alta-libre-aspect-ratio_default_0_x800y426.jpg\" width=\"1200\" height=\"960\" alt=\"Vista a\u00e9rea de Palma del R\u00edo, de donde sale la 15\u00aa etapa de la Vuelta a Espa\u00f1a.\" class=\"ft-helper-img-rd\" loading=\"lazy\" fetchpriority=\"auto\"\/><\/p>\n<p class=\"ft-helper-fontColor-quaternary ft-helper-fontSize-body-S ft-helper-spacer-t-xxs\">Vista a\u00e9rea de Palma del R\u00edo, de donde sale la 15\u00aa etapa de la Vuelta a Espa\u00f1a.  \/ C\u00d3RDOBA<\/p>\n<p class=\"ft-text\">Desde este mismo s\u00e1bado a las 16.00 horas estar\u00e1 prohibido estacionar en la localidad palme\u00f1a en R\u00edo Seco, desde el Hogar del Pensionista hasta Siete Revueltas. Tampoco en el entorno de Siete Revueltas, as\u00ed como en la avenida de la Diputaci\u00f3n ni en la avenida de C\u00f3rdoba. Asimismo, la Alcazaba estar\u00e1 cerrada desde este mismo s\u00e1bado hasta el domingo por la tarde. Los aparcamientos de Tinte permanecer\u00e1n cerrados desde las 16.00 de este s\u00e1bado hasta la tarde del domingo, seg\u00fan inform\u00f3 el Ayuntamiento de Palma del R\u00edo, que pidi\u00f3 que los palme\u00f1os retiren sus veh\u00edculos con antelaci\u00f3n de las zonas afectadas y que respeten la se\u00f1alizaci\u00f3n instalada.<strong> La alcaldesa de Palma del R\u00edo, Matilde Esteo<\/strong>, ser\u00e1 la encargada de cortar la cinta que dejar\u00e1 el camino expedito para que los 155 supervivientes de la gran prueba por etapas espa\u00f1ola recorra las carreteras cordobesas a lo largo de los 190 kil\u00f3metros de longitud de la 15\u00aa etapa.<\/p>\n<p>El sue\u00f1o de Enric Mas<\/p>\n<p class=\"ft-text\">El pelot\u00f3n, encabezado por un Enric Mas que sue\u00f1a con lograr su primer gran triunfo en una prueba por etapas, algo a lo que ha estado llamado a lo largo de su carrera, aunque sin \u00e9xito hasta ahora, enfilar\u00e1 la A-431 en direcci\u00f3n Posadas a partir de las 12.35. Tras el paso por Posadas, los ciclistas encontrar\u00e1n el primer impedimento en el camino: el <strong>Puerto de la Forestal<\/strong>, de tercera categor\u00eda, a 34,5 kil\u00f3metros de la salida y a 155 de meta, pero que puede lograr que su ascenso haga mella en las piernas. Tras la bajada, La Vuelta se dirigir\u00e1 hacia Villaviciosa de C\u00f3rdoba y Espiel, localidad por la que pasar\u00e1 cuando resten poco m\u00e1s de 100 kil\u00f3metros. Ah\u00ed, el grupo tomar\u00e1 la N-432 para enfilar el <strong>Alto de Villaviciosa de C\u00f3rdoba<\/strong>, tambi\u00e9n de tercera categor\u00eda, cuando apenas resten 68 kil\u00f3metros para el final. Ser\u00e1 la antesala de su llegada a C\u00f3rdoba, ya que casi de forma continuada, el pelot\u00f3n deber\u00e1 subir el <strong>Puerto de Artafi<\/strong>, en Santa Mar\u00eda de Trassierra, tambi\u00e9n de tercera categor\u00eda y a s\u00f3lo 36 kil\u00f3metros de la meta de C\u00f3rdoba. En Santa Mar\u00eda de Trassierra, precisamente, se encuentra el sprint intermedio, que enlaza con la rotonda hacia las Ermitas. Ah\u00ed, si se recuerdan otras llegadas de anteriores ediciones de La Vuelta, el pelot\u00f3n estar\u00e1 m\u00e1s que lanzado y las escaramuzas ser\u00e1n continuas si ning\u00fan intento de fuga anterior ha fructificado.<\/p>\n<p><img decoding=\"async\" src=\"https:\/\/www.europesays.com\/es\/wp-content\/uploads\/2026\/09\/107590c3-fcba-4a3e-ac06-d88fb7cd324f_alta-libre-aspect-ratio_default_0_x1074y451.jpg\" width=\"1200\" height=\"756\" alt=\"15\u00aa etapa de La Vuelta a Espa\u00f1a, que se disputa entre Palma del R\u00edo y C\u00f3rdoba.\" class=\"ft-helper-img-rd\" loading=\"lazy\" fetchpriority=\"auto\"\/><\/p>\n<p class=\"ft-helper-fontColor-quaternary ft-helper-fontSize-body-S ft-helper-spacer-t-xxs\">15\u00aa etapa de La Vuelta a Espa\u00f1a, que se disputa entre Palma del R\u00edo y C\u00f3rdoba.  \/ RAM\u00d3N AZA\u00d1\u00d3N<\/p>\n<p class=\"ft-text\">Los m\u00e1s de 150 corredores entrar\u00e1n a C\u00f3rdoba por la avenida del Brillante, en torno a las 16.14 horas y a falta de 13 kil\u00f3metros para el final de etapa, desde donde se enganchar\u00e1 con la avenida de los Piconeros, avenida de la Igualdad, avenida de Carlos III, avenida de Libia, avenida Compositor Rafael Castro, Campo de la Verdad, avenida de C\u00e1diz, Puente de San Rafael y Vallellano, en donde se encuentra situada la meta, a la que est\u00e1 previsto llegar en torno a las 17.15 horas.<\/p>\n<p class=\"ft-text\">Miles de cordobeses se concentrar\u00e1n en las calles y, principalmente, en la meta de Vallellano para recibir a una nueva edici\u00f3n de La Vuelta en la C\u00f3rdoba volver\u00e1 a ser protagonista con un <strong>Enric M\u00e1s<\/strong> como l\u00edder de la general. <\/p>\n","protected":false},"excerpt":{"rendered":"La Vuelta a Espa\u00f1a 2026 llega a C\u00f3rdoba este domingo y lo har\u00e1 con una etapa que promete&hellip;\n","protected":false},"author":2,"featured_media":749530,"comment_status":"","ping_status":"","sticky":false,"template":"","format":"standard","meta":{"footnotes":""},"categories":[273],"tags":[313,2760,312,168,25,24,293,5012,16644,23,167,1357],"class_list":["post-749529","post","type-post","status-publish","format-standard","has-post-thumbnail","category-ciclismo","tag-ciclismo","tag-cordoba","tag-cycling","tag-deportes","tag-es","tag-espana","tag-jornada","tag-llega","tag-rompepiernas","tag-spain","tag-sports","tag-vuelta"],"share_on_mastodon":{"url":"https:\/\/pubeurope.com\/@es\/117219535376775443","error":""},"_links":{"self":[{"href":"https:\/\/www.europesays.com\/es\/wp-json\/wp\/v2\/posts\/749529","targetHints":{"allow":["GET"]}}],"collection":[{"href":"https:\/\/www.europesays.com\/es\/wp-json\/wp\/v2\/posts"}],"about":[{"href":"https:\/\/www.europesays.com\/es\/wp-json\/wp\/v2\/types\/post"}],"author":[{"embeddable":true,"href":"https:\/\/www.europesays.com\/es\/wp-json\/wp\/v2\/users\/2"}],"replies":[{"embeddable":true,"href":"https:\/\/www.europesays.com\/es\/wp-json\/wp\/v2\/comments?post=749529"}],"version-history":[{"count":0,"href":"https:\/\/www.europesays.com\/es\/wp-json\/wp\/v2\/posts\/749529\/revisions"}],"wp:featuredmedia":[{"embeddable":true,"href":"https:\/\/www.europesays.com\/es\/wp-json\/wp\/v2\/media\/749530"}],"wp:attachment":[{"href":"https:\/\/www.europesays.com\/es\/wp-json\/wp\/v2\/media?parent=749529"}],"wp:term":[{"taxonomy":"category","embeddable":true,"href":"https:\/\/www.europesays.com\/es\/wp-json\/wp\/v2\/categories?post=749529"},{"taxonomy":"post_tag","embeddable":true,"href":"https:\/\/www.europesays.com\/es\/wp-json\/wp\/v2\/tags?post=749529"}],"curies":[{"name":"wp","href":"https:\/\/api.w.org\/{rel}","templated":true}]}}