{"id":749543,"date":"2026-09-05T17:19:17","date_gmt":"2026-09-05T17:19:17","guid":{"rendered":"https:\/\/www.europesays.com\/es\/749543\/"},"modified":"2026-09-05T17:19:17","modified_gmt":"2026-09-05T17:19:17","slug":"anabel-pantoja-arremete-contra-salvame-en-su-regreso-a-telecinco-y-recibe-la-disculpa-de-terelu-me-da-verguenza","status":"publish","type":"post","link":"https:\/\/www.europesays.com\/es\/749543\/","title":{"rendered":"Anabel Pantoja arremete contra &#8216;S\u00e1lvame&#8217; en su regreso a Telecinco y recibe la disculpa de Terelu: \u00abMe da verg\u00fcenza\u00bb"},"content":{"rendered":"<p class=\"article-text\">\n        Cuatro a\u00f1os despu\u00e9s de abandonar S\u00e1lvame y un a\u00f1o despu\u00e9s de participar en Bailando con las estrellas, <strong>Anabel Pantoja<\/strong> vuelve a los plat\u00f3s de <strong>Telecinco <\/strong>de la mano de <strong>De Viernes<\/strong>, programa al que concedi\u00f3 una extensa entrevista en la noche de este 4 de septiembre.\n    <\/p>\n<p>    <a href=\"https:\/\/www.eldiario.es\/vertele\/noticias\/la-roca-ficha-susana-diaz-nueva-temporada-lasexta-politica-nuevos-colaboradores_1_13489643.html\" data-mrf-recirculation=\"saber-mas\" data-dl-event=\"saber-mas\" rel=\"nofollow noopener\" target=\"_blank\"><\/p>\n<p class=\"know-more__title\">&#8216;La Roca&#8217; ficha a Susana D\u00edaz para su nueva temporada en laSexta, que tendr\u00e1 m\u00e1s pol\u00edtica y nuevos colaboradores<\/p>\n<p>            <img decoding=\"async\" class=\"lazy\" loading=\"lazy\" data-src=\"https:\/\/static.eldiario.es\/clip\/1b57c042-3c26-4a6b-855f-d75985f4a9d7_16-9-aspect-ratio_default_0.jpg\" src=\"data:image\/svg+xml,%3Csvg xmlns=\" http:=\"\" viewbox=\"0 0 880 495\" alt=\"'La Roca' ficha a Susana D\u00edaz para su nueva temporada en laSexta, que tendr\u00e1 m\u00e1s pol\u00edtica y nuevos colaboradores\"\/><\/p>\n<p>                        <\/a><\/p>\n<p class=\"article-text\">\n        En ella habl\u00f3 de los malos momentos que ha pasado como madre (especialmente por la hospitalizaci\u00f3n de su hija y la judiciaci\u00f3n del caso) y del permanente acoso que recibe en las redes sociales, ese delicado escenario en el que empez\u00f3 a trabajar como influencer cuando redujo sus apariciones televisivas.\n    <\/p>\n<p class=\"article-text\">\n        L\u00f3gicamente, los colaboradores de De Viernes le preguntaron por las \u00faltimas pol\u00e9micas de la familia Pantoja, un tema que ella trat\u00f3 de evitar reiteradamente. Lo que s\u00ed dijo es que los medios de comunicaci\u00f3n ejercen una inmensa presi\u00f3n sobre su t\u00eda y sus primos. \u201cT\u00fa has participado y ahora no te puedes ofender\u201d, le espet\u00f3 <strong>Lydia Lozano<\/strong> al recordarle su pasado como colaboradora de S\u00e1lvame, programa en el que cada tarde se diseccionaba la vida de los famosos. Tambi\u00e9n de los Pantoja.\n    <\/p>\n<p class=\"article-text\">\n        \u201cJam\u00e1s me habr\u00e1s visto atacar a una persona y sacar sus trapos sucios\u201d, se defendi\u00f3 Anabel. \u201cYo me pasaba toda la tarde diciendo &#8216;no me consta&#8217; y merendando detr\u00e1s de [David] Valldeperas. Eso es lo que me caracterizaba\u201d, a\u00f1adi\u00f3 sobre su papel en el hist\u00f3rico magac\u00edn de Telecinco. \u201cSin la Pantoja se vende una mierda. La Pantoja rellena la mayor\u00eda de los programas de este pa\u00eds\u201d, sigui\u00f3 diciendo antes de admitir que, en efecto, tambi\u00e9n ella se gan\u00f3 la fama a trav\u00e9s de su t\u00eda: \u201cHemos comido todos, yo la primera que se coloc\u00f3 en S\u00e1lvame por ser sobrina de Isabel Pantoja, pero para defenderla, no para tirarla abajo\u201d.\n    <\/p>\n<p class=\"article-text\">\n        El nombre de S\u00e1lvame son\u00f3 con fuerza durante toda la entrevista. Anabel tambi\u00e9n record\u00f3 el \u201cacoso\u201d que sufri\u00f3 su padre por parte de los medios de comunicaci\u00f3n, y lo mal que ella lo pas\u00f3 cuando \u2013ante la muerte de Bernanrdo Pantoja\u2013 se le cuestion\u00f3 como hija: <strong>\u201cNi \u00e9l se lo merec\u00eda, ni yo tampoco. Y culpo al lugar en el que trabajaba [<\/strong><strong>S\u00e1lvame<\/strong><strong>] porque el 95% del contenido se sac\u00f3 ah\u00ed\u201d<\/strong>.\n    <\/p>\n<p class=\"article-text\">\n        <strong>Jos\u00e9 Antonio Le\u00f3n<\/strong>, exreportero de S\u00e1lvame y actual colaborador de De Viernes, aprovech\u00f3 estas palabras de la invitada para saber si todo esto le hab\u00eda alejado de quienes fueron sus compa\u00f1eros. Anabel prefiri\u00f3 no mencionar a ninguno de ellos, pero <strong>Terelu Campos <\/strong>se dio por aludida y enton\u00f3 el mea culpa. Ella presentaba el magac\u00edn cuando se produjeron algunos de estos desagradables episodios.<strong> \u201cEs de las cosas de las que menos satisfecha me siento, tengo hasta un sentimiento de verg\u00fcenza. Eso no me exime de la responsabilidad que tuve\u201d<\/strong>, declar\u00f3 ayer. \u201cLo que se hizo fue cruel y solo se me hizo a m\u00ed\u201d, lament\u00f3 Anabel. \u201cA algunas personas que trabajan all\u00ed no se les toc\u00f3 ni un pelo\u201d.\n    <\/p>\n<p>    <a href=\"https:\/\/www.eldiario.es\/vertele\/noticias\/supervivientes-all-stars-victor-janeiro-concursante-oficial-honduras-si-paso-antena-3_1_13489255.html\" data-mrf-recirculation=\"saber-mas-abajo\" data-dl-event=\"saber-mas-abajo\" rel=\"nofollow noopener\" target=\"_blank\"><\/p>\n<p class=\"know-more__title\">&#8216;Supervivientes All Stars&#8217; anuncia su duod\u00e9cimo concursante oficial, que no pis\u00f3 Honduras pero s\u00ed pas\u00f3 por Antena 3<\/p>\n<p>            <img decoding=\"async\" class=\"lazy\" loading=\"lazy\" data-src=\"https:\/\/static.eldiario.es\/clip\/ba8c0308-7e22-42a1-9a05-fb3c65f32667_16-9-aspect-ratio_default_0.jpg\" src=\"data:image\/svg+xml,%3Csvg xmlns=\" http:=\"\" viewbox=\"0 0 880 495\" alt=\"'Supervivientes All Stars' anuncia su duod\u00e9cimo concursante oficial, que no pis\u00f3 Honduras pero s\u00ed pas\u00f3 por Antena 3\"\/><\/p>\n<p>                        <\/a><\/p>\n<p class=\"article-text\">\n        La entrevistada acus\u00f3 a S\u00e1lvame de llevar al tanatorio de su padre a determinadas personas que \u201csab\u00edan que all\u00ed no iban a ser bien recibidas\u201d. Todo ello con el \u00fanico prop\u00f3sito de generar \u201caudiencia\u201d. <strong>\u201cYo no soy rencorosa, pero no olvido\u201d<\/strong>, advirti\u00f3. \u201cNo voy a acusar a la mano que me dio de comer. S\u00e1lvame fue mi universidad y no me avergonzar\u00e9, pero s\u00ed me quejar\u00e9 de los doloros momentos que me hicieron pasar\u201d, zanj\u00f3 la conocida influencer.\n    <\/p>\n","protected":false},"excerpt":{"rendered":"Cuatro a\u00f1os despu\u00e9s de abandonar S\u00e1lvame y un a\u00f1o despu\u00e9s de participar en Bailando con las estrellas, Anabel&hellip;\n","protected":false},"author":2,"featured_media":749544,"comment_status":"","ping_status":"","sticky":false,"template":"","format":"standard","meta":{"footnotes":""},"categories":[91],"tags":[11306,16360,7164,16832,146,147,25,24,10878,3684,2596,25286,23,692,5522,8875],"class_list":["post-749543","post","type-post","status-publish","format-standard","has-post-thumbnail","category-entretenimiento","tag-anabel","tag-arremete","tag-da","tag-disculpa","tag-entertainment","tag-entretenimiento","tag-es","tag-espana","tag-pantoja","tag-recibe","tag-regreso","tag-salvame","tag-spain","tag-telecinco","tag-terelu","tag-verguenza"],"share_on_mastodon":{"url":"https:\/\/pubeurope.com\/@es\/117219581439565464","error":""},"_links":{"self":[{"href":"https:\/\/www.europesays.com\/es\/wp-json\/wp\/v2\/posts\/749543","targetHints":{"allow":["GET"]}}],"collection":[{"href":"https:\/\/www.europesays.com\/es\/wp-json\/wp\/v2\/posts"}],"about":[{"href":"https:\/\/www.europesays.com\/es\/wp-json\/wp\/v2\/types\/post"}],"author":[{"embeddable":true,"href":"https:\/\/www.europesays.com\/es\/wp-json\/wp\/v2\/users\/2"}],"replies":[{"embeddable":true,"href":"https:\/\/www.europesays.com\/es\/wp-json\/wp\/v2\/comments?post=749543"}],"version-history":[{"count":0,"href":"https:\/\/www.europesays.com\/es\/wp-json\/wp\/v2\/posts\/749543\/revisions"}],"wp:featuredmedia":[{"embeddable":true,"href":"https:\/\/www.europesays.com\/es\/wp-json\/wp\/v2\/media\/749544"}],"wp:attachment":[{"href":"https:\/\/www.europesays.com\/es\/wp-json\/wp\/v2\/media?parent=749543"}],"wp:term":[{"taxonomy":"category","embeddable":true,"href":"https:\/\/www.europesays.com\/es\/wp-json\/wp\/v2\/categories?post=749543"},{"taxonomy":"post_tag","embeddable":true,"href":"https:\/\/www.europesays.com\/es\/wp-json\/wp\/v2\/tags?post=749543"}],"curies":[{"name":"wp","href":"https:\/\/api.w.org\/{rel}","templated":true}]}}