{"id":749557,"date":"2026-09-05T17:32:24","date_gmt":"2026-09-05T17:32:24","guid":{"rendered":"https:\/\/www.europesays.com\/es\/749557\/"},"modified":"2026-09-05T17:32:24","modified_gmt":"2026-09-05T17:32:24","slug":"entrevista-monbus-obradoiro-louis-riga-mi-objetivo-es-estar-con-los-acb-y-que-cuenten-conmigo-en-entrenamientos-y-partidos","status":"publish","type":"post","link":"https:\/\/www.europesays.com\/es\/749557\/","title":{"rendered":"ENTREVISTA MONBUS OBRADOIRO | Louis Riga: \u00abMi objetivo es estar con los ACB y que cuenten conmigo en entrenamientos y partidos\u00bb"},"content":{"rendered":"<p class=\"ft-text\"><strong>Louis Riga<\/strong> (Par\u00eds, Francia, 2005) afronta su llegada al <a class=\"ft-link ft-link--decoration\" href=\"https:\/\/www.elcorreogallego.es\/temas\/monbus-obradoiro-1787819\/\" target=\"_blank\" rel=\"nofollow noopener\">Monbus Obradoiro<\/a> como una oportunidad para dar un paso adelante en su carrera. Tras seis a\u00f1os en Tenerife, el joven jugador aterriza en Santiago con experiencia en la Liga U y con la ambici\u00f3n de hacerse un hueco en la din\u00e1mica del primer equipo. En sus primeras semanas destaca la exigencia de<strong> Epi y Mart\u00edn Guerreiro<\/strong> y todo lo aprendido junto a referentes como <strong>Marcelinho Huertas, Aaron Doornekamp o Tim Abromaitis<\/strong>.<\/p>\n<p class=\"ft-text\"><strong>\u00bfCu\u00e1les son sus primeras sensaciones en el Obradoiro?<\/strong><\/p>\n<p class=\"ft-text\">Por ahora me siento c\u00f3modo. He podido entrenar con el primer equipo, conocer a nueva gente y, despu\u00e9s de seis a\u00f1os en Tenerife, ver algo nuevo me gusta. Santiago es peque\u00f1o y a\u00fan no he podido visitar mucho, pero lo que he visto es un ambiente diferente al de Tenerife. Es m\u00e1s antiguo, pero la gente es agradable. Por ahora me gustan los dos sitios.<\/p>\n<p class=\"ft-text\"><strong>\u00bfQu\u00e9 diferencias encuentra a nivel de club?<\/strong><\/p>\n<p class=\"ft-text\">Tenerife es un club que en los \u00faltimos cinco a\u00f1os ha seguido creciendo y yo, despu\u00e9s de tanto tiempo all\u00ed, conoc\u00eda a mucha gente. Era un ambiente familiar. Aqu\u00ed todav\u00eda no he podido tener ese sentimiento porque soy nuevo, pero me siento bien y creo que en el Obradoiro existe ese deseo de crecer y ser mejor siempre, tanto en el staff como en el equipo. Acaban de subir, pero hay ese sentimiento de querer ganar y estar arriba.<\/p>\n<p>Aterrizando<\/p>\n<p class=\"ft-text\"><strong>\u00bfC\u00f3mo se forja su llegada?<\/strong><\/p>\n<p class=\"ft-text\">Mi contrato se hab\u00eda acabado en Tenerife y ten\u00eda que buscar algo diferente, un sitio donde tuviese la oportunidad de mostrarme con el ACB y con el U22. Buscaba un club con Liga U porque ahora tiene mucha visibilidad y el Obradoiro me pareci\u00f3 la mejor opci\u00f3n. Adem\u00e1s, el entrenador da oportunidades a los j\u00f3venes. He hablado sobre todo con Mart\u00edn, el entrenador del U22, que me explic\u00f3 c\u00f3mo ser\u00eda la temporada, los entrenamientos y la posibilidad de trabajar tambi\u00e9n con el primer equipo.<\/p>\n<p class=\"ft-text\"><strong>\u00bfQu\u00e9 le piden Epi y Mart\u00edn?<\/strong><\/p>\n<p class=\"ft-text\">Epi, por ser yo el m\u00e1s joven, me pide mucho esfuerzo, intensidad y concentraci\u00f3n. Son muchas jugadas y cosas nuevas, pero al final es baloncesto. Me exige en defensa, en ataque, correr y rebotear. Son cosas simples, pero siendo joven tienes que subir el nivel. Mart\u00edn me pide que ayude al equipo con la experiencia que tuve el a\u00f1o pasado en la Liga U. Es una competici\u00f3n f\u00edsica y tambi\u00e9n t\u00e1ctica, con canteras de clubes ACB. Tengo que aportar ritmo y f\u00edsico para que los entrenamientos sean m\u00e1s intensos que los partidos y llegar preparados.<\/p>\n<p>Desde Tenerife<\/p>\n<p class=\"ft-text\"><strong>\u00bfCon qu\u00e9 se queda de Txus Vidorreta y de Epi?<\/strong><\/p>\n<p class=\"ft-text\">Txus tiene ese plus en todo lo t\u00e1ctico. Maneja muy bien el pick and roll, los espacios y las defensas. Es muy estricto, pero cuando lo entiendes son cosas que te ayudan en el juego y en cualquier club al que vayas despu\u00e9s. De Epi todav\u00eda me cuesta decir algo concreto porque a\u00fan no lo conozco lo suficiente.<\/p>\n<p class=\"ft-text\"><strong>\u00bfHasta qu\u00e9 punto le ayud\u00f3 entrenar con el primer equipo del Tenerife?<\/strong><\/p>\n<p class=\"ft-text\">Mucho. Durante estos seis a\u00f1os pude ver a Marcelinho Huertas entrenar casi todos los d\u00edas y aprender de todo lo que hace alrededor del pick and roll y los espacios. Tambi\u00e9n de tiradores como Kyle Guy, David Kramer o Sasu Salin, sobre todo en los apoyos y en c\u00f3mo tirar m\u00e1s r\u00e1pido. Con Fran Guerra y Gio Shermadini aprend\u00ed a ser m\u00e1s duro y a jugar m\u00e1s fuerte cerca del aro. Pero los que m\u00e1s me ayudaron fueron Aaron Doornekamp y Tim Abromaitis, porque jugaban en una posici\u00f3n similar a la m\u00eda. Me ayudaron con el catch and shoot, los espacios, el rebote y a pelear por todo. Son soldados, jugadores fuertes que van a por todo. Cada uno me aport\u00f3 algo y llego a Santiago con mucha experiencia y muchos consejos.<\/p>\n<p>Aspiraciones<\/p>\n<p class=\"ft-text\"><strong>\u00bfC\u00f3mo ve la Liga U?<\/strong><\/p>\n<p class=\"ft-text\">Es muy buena. En Francia ya exist\u00eda desde hace tiempo una competici\u00f3n para j\u00f3venes, pero lo que hicieron el a\u00f1o pasado con la Liga U fue una experiencia incre\u00edble. Los viajes, los partidos cada fin de semana y jugar en ciudades con aficiones de otros equipos hacen que parezca muy profesional, porque lo es. El nivel es alto y jugar contra tanto talento te obliga a querer mejorar cada d\u00eda. Nosotros lo hicimos bien en el primer a\u00f1o y es algo que voy a recordar siempre. Creo que esta liga va a servir a muchos jugadores por la visibilidad que ofrece y porque puede abrir muchas puertas para el futuro.<\/p>\n<p class=\"ft-text\"><strong>\u00bfSe marca como objetivo llegar a la ACB?<\/strong><\/p>\n<p class=\"ft-text\">S\u00ed. Mi objetivo personal ser\u00eda estar de forma fija en el grupo. S\u00e9 que ser\u00e1 complicado porque hay muchos jugadores, pero quiero estar con ellos. Quiero aportar energ\u00eda en cada entrenamiento y que puedan contar conmigo tanto en los entrenamientos como en los partidos. Al final son profesionales y s\u00e9 que me va a costar, pero es un step que acabo de dar y no quiero bajar, quiero seguir sumando. Por ahora, en pretemporada no voy mal y quiero seguir creciendo y ayudando al equipo.<\/p>\n<p class=\"ft-text\"><strong>\u00bfC\u00f3mo se est\u00e1 sintiendo con el primer equipo?<\/strong><\/p>\n<p class=\"ft-text\">El primer partido no fue el mejor. Jugu\u00e9 con algo de presi\u00f3n porque era una situaci\u00f3n nueva, con un juego y compa\u00f1eros distintos. Intent\u00e9 hacer todo demasiado r\u00e1pido y agresivo. Pero cuando entiendes los errores, al siguiente entrenamiento intentas no repetirlos. En el segundo partido estuve m\u00e1s relajado y con m\u00e1s confianza, pude aportar al equipo y anotar. Es un proceso, pero por ahora me siento bien. Tanto el entrenador como los jugadores me dan confianza.<\/p>\n<p>El lado personal<\/p>\n<p class=\"ft-text\"><strong>\u00bfQui\u00e9n es Louis fuera del baloncesto?<\/strong><\/p>\n<p class=\"ft-text\">Soy un chico al que le gusta descubrir cosas y conocer gente. No tengo miedo de hablar o preguntar. En Santiago intento conocer la ciudad y Galicia, porque me han hablado muy bien de ella. No tengo muchos hobbies, pero me encanta conocer sitios y descubrir Espa\u00f1a, que no es mi pa\u00eds. Ahora que estoy aqu\u00ed quiero aprovechar para conocer y vivir.<\/p>\n","protected":false},"excerpt":{"rendered":"Louis Riga (Par\u00eds, Francia, 2005) afronta su llegada al Monbus Obradoiro como una oportunidad para dar un paso&hellip;\n","protected":false},"author":2,"featured_media":749558,"comment_status":"","ping_status":"","sticky":false,"template":"","format":"standard","meta":{"footnotes":""},"categories":[269],"tags":[302,299,298,168,25,24,48121,10284,133206,661,10285,39040,23,167],"class_list":["post-749557","post","type-post","status-publish","format-standard","has-post-thumbnail","category-baloncesto","tag-acb","tag-baloncesto","tag-basketball","tag-deportes","tag-es","tag-espana","tag-louis","tag-monbus-obradoiro","tag-monbus-obradoiro-acb-liga-u","tag-objetivo","tag-obradoiro-cab","tag-riga","tag-spain","tag-sports"],"share_on_mastodon":{"url":"https:\/\/pubeurope.com\/@es\/117219632658574579","error":""},"_links":{"self":[{"href":"https:\/\/www.europesays.com\/es\/wp-json\/wp\/v2\/posts\/749557","targetHints":{"allow":["GET"]}}],"collection":[{"href":"https:\/\/www.europesays.com\/es\/wp-json\/wp\/v2\/posts"}],"about":[{"href":"https:\/\/www.europesays.com\/es\/wp-json\/wp\/v2\/types\/post"}],"author":[{"embeddable":true,"href":"https:\/\/www.europesays.com\/es\/wp-json\/wp\/v2\/users\/2"}],"replies":[{"embeddable":true,"href":"https:\/\/www.europesays.com\/es\/wp-json\/wp\/v2\/comments?post=749557"}],"version-history":[{"count":0,"href":"https:\/\/www.europesays.com\/es\/wp-json\/wp\/v2\/posts\/749557\/revisions"}],"wp:featuredmedia":[{"embeddable":true,"href":"https:\/\/www.europesays.com\/es\/wp-json\/wp\/v2\/media\/749558"}],"wp:attachment":[{"href":"https:\/\/www.europesays.com\/es\/wp-json\/wp\/v2\/media?parent=749557"}],"wp:term":[{"taxonomy":"category","embeddable":true,"href":"https:\/\/www.europesays.com\/es\/wp-json\/wp\/v2\/categories?post=749557"},{"taxonomy":"post_tag","embeddable":true,"href":"https:\/\/www.europesays.com\/es\/wp-json\/wp\/v2\/tags?post=749557"}],"curies":[{"name":"wp","href":"https:\/\/api.w.org\/{rel}","templated":true}]}}