{"id":749581,"date":"2026-09-05T17:46:22","date_gmt":"2026-09-05T17:46:22","guid":{"rendered":"https:\/\/www.europesays.com\/es\/749581\/"},"modified":"2026-09-05T17:46:22","modified_gmt":"2026-09-05T17:46:22","slug":"feijoo-acusa-a-sanchez-de-ser-sumiso-con-el-regimen-de-marruecos-mientras-se-enfrenta-a-paises-aliados","status":"publish","type":"post","link":"https:\/\/www.europesays.com\/es\/749581\/","title":{"rendered":"Feij\u00f3o acusa a S\u00e1nchez de ser \u00absumiso\u00bb con el r\u00e9gimen de Marruecos mientras se enfrenta a pa\u00edses aliados"},"content":{"rendered":"<p class=\"article-text\">\n        El l\u00edder del PP nacional, Alberto N\u00fa\u00f1ez Feij\u00f3o, ha vuelto a atacar al Gobierno de Pedro S\u00e1nchez por la crisis humanitaria de Ceuta y <a href=\"https:\/\/www.eldiario.es\/politica\/feijoo-cree-rey-quiere-ceuta-pide-gobierno-autorice-viaje_1_13461552.html\" target=\"_blank\" data-mrf-recirculation=\"links-noticia\" class=\"link\" rel=\"nofollow noopener\">ha colocado otra vez a Felipe VI en el centro de la pol\u00e9mica<\/a>. \u201cSon distantes con el rey de Espa\u00f1a y reverenciables con el de Marruecos. Son los m\u00e1s mon\u00e1rquicos en el pa\u00eds equivocado\u201d, ha destacado el presidente de los conservadores en un acto en el municipio de Getafe con motivo de la apertura del curso pol\u00edtico del PP madrile\u00f1o junto a la presidenta de la Comunidad de Madrid, Isabel D\u00edaz Ayuso.\n    <\/p>\n<p>    <a href=\"https:\/\/www.eldiario.es\/politica\/feijoo-acusa-sanchez-miedo-marruecos-pagar-justicia-urnas_1_13484126.html\" data-mrf-recirculation=\"saber-mas\" data-dl-event=\"saber-mas\" rel=\"nofollow noopener\" target=\"_blank\"><\/p>\n<p class=\"know-more__title\">Feij\u00f3o acusa a S\u00e1nchez de \u00abtener miedo\u00bb a Marruecos: \u00abPagar\u00e1 ante la justicia y las urnas\u00bb<\/p>\n<p>            <img decoding=\"async\" class=\"lazy\" loading=\"lazy\" data-src=\"https:\/\/static.eldiario.es\/clip\/dfc7076f-ad6c-4110-b9dc-98d6d04b1245_16-9-aspect-ratio_default_0_x1156y296.jpg\" src=\"data:image\/svg+xml,%3Csvg xmlns=\" http:=\"\" viewbox=\"0 0 880 495\" alt=\"Feij\u00f3o acusa a S\u00e1nchez de &quot;tener miedo&quot; a Marruecos: &quot;Pagar\u00e1 ante la justicia y las urnas&quot;\"\/><\/p>\n<p>                        <\/a><\/p>\n<p class=\"article-text\">\n        Feij\u00f3o ha destacado que en el Gobierno de Espa\u00f1a \u201cson implacables con las comunidades que est\u00e1n gestionando sobrepasadas con los menores y mansos con las mafias de inmigraci\u00f3n ilegal\u201d y ha continuado se\u00f1alando que \u201cson contundentes contra naciones aliadas que protegen sus fronteras\u201d, en referencia al conflicto surgido con Italia, y \u201csumisos contra quienes revientan nuestras fronteras\u201d, por una posible participaci\u00f3n de Marruecos en la entrada de 70.000 personas el pasado mes de julio. Seg\u00fan el l\u00edder del PP, \u201cEspa\u00f1a no debe ni pedir permiso ni perd\u00f3n para mantener su integridad territorial\u201d, ya que \u201ctiene que cumplir con sus derechos constitucionales, como respeta el resto de naciones\u201d.\n    <\/p>\n<p class=\"article-text\">\n        Para el l\u00edder del PP, \u201cen Ceuta hemos visto la hipocres\u00eda de la izquierda\u201d ya que \u201cest\u00e1 callada\u201d ante la inseguridad que se vive en la ciudad donde, seg\u00fan ha dicho, los abusos sexuales se han multiplicado \u201cpor ocho\u201d. \u201cEl mi\u00e9rcoles [en referencia a las manifestaciones convocadas en los ayuntamientos] vimos como en toda Espa\u00f1a los espa\u00f1oles dijimos que Ceuta es nuestra y que somos igual de espa\u00f1oles que los ceut\u00edes\u201d, ha a\u00f1adido Feij\u00f3o.\n    <\/p>\n<p class=\"article-text\">\n        Adem\u00e1s, Feij\u00f3o ha aprovechado su intervenci\u00f3n para pedir a la ministra de Defensa, Margarita Robles, que \u201cdeje\u201d comparecer a <a href=\"https:\/\/www.eldiario.es\/galicia\/feijoo-reclama-comparecencia-directora-cni-crisis-ceuta_1_13474276.html\" data-mrf-recirculation=\"links-noticia\" class=\"link\" rel=\"nofollow noopener\" target=\"_blank\">la directora general del Centro Nacional de Inteligencia (CNI), Esperanza Casteleiro<\/a>, porque los espa\u00f1oles tienen \u201cderecho a conocer la verdad\u201d sobre lo ocurrido en Ceuta tras la entrada masiva de migrantes de finales de julio. \u201cLlevamos desde principios de agosto solicitando la comparecencia de la directora del CNI en la Comisi\u00f3n de Secretos Oficiales. Yo le digo a la ministra de Defensa desde aqu\u00ed: deja comparecer a la directora del CNI en la Comisi\u00f3n de Secretos Oficiales porque si lo sigues impidiendo, aunque no le aplaudas, eres igual que Pedro S\u00e1nchez\u201d, ha dicho.\n    <\/p>\n<p class=\"article-text\">\n        En una l\u00ednea similar se ha pronunciado Ayuso minutos antes. Seg\u00fan la l\u00edder regional, S\u00e1nchez niega \u201cla verdad y miente\u201d, ya que ha existido \u201cuna acci\u00f3n coordinada desde Rabat\u201d y coordinada por \u201clos servicios secretos marroqu\u00edes\u201d que \u201cfueron los que dirigieron a estos inmigrantes hasta el punto exacto de entrada\u201d. Y, seg\u00fan ella, el presidente del Gobierno \u201cno ha hecho nada. \u201dEspa\u00f1a est\u00e1 sola, no tiene defensa internacional\u201c, ha dicho y ha a\u00f1adido que \u201dhan chuleado a EEUU\u201c y que ahora \u201destamos solos y d\u00e9biles con un Gobierno al que le han tomado la matr\u00edcula\u201c.\n    <\/p>\n<p>    Criticas a las vacaciones de S\u00e1nchez<\/p>\n<p class=\"article-text\">\n        \u201cNecesitamos autoridad, ley y orden, y fronteras, y no un presidente que pasa de las fronteras mientras est\u00e1 de vacaciones\u201d, ha asegurado la presidenta madrile\u00f1a que ha criticado que S\u00e1nchez no suspendiese sus \u201clujosas\u201d vacaciones. \u201cLo \u00fanico a lo que est\u00e1 es al descanso, porque dice que tiene derecho. No, no tienes derecho. Cuando t\u00fa tienes una responsabilidad, eso est\u00e1 por encima de tu derecho a las vacaciones. \u00bfC\u00f3mo qu\u00e9 derecho a las vacaciones un l\u00edder pol\u00edtico? Si las cosas est\u00e1n mal, te quedas con tu pueblo. Y, cuando las cosas se arreglen, como todo padre de familia, ya te ir\u00e1s si puedes. No hay derecho a vacaciones y que Espa\u00f1a se hunda. No hay derecho a hundir a Espa\u00f1a y a abandonarla\u201d, ha defendido.\n    <\/p>\n<p class=\"article-text\">\n        Tambi\u00e9n se ha pronunciado sobre esto Feij\u00f3o que ha iniciado su intervenci\u00f3n destacando que \u201cun pol\u00edtico no es oficinista de 8 a 3, es una persona que se compromete con el inter\u00e9s general\u201d. El l\u00edder del PP ha destacado que en los pr\u00f3ximos meses su partido se va a exigir \u201cmucho\u201d: \u201cNo vengo a pedir paciencia, vengo a pedir fuerza cada d\u00eda, cada minuto y en cada lugar para que gane la raz\u00f3n de los espa\u00f1oles. Os aseguro que valdr\u00e1 la pena\u201d.\n    <\/p>\n<p class=\"article-text\">\n        \u201cNo podemos confiarnos ni pensar en que todo caer\u00e1 como una fruta podrida, hay que apretar\u201d, ha dicho Feij\u00f3o en relaci\u00f3n con las pr\u00f3ximas elecciones municipales y auton\u00f3micas en mayo y una posible convocatoria de comicios generales. \u201cSi algo hemos aprendido en estos a\u00f1os es que enfrente tenemos a una gente que puede hacer cualquier cosa para mantenerse\u201d, ha asegurado y ha adelantado que \u201cvamos a echar a Pedro S\u00e1nchez\u201d aunque \u201cya sabemos como son: son expertos en maniobrar, de decir una cosa y la contraria\u201d.\n    <\/p>\n<p class=\"article-text\">\n        A rengl\u00f3n seguido, ha subrayado que el alcalde de Madrid, Jos\u00e9 Luis Mart\u00ednez-Almeida, que tambi\u00e9n estaba presente en el acto, competir\u00e1 con una exministra de S\u00e1nchez como candidata, en alusi\u00f3n a Reyes Maroto. Y a Ayuso, ha proseguido, \u201cle ponen dos ministros de candidatos\u201d, en referencia al socialista \u00d3scar L\u00f3pez y M\u00f3nica Garc\u00eda, de M\u00e1s Madrid. En este punto, ha pedido a Ayuso y Almeida hacer \u201cun trato\u201d: \u201cVosotros le gan\u00e1is a los ministros y yo le gano al presidente\u201d.\n    <\/p>\n<p class=\"article-text\">\n        \u201cVamos a ir de cara y as\u00ed le vamos a ganar. Y esta vez no como en el a\u00f1o 2023, sino haciendo imposible que vuelvan a gobernar despu\u00e9s de perder. Es como tenemos que ganar\u201d, ha destacado antes de concluir haciendo propio el eslogan de Ayuso en las \u00faltimas elecciones auton\u00f3micas: &#8216;Vamos a ganar con ganas&#8217;.\n    <\/p>\n<p class=\"article-text\">\n        Por su parte, la presidenta Ayuso ha comenzado su intervenci\u00f3n, centrada en los ataques contra un S\u00e1nchez al que ha llamado \u201cel jeta de La Mareta\u201d y al que ha acusado de estar \u201cobsesionado\u201d con ella, destacando que comienza \u201cun curso especialmente decisivo para Espa\u00f1a\u201d. \u201cEs el momento de reiniciar Espa\u00f1a\u201d, ha dicho tras decir que pasamos por el momento m\u00e1s \u201cantidemocr\u00e1tico\u201d de su historia.\n    <\/p>\n<p class=\"article-text\">\n        Para la l\u00edder regional, el Gobierno de Pedro S\u00e1nchez es \u201cun proyecto totalitario, una reedici\u00f3n del frente popular, esta vez unido a los nacionalismos\u201d. \u201cEst\u00e1 atacando la unidad de Espa\u00f1a y la defensa de nuestras fronteras\u201d, ha indicado y ha apuntado que \u201clo que ocurre en Ceuta est\u00e1 ocurriendo por toda Espa\u00f1a a menor velocidad\u201d.\n    <\/p>\n<p class=\"article-text\">\n        Ayuso tambi\u00e9n ha defendido la postura de su Gobierno de no acudir a la reuni\u00f3n con Hacienda para aprobar la financiaci\u00f3n aut\u00f3nomica. \u201cSi me dicen que pagando 500 millones de euros porque S\u00e1nchez se vaya, los pagamos\u201d, ha bromeado la presidenta que ha destacado que \u201clos madrile\u00f1os no pueden m\u00e1s\u201d porque \u201cestamos pagando la fiesta independentistas\u201d. \u201cEl dinero de los madrile\u00f1os no se toca, y si lo tocan lo va a pagar. Eso lo juro\u201d, ha dicho. \u201cEstamos a dos d\u00edas del francomod\u00edn\u201d, ha afirmado la l\u00edder regional que tambi\u00e9n ha deslizado que el Gobierno quiere que \u201cacabemos en una guerra civil\u201d.\n    <\/p>\n<p>    Silencio sobre el \u00e1tico de lujo de Ayuso<\/p>\n<p class=\"article-text\">\n        Feij\u00f3o y Ayuso han exhibido unidad con este acto en el municipio de Getafe con el que inician un nuevo curso pol\u00edtico, que estar\u00e1 ya marcado por las elecciones auton\u00f3micas y municipales del 2027. El encuentro ha reunido tambi\u00e9n a dirigentes y afiliados del Partido Popular de Madrid en el que tambi\u00e9n ha intervenido el portavoz popular en la localidad y candidato para las pr\u00f3ximas elecciones municipales, Antonio Jos\u00e9 Mesa, que ha aprovechado este altavoz para cargar contra la alcaldesa socialista de la localidad.\n    <\/p>\n<p class=\"article-text\">\n        El encuentro de ambos l\u00edderes se produce adem\u00e1s en plena pol\u00e9mica por la compra del \u00e1tico de Chamber\u00ed por parte de la Comunidad de Madrid a trav\u00e9s de Planifica Madrid, un asunto que el Gobierno madrile\u00f1o quiere dar por zanjado ya que, seg\u00fan ha alegado, las explicaciones que se han dado son \u201cconcluyentes\u201d. Y que, obviamente al ser un acto de partido, no se ha mencionado en ninguna de las intervenciones.\n    <\/p>\n<p class=\"article-text\">\n        La propia presidenta tuvo que salir a defender el pasado 24 de agosto que ya se ha \u201cdicho todo\u201d sobre el \u00e1tico y \u201cse puede demostrar\u201d: <a href=\"https:\/\/www.eldiario.es\/madrid\/ayuso-rechaza-dar-explicaciones-palabras-feijoo-atico-venta-chao-pescao_1_13463394.html\" target=\"_blank\" data-mrf-recirculation=\"links-noticia\" class=\"link\" rel=\"nofollow noopener\">\u201cEst\u00e1 en venta. Chao pescao\u201d<\/a>. Esta declaraci\u00f3n se produjo en respuesta a unas declaraciones de Feij\u00f3o en una entrevista en la que asegur\u00f3  que conoc\u00eda desde el mes de abril que el Gobierno madrile\u00f1o buscaba un lugar para \u201cun traslado temporal\u201d del equipo de secretar\u00eda y gabinete de Presidencia y que tendr\u00eda que ser <a href=\"https:\/\/www.eldiario.es\/madrid\/feijoo-patrimonio-comunidad-madrid-tendra-explicar-compro-atico-no-destinar-oficina_1_13462557.html\" target=\"_blank\" data-mrf-recirculation=\"links-noticia\" class=\"link\" rel=\"nofollow noopener\">Patrimonio de la Comunidad de Madrid el que explicase por qu\u00e9 compr\u00f3 esta vivienda que \u201cno se puede destinar a oficina\u201d<\/a>.\n    <\/p>\n<p>    <a href=\"https:\/\/www.eldiario.es\/desalambre\/rechazo-gobierno-traslados-migrantes-peninsula-falta-plazas-acogida-prolonga-crisis-humanitaria-ceuta_1_13488957.html\" data-mrf-recirculation=\"saber-mas-abajo\" data-dl-event=\"saber-mas-abajo\" rel=\"nofollow noopener\" target=\"_blank\"><\/p>\n<p class=\"know-more__title\">El rechazo del Gobierno a los traslados de migrantes a la pen\u00ednsula y la falta de plazas de acogida prolonga la crisis humanitaria en Ceuta<\/p>\n<p>            <img decoding=\"async\" class=\"lazy\" loading=\"lazy\" data-src=\"https:\/\/static.eldiario.es\/clip\/6baef550-44dc-44f3-b8a9-cd7be9646f0c_16-9-aspect-ratio_default_0.jpg\" src=\"data:image\/svg+xml,%3Csvg xmlns=\" http:=\"\" viewbox=\"0 0 880 495\" alt=\"El rechazo del Gobierno a los traslados de migrantes a la pen\u00ednsula y la falta de plazas de acogida prolongan la crisis humanitaria en Ceuta\"\/><\/p>\n<p>                        <\/a><\/p>\n<p class=\"article-text\">\n        El Gobierno de Ayuso ha sacado a la venta ese inmueble por un precio de salida de 6,7 millones para recaudar fondos con los que pagar la reconstrucci\u00f3n de la Sierra Oeste a ra\u00edz del incendio que arras\u00f3 unas 30.000 hect\u00e1reas. Esta semana tambi\u00e9n se ha conocido que Ayuso visit\u00f3 el \u00e1tico adquirido por la empresa p\u00fablica en el distrito de Chamber\u00ed tras su compra, pero se dej\u00f3 para finales del mes de octubre \u201cla decisi\u00f3n de qu\u00e9 hacer respecto al traslado\u201d por las obras en la Real Casa de Correos.\n    <\/p>\n","protected":false},"excerpt":{"rendered":"El l\u00edder del PP nacional, Alberto N\u00fa\u00f1ez Feij\u00f3o, ha vuelto a atacar al Gobierno de Pedro S\u00e1nchez por&hellip;\n","protected":false},"author":2,"featured_media":749582,"comment_status":"","ping_status":"","sticky":false,"template":"","format":"standard","meta":{"footnotes":""},"categories":[8],"tags":[6630,12162,17,18,27995,25,24,13,14,9860,11,19,20,4485,9,10,15,16,8523,9923,199,23,133211,12,21,22],"class_list":["post-749581","post","type-post","status-publish","format-standard","has-post-thumbnail","category-espana","tag-acusa","tag-aliados","tag-breaking-news","tag-breakingnews","tag-enfrenta","tag-es","tag-espana","tag-featured-news","tag-featurednews","tag-feijoo","tag-headlines","tag-latest-news","tag-latestnews","tag-marruecos","tag-news","tag-noticias","tag-noticias-destacadas","tag-noticiasdestacadas","tag-paises","tag-regimen","tag-sanchez","tag-spain","tag-sumiso","tag-titulares","tag-ultimas-noticias","tag-ultimasnoticias"],"share_on_mastodon":{"url":"https:\/\/pubeurope.com\/@es\/117219687345190840","error":""},"_links":{"self":[{"href":"https:\/\/www.europesays.com\/es\/wp-json\/wp\/v2\/posts\/749581","targetHints":{"allow":["GET"]}}],"collection":[{"href":"https:\/\/www.europesays.com\/es\/wp-json\/wp\/v2\/posts"}],"about":[{"href":"https:\/\/www.europesays.com\/es\/wp-json\/wp\/v2\/types\/post"}],"author":[{"embeddable":true,"href":"https:\/\/www.europesays.com\/es\/wp-json\/wp\/v2\/users\/2"}],"replies":[{"embeddable":true,"href":"https:\/\/www.europesays.com\/es\/wp-json\/wp\/v2\/comments?post=749581"}],"version-history":[{"count":0,"href":"https:\/\/www.europesays.com\/es\/wp-json\/wp\/v2\/posts\/749581\/revisions"}],"wp:featuredmedia":[{"embeddable":true,"href":"https:\/\/www.europesays.com\/es\/wp-json\/wp\/v2\/media\/749582"}],"wp:attachment":[{"href":"https:\/\/www.europesays.com\/es\/wp-json\/wp\/v2\/media?parent=749581"}],"wp:term":[{"taxonomy":"category","embeddable":true,"href":"https:\/\/www.europesays.com\/es\/wp-json\/wp\/v2\/categories?post=749581"},{"taxonomy":"post_tag","embeddable":true,"href":"https:\/\/www.europesays.com\/es\/wp-json\/wp\/v2\/tags?post=749581"}],"curies":[{"name":"wp","href":"https:\/\/api.w.org\/{rel}","templated":true}]}}