{"id":749591,"date":"2026-09-05T17:57:24","date_gmt":"2026-09-05T17:57:24","guid":{"rendered":"https:\/\/www.europesays.com\/es\/749591\/"},"modified":"2026-09-05T17:57:24","modified_gmt":"2026-09-05T17:57:24","slug":"el-barrio-de-barcelona-que-le-da-el-mote-a-joan-manuel-serrat-limita-con-el-raval-y-san-antonio-y-tiene-una-vibrante-vida-cultural","status":"publish","type":"post","link":"https:\/\/www.europesays.com\/es\/749591\/","title":{"rendered":"El barrio de Barcelona que le da el mote a Joan Manuel Serrat: limita con El Raval y San Antonio y tiene una vibrante vida cultural"},"content":{"rendered":"<p class=\"v-d-p\">Joan Manuel Serrat es uno de los artistas m\u00e1s estrechamente vinculados con Barcelona. Aunque actualmente vive en Vallcarca, su historia personal y musical est\u00e1 unida especialmente al <strong>Poble-sec,<\/strong> el barrio donde naci\u00f3 y pas\u00f3 buena parte de su infancia.<\/p>\n<p class=\"v-d-p\">El cantautor naci\u00f3 el  &#8230; 27 de diciembre de 1943 en este antiguo barrio obrero situado a los pies de Montju\u00efc. All\u00ed creci\u00f3, concretamente en la calle Poeta Cabanyes, y conoci\u00f3 un ambiente popular que posteriormente dej\u00f3 huella en numerosas canciones. Por este origen tambi\u00e9n es conocido como <strong>el noi del Poble-sec.<\/strong> Pero, \u00bfc\u00f3mo es exactamente este barrio?<\/p>\n<ul class=\"v-cmp-rld__u\">\n<li class=\"v-cmp-rld__l\">\n<p><a class=\"v-a-lnk\" href=\"http:\/\/www.abc.es\/gente\/joan-manuel-serrat-anos-desayuno-cafe-solo-20260814111235-nt.html#vtm_modulosEngag=noticiasrelacionadas-cmp-uno:espana:noticia:1\" data-voc-vtm-id=\"in-text-traffic\" rel=\"nofollow noopener\" target=\"_blank\"><br \/>\n<img decoding=\"async\" loading=\"lazy\" src=\"https:\/\/www.europesays.com\/es\/wp-content\/uploads\/2026\/09\/SERRTT-kMdE-U77084047205wKL-366x256@diario_abc.jpg\" class=\"v-a-img\" width=\"258\" height=\"180\" alt=\"Joan Manuel Serrat: \u00abDesayuno un caf\u00e9 solo negro. No necesito m\u00e1s para que el motor empiece a rodar\u00bb\"\/><br \/>\n<\/a><\/p>\n<\/li>\n<\/ul>\n<p>\nLa esencia del Poble-sec\n<\/p>\n<p class=\"v-d-p\">Poble-sec pertenece al distrito de Sants-Montjuic y se extiende entre la monta\u00f1a y la avenida del Paralelo. Esta hist\u00f3rica v\u00eda lo separa de El Raval y San Antonio, dos barrios c\u00e9ntricos con los que comparte parte de su actividad comercial, cultural y gastron\u00f3mica.<\/p>\n<p class=\"v-d-p\">La <strong>vida cultural<\/strong> constituye precisamente uno de sus grandes atractivos. El Paralelo fue durante d\u00e9cadas el principal eje teatral de Barcelona y todav\u00eda re\u00fane salas y espacios emblem\u00e1ticos como los teatros Apolo y Victoria, El Molino y la Sala Apolo.<\/p>\n<p><img decoding=\"async\" loading=\"lazy\" src=\"https:\/\/www.europesays.com\/es\/wp-content\/uploads\/2026\/09\/Captura_20260904185400-U03550303350Riu-680x476@diario_abc.PNG\" class=\"v-a-img\" width=\"680\" height=\"478\" alt=\"\" data-voc-vtm-id=\"in-text-traffic\"\/><\/p>\n<p>(Ayuntamiento de Barcelona)<\/p>\n<p class=\"v-d-p\">Otro de los lugares m\u00e1s concurridos es la <strong>calle Blai<\/strong>, una v\u00eda peatonal conocida por sus bares de tapas y pinchos. A ella se suman las bodegas tradicionales y plazas como la del Sortidor, que conservan parte del car\u00e1cter popular del barrio.<\/p>\n<p class=\"v-d-p\">Su proximidad a Montju\u00efc completa el atractivo de la zona. Desde Poble-sec se puede llegar f\u00e1cilmente al Teatro Giego, la Fundaci\u00f3n Joan Mir\u00f3, el Museo Nacional de Arte de Catalu\u00f1a y numerosos jardines y miradores.<\/p>\n","protected":false},"excerpt":{"rendered":"Joan Manuel Serrat es uno de los artistas m\u00e1s estrechamente vinculados con Barcelona. Aunque actualmente vive en Vallcarca,&hellip;\n","protected":false},"author":2,"featured_media":749592,"comment_status":"","ping_status":"","sticky":false,"template":"","format":"standard","meta":{"footnotes":""},"categories":[174],"tags":[1247,210,1626,255,8332,146,147,25,24,256,5170,74549,841,133212,28461,2228,38713,23,43537,2606],"class_list":["post-749591","post","type-post","status-publish","format-standard","has-post-thumbnail","category-famosos","tag-antonio","tag-barcelona","tag-barrio","tag-celebrities","tag-cultural","tag-entertainment","tag-entretenimiento","tag-es","tag-espana","tag-famosos","tag-joan","tag-limita","tag-manuel","tag-mote","tag-raval","tag-san","tag-serrat","tag-spain","tag-vibrante","tag-vida"],"share_on_mastodon":{"url":"https:\/\/pubeurope.com\/@es\/117219732821689419","error":""},"_links":{"self":[{"href":"https:\/\/www.europesays.com\/es\/wp-json\/wp\/v2\/posts\/749591","targetHints":{"allow":["GET"]}}],"collection":[{"href":"https:\/\/www.europesays.com\/es\/wp-json\/wp\/v2\/posts"}],"about":[{"href":"https:\/\/www.europesays.com\/es\/wp-json\/wp\/v2\/types\/post"}],"author":[{"embeddable":true,"href":"https:\/\/www.europesays.com\/es\/wp-json\/wp\/v2\/users\/2"}],"replies":[{"embeddable":true,"href":"https:\/\/www.europesays.com\/es\/wp-json\/wp\/v2\/comments?post=749591"}],"version-history":[{"count":0,"href":"https:\/\/www.europesays.com\/es\/wp-json\/wp\/v2\/posts\/749591\/revisions"}],"wp:featuredmedia":[{"embeddable":true,"href":"https:\/\/www.europesays.com\/es\/wp-json\/wp\/v2\/media\/749592"}],"wp:attachment":[{"href":"https:\/\/www.europesays.com\/es\/wp-json\/wp\/v2\/media?parent=749591"}],"wp:term":[{"taxonomy":"category","embeddable":true,"href":"https:\/\/www.europesays.com\/es\/wp-json\/wp\/v2\/categories?post=749591"},{"taxonomy":"post_tag","embeddable":true,"href":"https:\/\/www.europesays.com\/es\/wp-json\/wp\/v2\/tags?post=749591"}],"curies":[{"name":"wp","href":"https:\/\/api.w.org\/{rel}","templated":true}]}}