{"id":749619,"date":"2026-09-05T18:17:15","date_gmt":"2026-09-05T18:17:15","guid":{"rendered":"https:\/\/www.europesays.com\/es\/749619\/"},"modified":"2026-09-05T18:17:15","modified_gmt":"2026-09-05T18:17:15","slug":"ciclismo-vuelta-a-espana","status":"publish","type":"post","link":"https:\/\/www.europesays.com\/es\/749619\/","title":{"rendered":"CICLISMO | VUELTA A ESPA\u00d1A"},"content":{"rendered":"<p class=\"ft-text\">Por <strong>Valdepe\u00f1as de Ja\u00e9n<\/strong>, despu\u00e9s de superar una rampa que parece que lleve a la luna si no est\u00e1 de eclipse, los ciclistas pasan como estatuas sudadas. Si mueven la cabeza salta el sudor. No hay nadie que ponga buena cara, aunque vista de rojo, como <a class=\"ft-link ft-link--decoration\" href=\"https:\/\/www.sport.es\/es\/temas\/enric-1855625\" rel=\"nofollow noopener\" target=\"_blank\"><strong>Enric Mas<\/strong><\/a>, cada vez m\u00e1s l\u00edder, ni que lo haga con el traje de su equipo, el Tudor, como el alem\u00e1n <strong>Marco Brenner<\/strong>, que da la sorpresa en la cumbre de la Sierra de la Pandera.<\/p>\n<p class=\"ft-text\">Quien tiene un amigo que se llama <strong>Ra\u00fal Garc\u00eda Pierna<\/strong> dispone de un tesoro. El Movistar se mueve a ritmo de t\u00e1ctica, la que prepara \u2018Rojillas\u2019, <strong>Jos\u00e9 Joaqu\u00edn Rojas<\/strong>, el eterno ayudante de <strong>Alejandro Valverde<\/strong>, cuando ambos eran corredores. Ahora el director principal y el que hace las estrategias del conjunto de Telef\u00f3nica en la Vuelta.<\/p>\n<p>Hijo de ciclista<\/p>\n<p class=\"ft-text\"><strong>Garc\u00eda Pierna<\/strong>, hijo de ciclista, su padre es <strong>F\u00e9lix Garc\u00eda Casas<\/strong>, que corri\u00f3 a finales del siglo pasado, es madrile\u00f1o y de Tres Cantos, camino de la sierra, con buen terreno y carril bici supers\u00f3nico y famoso en todo Madrid para entrenar y convertirse en el gregario de oro de <strong>Mas<\/strong>, que ara\u00f1a otros 25 segundos a <a class=\"ft-link ft-link--decoration\" href=\"https:\/\/www.sport.es\/es\/temas\/primoz-roglic-1015250\" rel=\"nofollow noopener\" target=\"_blank\"><strong>Primoz Roglic<\/strong><\/a>, que ya lo tiene a 2.10 minutos y que supone una renta descarada para afrontar con seguridad la contrarreloj del pr\u00f3ximo jueves en Jerez, el punto negro que le queda al ciclista mallorqu\u00edn para ganar la Vuelta.<\/p>\n<p class=\"ft-text\">Por Valdepe\u00f1as de Jerez, donde la carrera ha instalado una especie de meta ambulante para sus invitados porque arriba no caben todos, <strong>Garc\u00eda Pierna<\/strong> pasa en la fuga, donde va el ganador, y en la que se ha colocado para desengancharse al final y echarle una mano a <strong>Enric<\/strong>, que nunca viene mal.<\/p>\n<p class=\"ft-text\">Su mala cara es terrible, sudado hasta las cejas, le cae agua por las piernas, marcas blancas en el \u2018maillot\u2019 y ojos perdidos, como ponen todos, el calor los est\u00e1 matando y en las cunetas, para refrescar a los corredores, parece que haya m\u00e1s <strong>auxiliares que seguidores<\/strong>.<\/p>\n<p>La ausencia y renovaci\u00f3n de Pogacar<\/p>\n<p class=\"ft-text\">El Movistar no es el UAE. No est\u00e1 <strong>Tadej Pogacar<\/strong>, por desgracia. Es el que comunica desde M\u00f3naco que ya no correr\u00e1 m\u00e1s este a\u00f1o y que ha renovado hasta 2032 por su equipo. Tendr\u00e1 34 a\u00f1os. Y como el conjunto espa\u00f1ol no es el \u00e1rabe deja que las fugas fructifiquen. Son escapadas para colocar peones que le sirvan a la reina del tablero para dar el jaque, tal vez incluso mate, a <strong>Roglic<\/strong> y para ayudarlo cuando el esloveno, el mejor en la \u2018crono\u2019, se queda vac\u00edo y acaba cediendo la segunda plaza a <strong>Felix Gall<\/strong>.<\/p>\n<p class=\"ft-text\"><strong>Mas<\/strong> ya tiene un colch\u00f3n para dormir tranquilo y para empezar a ver que ganar la Vuelta es algo m\u00e1s que un sue\u00f1o. \u201cSacarle tiempo a <strong>Roglic<\/strong> supone tranquilidad y debo dar las gracias a todo mi equipo, a <strong>Ra\u00fal<\/strong>, al resto de corredores y a los auxiliares que se desviven por nosotros\u201d, resume el l\u00edder que justifica que aguanta el calor porque \u201csoy mallorqu\u00edn y desde peque\u00f1o he estado horas y horas al sol\u201d.<\/p>\n<p class=\"ft-text\">Moreno y feliz circula por esta Vuelta. Controla a <strong>Felix Gall<\/strong>, el austr\u00edaco que fue segundo en el Giro y que ahora ocupa id\u00e9ntica plaza en la Vuelta. El d\u00eda que acelera con cabeza, <strong>Mas<\/strong> se engancha a su rueda y cuando lo hace cede <strong>Roglic<\/strong>. Ese es el instante para que <strong>Garc\u00eda Pierna <\/strong>le preste la rueda, acelere para herir al esloveno y tambi\u00e9n para que no se suelte de <strong>Gall<\/strong> en el momento en el que parece separarse en exceso de la rueda del austr\u00edaco.<\/p>\n<p class=\"ft-text\">En la meta sufre <strong>Lora<\/strong>, la mujer de <strong>Roglic<\/strong>, que ha llegado a la Vuelta para animar a su marido. La felicidad de <strong>Mas<\/strong> se transforma en preocupaci\u00f3n para los que est\u00e1n al lado del ciclista esloveno. En la llegada se abrazan <strong>Mas<\/strong> y <strong>Garc\u00eda Pierna<\/strong>. El Movistar es una pi\u00f1a. Bajando del puerto se enteran de que la 15\u00aa etapa, que se disputa este domingo, ha quedado recortada a 110 kil\u00f3metros porque las previsiones indican que la temperatura no bajara en todo el d\u00eda de 40 grados. Transpira la Vuelta, aunque no se queje <strong>Enric Mas<\/strong>.<\/p>\n<p class=\"ft-helper-fontSize-body-M\" isamp=\"false\">Fuente: <a href=\"https:\/\/www.elperiodico.com\/es\/deportes\/20260905\/enric-ataca-deja-roglic-minutos-133983706?utm_source=sport&amp;utm_medium=epi&amp;utm_campaign=audiencia_via\" target=\"_blank\" class=\"ft-link ft-link--decoration\" rel=\"nofollow noopener\">El Peri\u00f3dico<\/a><\/p>\n","protected":false},"excerpt":{"rendered":"Por Valdepe\u00f1as de Ja\u00e9n, despu\u00e9s de superar una rampa que parece que lleve a la luna si no&hellip;\n","protected":false},"author":2,"featured_media":749620,"comment_status":"","ping_status":"","sticky":false,"template":"","format":"standard","meta":{"footnotes":""},"categories":[273],"tags":[5668,313,312,51,168,4021,3594,25,24,7789,1264,11677,23,167],"class_list":["post-749619","post","type-post","status-publish","format-standard","has-post-thumbnail","category-ciclismo","tag-ataca","tag-ciclismo","tag-cycling","tag-deja","tag-deportes","tag-enric","tag-enric-mas","tag-es","tag-espana","tag-la-vuelta","tag-minutos","tag-roglic","tag-spain","tag-sports"],"share_on_mastodon":{"url":"https:\/\/pubeurope.com\/@es\/117219809194842984","error":""},"_links":{"self":[{"href":"https:\/\/www.europesays.com\/es\/wp-json\/wp\/v2\/posts\/749619","targetHints":{"allow":["GET"]}}],"collection":[{"href":"https:\/\/www.europesays.com\/es\/wp-json\/wp\/v2\/posts"}],"about":[{"href":"https:\/\/www.europesays.com\/es\/wp-json\/wp\/v2\/types\/post"}],"author":[{"embeddable":true,"href":"https:\/\/www.europesays.com\/es\/wp-json\/wp\/v2\/users\/2"}],"replies":[{"embeddable":true,"href":"https:\/\/www.europesays.com\/es\/wp-json\/wp\/v2\/comments?post=749619"}],"version-history":[{"count":0,"href":"https:\/\/www.europesays.com\/es\/wp-json\/wp\/v2\/posts\/749619\/revisions"}],"wp:featuredmedia":[{"embeddable":true,"href":"https:\/\/www.europesays.com\/es\/wp-json\/wp\/v2\/media\/749620"}],"wp:attachment":[{"href":"https:\/\/www.europesays.com\/es\/wp-json\/wp\/v2\/media?parent=749619"}],"wp:term":[{"taxonomy":"category","embeddable":true,"href":"https:\/\/www.europesays.com\/es\/wp-json\/wp\/v2\/categories?post=749619"},{"taxonomy":"post_tag","embeddable":true,"href":"https:\/\/www.europesays.com\/es\/wp-json\/wp\/v2\/tags?post=749619"}],"curies":[{"name":"wp","href":"https:\/\/api.w.org\/{rel}","templated":true}]}}