{"id":749621,"date":"2026-09-05T18:19:17","date_gmt":"2026-09-05T18:19:17","guid":{"rendered":"https:\/\/www.europesays.com\/es\/749621\/"},"modified":"2026-09-05T18:19:17","modified_gmt":"2026-09-05T18:19:17","slug":"los-veteranos-del-baloncesto-puertollano-subcampeones-en-el-torneo-de-la-uva-y-el-vino-de-valdepenas","status":"publish","type":"post","link":"https:\/\/www.europesays.com\/es\/749621\/","title":{"rendered":"Los Veteranos del Baloncesto Puertollano, subcampeones en el Torneo de la Uva y el Vino de Valdepe\u00f1as"},"content":{"rendered":"<p>Este s\u00e1bado los Veteranos del Baloncesto Puertollano han participado en la 2\u00aa edici\u00f3n del Torneo de la Uva y el Vino en Valdepe\u00f1as con un meritorio subcampeonato obteniendo dos victorias y una derrota.<\/p>\n<p>Un torneo de baloncesto de veteranos con la participaci\u00f3n de Valdepe\u00f1as, Manzanares, Ciudad Real y Puertollano.\u00a0El equipo de Puertollano acudi\u00f3 con algunas bajas, pero con mucha ilusi\u00f3n por seguir disfrutando de este proyecto.\u00a0En lo deportivo, Ciudad Real se proclam\u00f3 campe\u00f3n y Puertollano logr\u00f3 la segunda posici\u00f3n precisamente por perder ante los capitalinos por solo dos puntos de diferencia.<\/p>\n<p>M\u00e1s all\u00e1 del resultado, la jornada destac\u00f3 por el magn\u00edfico ambiente (alg\u00fan t\u00edpico pique) y la amistad entre todos los participantes, que finalizaron el torneo compartiendo un \u00e1gape y recordando viejas batallas dentro y fuera de la pista.<\/p>\n<p>Desde el Puertollano quieren agradecer a Valdepe\u00f1as la organizaci\u00f3n y esperan seguir participando en estos encuentros, manteniendo viva la ilusi\u00f3n y recuperando pronto a sus jugadores lesionados y bajas por otros motivos.<\/p>\n<p><img loading=\"lazy\" decoding=\"async\" width=\"480\" height=\"720\" alt=\"\" src=\"https:\/\/www.europesays.com\/es\/wp-content\/uploads\/2026\/09\/2026090515531348056.jpg\" class=\"lazyload\"\/><\/p>\n","protected":false},"excerpt":{"rendered":"Este s\u00e1bado los Veteranos del Baloncesto Puertollano han participado en la 2\u00aa edici\u00f3n del Torneo de la Uva&hellip;\n","protected":false},"author":2,"featured_media":749622,"comment_status":"","ping_status":"","sticky":false,"template":"","format":"standard","meta":{"footnotes":""},"categories":[269],"tags":[299,298,634,133217,168,25,24,23,167,43622,133216],"class_list":["post-749621","post","type-post","status-publish","format-standard","has-post-thumbnail","category-baloncesto","tag-baloncesto","tag-basketball","tag-deporte","tag-deporte-veteranos","tag-deportes","tag-es","tag-espana","tag-spain","tag-sports","tag-valdepenas","tag-veteranos-del-baloncesto-puertollano"],"share_on_mastodon":{"url":"https:\/\/pubeurope.com\/@es\/117219818467416167","error":""},"_links":{"self":[{"href":"https:\/\/www.europesays.com\/es\/wp-json\/wp\/v2\/posts\/749621","targetHints":{"allow":["GET"]}}],"collection":[{"href":"https:\/\/www.europesays.com\/es\/wp-json\/wp\/v2\/posts"}],"about":[{"href":"https:\/\/www.europesays.com\/es\/wp-json\/wp\/v2\/types\/post"}],"author":[{"embeddable":true,"href":"https:\/\/www.europesays.com\/es\/wp-json\/wp\/v2\/users\/2"}],"replies":[{"embeddable":true,"href":"https:\/\/www.europesays.com\/es\/wp-json\/wp\/v2\/comments?post=749621"}],"version-history":[{"count":0,"href":"https:\/\/www.europesays.com\/es\/wp-json\/wp\/v2\/posts\/749621\/revisions"}],"wp:featuredmedia":[{"embeddable":true,"href":"https:\/\/www.europesays.com\/es\/wp-json\/wp\/v2\/media\/749622"}],"wp:attachment":[{"href":"https:\/\/www.europesays.com\/es\/wp-json\/wp\/v2\/media?parent=749621"}],"wp:term":[{"taxonomy":"category","embeddable":true,"href":"https:\/\/www.europesays.com\/es\/wp-json\/wp\/v2\/categories?post=749621"},{"taxonomy":"post_tag","embeddable":true,"href":"https:\/\/www.europesays.com\/es\/wp-json\/wp\/v2\/tags?post=749621"}],"curies":[{"name":"wp","href":"https:\/\/api.w.org\/{rel}","templated":true}]}}