{"id":749661,"date":"2026-09-05T18:47:28","date_gmt":"2026-09-05T18:47:28","guid":{"rendered":"https:\/\/www.europesays.com\/es\/749661\/"},"modified":"2026-09-05T18:47:28","modified_gmt":"2026-09-05T18:47:28","slug":"la-isla-de-las-tentaciones-arranca-este-domingo-con-dos-entregas-especiales-antes-de-instalarse-en-el-prime-time-semanal-de-telecinco","status":"publish","type":"post","link":"https:\/\/www.europesays.com\/es\/749661\/","title":{"rendered":"&#8216;La isla de las tentaciones&#8217; arranca este domingo con dos entregas especiales antes de instalarse en el &#8216;prime time&#8217; semanal de Telecinco"},"content":{"rendered":"<p>El lunes 7 de septiembre <b>vuelve a Telecinco &#8216;La isla de las tentaciones&#8217;<\/b> y ya van once ediciones. Pero antes de su estreno, la principal cadena de Mediaset ha preparado un <b>aperitivo el domingo<\/b> para ir abriendo boca con dos especiales: <b>&#8216;Rumbo a La isla de las tentaciones&#8217; y &#8216;La isla de las tentaciones: El casting&#8217;. <\/b><\/p>\n<p>Estas dos entregas previas, que <b>se emitir\u00e1n una detr\u00e1s de otra<\/b>, ya se han podido ver a trav\u00e9s de Mediaset Infinity, la plataforma del grupo de comunicaci\u00f3n, pero saltar\u00e1n al abierto este domingo 6 de septiembre, recortando minutos a &#8216;First Dates&#8217;, que comenzar\u00e1 a las 22:00 horas y finalizar\u00e1 a las 23:00 horas. Asimismo, el programa de citas tambi\u00e9n se convertir\u00e1 en su telonero durante la semana.<\/p>\n<p>Lo nuevo de &#8216;La isla de las tentaciones&#8217;<\/p>\n<p>Por otro lado, <a title=\"Mediaset\" href=\"https:\/\/www.mediaset.es\/comunicacion\/television\/telecinco\/20260904\/isla-tentaciones-undecima-edicion-estreno_18_020087635.html\" target=\"_blank\" rel=\"nofollow noopener\">Mediaset<\/a> ha presentado este viernes la nueva temporada del formato producido en colaboraci\u00f3n con Cuarzo Producciones. Una und\u00e9cima edici\u00f3n que <b>se presenta bajo el eslogan de \u00abla fuerza de lo prohibido\u00bb<\/b> y que Juan Ram\u00f3n Gonzalo, director general de la productora, ha resumido en que sus participantes \u00abhan sido bastante rebeldes\u00bb, lo que ha hecho que Sandra Barneda, que vuelve a ponerse al frente de la conducci\u00f3n, haya \u00absufrido mucho\u00bb.<\/p>\n<p>Ella misma ha se\u00f1alado la gran \u00abintensidad\u00bb que se ha vivido durante las grabaciones, indicando que \u00abes la <b>gala de solteros m\u00e1s heavy que hemos vivido\u00bb<\/b> porque \u00abtodos se quedan en shock, quieren escaparse y se rebelan a un nivel bestial\u00bb.<\/p>\n<p>Como viene siendo habitual, <a title=\"cinco nuevas parejas\" href=\"https:\/\/www.larazon.es\/television\/isla-tentaciones-11-destapa-pasado-sus-parejas-15-infidelidades-exnovias-lista-amantes_202609026a97f2572d7d3022177b810f.html\" target=\"_blank\" rel=\"nofollow noopener\">cinco nuevas parejas<\/a> (Nacho y N\u00e1yades, Nando e Isa, Sergio y Paola, Rub\u00e9n y Gema y Kico y Paula), convencidas de que su amor puede con todo y que sus sentimientos son m\u00e1s fuertes que la tentaci\u00f3n, <b>se enfrentar\u00e1n a los tentadores<\/b>, un grupo de seductores <a title=\"solteros\" href=\"https:\/\/www.larazon.es\/television\/programas\/isla-tentaciones-11-conoce-solteros-que-pondran-prueba-parejas-reality-telecinco_202608266a8f1a25ae2f3735da15864c.html\" target=\"_blank\" rel=\"nofollow noopener\">solteros<\/a> y <a title=\"solteras\" href=\"https:\/\/www.larazon.es\/television\/programas\/isla-tentaciones-11-solteras_202608266a8f14dcae2f3735da157ac0.html\" target=\"_blank\" rel=\"nofollow noopener\">solteras<\/a> y nuevos y sorprendentes tentadores VIP.<\/p>\n<p>Entre los giros y novedades que se introducen en las nuevas entregas destaca el desembarco del grupo de solteros de la edici\u00f3n que, cubiertos por unas misteriosas capas rojas, llegar\u00e1n a la playa y, tras la bienvenida de Sandra Barneda a las parejas, <b>acompa\u00f1ar\u00e1n por primera vez a los protagonistas hasta sus respectivas villas.<\/b><\/p>\n<p>Asimismo, por primera vez <b>los protagonistas podr\u00e1n enviar un objeto personal a sus parejas mediante un dron<\/b> y ver en directo a trav\u00e9s de un monitor las reacciones de estas cuando lo reciban. Por otro lado, durante su primera noche en Villa Monta\u00f1a, las chicas ser\u00e1n sorprendidas con la <b>irrupci\u00f3n de un nuevo soltero al que todas ellas conocen<\/b>, mientras que para los chicos regresa Villa Playa, una de las villas m\u00edticas del formato donde, en sus lujosas instalaciones, tendr\u00e1n que hacer frente a la tentaci\u00f3n.<\/p>\n<p>La und\u00e9cima temporada de &#8216;La isla de las tentaciones&#8217; contar\u00e1 con una <b>doble entrega semanal, los lunes y los mi\u00e9rcoles en prime time<\/b>, y con una cobertura digital encabezada por &#8216;El Debate de las Tentaciones&#8217;, en primicia cada viernes desde el 18 de septiembre en Mediaset Infinity.<\/p>\n","protected":false},"excerpt":{"rendered":"El lunes 7 de septiembre vuelve a Telecinco &#8216;La isla de las tentaciones&#8217; y ya van once ediciones.&hellip;\n","protected":false},"author":2,"featured_media":749662,"comment_status":"","ping_status":"","sticky":false,"template":"","format":"standard","meta":{"footnotes":""},"categories":[171],"tags":[146,147,25,24,955,2662,4253,23,692,807,214],"class_list":["post-749661","post","type-post","status-publish","format-standard","has-post-thumbnail","category-tv","tag-entertainment","tag-entretenimiento","tag-es","tag-espana","tag-mediaset","tag-programas-de-television","tag-sandra-barneda","tag-spain","tag-telecinco","tag-television","tag-tv"],"share_on_mastodon":{"url":"https:\/\/pubeurope.com\/@es\/117219927176238223","error":""},"_links":{"self":[{"href":"https:\/\/www.europesays.com\/es\/wp-json\/wp\/v2\/posts\/749661","targetHints":{"allow":["GET"]}}],"collection":[{"href":"https:\/\/www.europesays.com\/es\/wp-json\/wp\/v2\/posts"}],"about":[{"href":"https:\/\/www.europesays.com\/es\/wp-json\/wp\/v2\/types\/post"}],"author":[{"embeddable":true,"href":"https:\/\/www.europesays.com\/es\/wp-json\/wp\/v2\/users\/2"}],"replies":[{"embeddable":true,"href":"https:\/\/www.europesays.com\/es\/wp-json\/wp\/v2\/comments?post=749661"}],"version-history":[{"count":0,"href":"https:\/\/www.europesays.com\/es\/wp-json\/wp\/v2\/posts\/749661\/revisions"}],"wp:featuredmedia":[{"embeddable":true,"href":"https:\/\/www.europesays.com\/es\/wp-json\/wp\/v2\/media\/749662"}],"wp:attachment":[{"href":"https:\/\/www.europesays.com\/es\/wp-json\/wp\/v2\/media?parent=749661"}],"wp:term":[{"taxonomy":"category","embeddable":true,"href":"https:\/\/www.europesays.com\/es\/wp-json\/wp\/v2\/categories?post=749661"},{"taxonomy":"post_tag","embeddable":true,"href":"https:\/\/www.europesays.com\/es\/wp-json\/wp\/v2\/tags?post=749661"}],"curies":[{"name":"wp","href":"https:\/\/api.w.org\/{rel}","templated":true}]}}