{"id":749675,"date":"2026-09-05T18:55:13","date_gmt":"2026-09-05T18:55:13","guid":{"rendered":"https:\/\/www.europesays.com\/es\/749675\/"},"modified":"2026-09-05T18:55:13","modified_gmt":"2026-09-05T18:55:13","slug":"la-ue-revisa-su-metodo-de-sanciones-para-mantener-la-presion-sobre-rusia-internacional","status":"publish","type":"post","link":"https:\/\/www.europesays.com\/es\/749675\/","title":{"rendered":"La UE revisa su m\u00e9todo de sanciones para mantener la presi\u00f3n sobre Rusia | Internacional"},"content":{"rendered":"<p class=\"\">Ya no se trata de amenazas h\u00edbridas. Son acciones muy reales. El ataque frustrado, con <a href=\"https:\/\/elpais.com\/internacional\/2026-08-05\/la-policia-alemana-desactiva-un-dron-bomba-que-cayo-junto-a-un-avion-de-carga-ucranio-en-el-aeropuerto-de-leipzig.html\" target=\"_blank\" rel=\"noreferrer nofollow noopener\" title=\"https:\/\/elpais.com\/internacional\/2026-08-05\/la-policia-alemana-desactiva-un-dron-bomba-que-cayo-junto-a-un-avion-de-carga-ucranio-en-el-aeropuerto-de-leipzig.html\">drones cargados de explosivos<\/a>, contra el aeropuerto alem\u00e1n de Leipzig, tras el que Berl\u00edn ha <a href=\"https:\/\/elpais.com\/internacional\/2026-09-01\/alemania-acusa-a-rusia-del-ataque-fallido-con-drones-bomba-en-leipzig.html\" target=\"_blank\" rel=\"noreferrer nofollow noopener\" title=\"https:\/\/elpais.com\/internacional\/2026-09-01\/alemania-acusa-a-rusia-del-ataque-fallido-con-drones-bomba-en-leipzig.html\">se\u00f1alado directamente a Mosc\u00fa<\/a>, est\u00e1 marcando un antes y un despu\u00e9s en una Uni\u00f3n Europea donde se han multiplicado en las \u00faltimas semanas y meses otros incidentes con drones y sabotajes tras el que tambi\u00e9n se sospecha la mano rusa. El bloque, consciente m\u00e1s que nunca de que el Kremlin ni se plantea por ahora buscar una salida al callej\u00f3n b\u00e9lico en que meti\u00f3 a todo el continente con su ofensiva contra Ucrania hace ya m\u00e1s de cuatro a\u00f1os, ha cerrado filas una vez m\u00e1s con Kiev. <\/p>\n<p class=\"\">\u201cRusia tiene que entender que estas amenazas, h\u00edbridas o no, no van a cambiar la posici\u00f3n de la Uni\u00f3n Europea. Seguiremos estando del lado de Ucrania independientemente de las amenazas que Rusia pueda hacer contra nosotros\u201d, resumi\u00f3 esta semana el sentir de los Veintisiete el presidente del Consejo Europeo, Ant\u00f3nio Costa. Y ello, adem\u00e1s de seguir apoyando militar y econ\u00f3micamente a Ucrania, implica buscar nuevas formas de hacer que la guerra le resulte cada vez m\u00e1s costosa a Mosc\u00fa, coinciden las capitales.<\/p>\n<p class=\"\">Pero tras m\u00e1s de cuatro intensos a\u00f1os aprobando medidas restrictivas que han puesto ya a casi 3.000 individuos y entidades en las listas negras europeas, en Bruselas tambi\u00e9n se reconoce l<a href=\"https:\/\/elpais.com\/internacional\/2026-08-03\/ha-alcanzado-la-union-europea-su-pico-de-sanciones-a-rusia.html\" target=\"_blank\" rel=\"noreferrer nofollow noopener\" title=\"https:\/\/elpais.com\/internacional\/2026-08-03\/ha-alcanzado-la-union-europea-su-pico-de-sanciones-a-rusia.html\">a dificultad cada vez mayor de acordar ambiciosos paquetes de sanciones<\/a>, pese a que constituyen el instrumento m\u00e1s contundente de presi\u00f3n al agresor ruso. No solo porque el \u00e1mbito de acci\u00f3n, tras 21 paquetes, empieza a acotarse, sino tambi\u00e9n porque cada vez cuesta m\u00e1s conseguir que ning\u00fan pa\u00eds bloquee las medidas por chocar con intereses nacionales, como sucedi\u00f3 en julio. Algo que est\u00e1 obligando a los Veintisiete a buscar un cambio de m\u00e9todo que les permita mantenerse fieles en el fondo, el respaldo \u201cinquebrantable\u201d a Ucrania que saben todos que es lo que m\u00e1s irrita al Kremlin.<\/p>\n<p class=\"\">Bruselas ech\u00f3 las persianas para el descanso estival con un sabor un tanto agridulce. El 21\u00ba paquete de sanciones era ambicioso y duro, pero deber\u00eda haberlo sido mucho m\u00e1s: al final, varias de las medidas previstas en ese y otros paquetes previos fueron revisadas a la baja despu\u00e9s de que varios pa\u00edses se opusieran a algunas de las medidas que da\u00f1aban sus <a href=\"https:\/\/elpais.com\/internacional\/2026-07-23\/grecia-gana-el-pulso-y-la-ue-aprueba-un-paquete-de-sanciones-a-rusia-menos-ambicioso-de-lo-previsto.html\" target=\"_self\" rel=\"nofollow noopener\" title=\"https:\/\/elpais.com\/internacional\/2026-07-23\/grecia-gana-el-pulso-y-la-ue-aprueba-un-paquete-de-sanciones-a-rusia-menos-ambicioso-de-lo-previsto.html\">intereses nacionales<\/a>: entre otros, Grecia, que lleg\u00f3 a amenazar con un veto, logr\u00f3 concesiones a su sector naval en torno al transporte de gas natural licuado (GNL) fuera de la UE, mientras que Austria consigui\u00f3 tambi\u00e9n una exenci\u00f3n para el banco Raiffeisen, que sigue operando en Rusia. Alemania y Portugal bloquearon a su vez los intentos de limitar la entrada de pescado procedente de Rusia, y Francia e Italia descafeinaron la idea de limitar los visados a combatientes rusos que tanto hab\u00edan impulsado los pa\u00edses b\u00e1lticos, que siguen exigiendo tambi\u00e9n mayores restricciones a los visados tur\u00edsticos para ciudadanos rusos.<\/p>\n<p class=\"\">As\u00ed, mientras Ucrania viv\u00eda uno de sus veranos m\u00e1s mort\u00edferos y Alemania evitaba in extremis un ataque en el que, seg\u00fan medios germanos, al menos uno de sus presuntos autores hab\u00eda logrado entrar en territorio europeo con visado tur\u00edstico italiano, decenas de miles de ciudadanos rusos volv\u00edan a pasar vacaciones en playas y otros destinos europeos. Las cifras han bajado sustancialmente desde el inicio de la guerra, de cuatro millones de visados emitidos anualmente hasta 2022 a 618.000 en 2025, seg\u00fan los \u00faltimos datos de la Comisi\u00f3n Europea. Pero para muchas capitales, todav\u00eda son demasiados los rusos que pueden recorrer Europa con relativa facilidad. <\/p>\n<p class=\"\">\u201cNo est\u00e1 bien que el pa\u00eds bombardee Ucrania, matando m\u00e1s civiles que nunca en esta guerra durante julio y agosto, y que mientras tanto los rusos entren [en la UE] y disfruten de la hospitalidad de los pa\u00edses europeos\u201d, denunci\u00f3 la alta representante para Pol\u00edtica Exterior, <a href=\"https:\/\/elpais.com\/internacional\/2026-06-16\/la-guerra-entre-von-der-leyen-y-kallas-socava-la-fragilizada-diplomacia-de-la-union-europea.html\" target=\"_blank\" rel=\"noreferrer nofollow noopener\" title=\"https:\/\/elpais.com\/internacional\/2026-06-16\/la-guerra-entre-von-der-leyen-y-kallas-socava-la-fragilizada-diplomacia-de-la-union-europea.html\">Kaja Kallas<\/a>, durante la reuni\u00f3n informal de ministros de Exteriores en Irlanda que inaugur\u00f3 el ciclo pol\u00edtico europeo esta semana. Pero aunque la estonia asegur\u00f3 que ahora hay un \u201camplio apoyo\u201d para volver a revisar la cuesti\u00f3n de los visados, sigue sin haber garant\u00edas de que ello vaya a suceder puesto que, seg\u00fan recuerdan algunos pa\u00edses, todav\u00eda no se han resuelto algunas de las cuestiones legales esgrimidas para la rebaja de la iniciativa en julio. <\/p>\n<p class=\"\">\u201cEl hecho de que se manifieste solidaridad pol\u00edtica no siempre se traslada en apoyo a medidas concretas\u201d, advierte una fuente diplom\u00e1tica europea. <\/p>\n<p class=\"\">De hecho, otros llamamientos, como el del ministro de Exteriores polaco, Radoslaw Sikorski, a cerrar todos los consulados rusos en Europa, tampoco han tenido mayor eco, pese a que media docena de gobiernos convocaron tras el incidente de Leipzig a los embajadores rusos a presentar explicaciones y escuchar la condena europea a un ataque cuya autor\u00eda Mosc\u00fa sigue negando. <\/p>\n<p class=\"\">Las esperanzas tambi\u00e9n son bajas de que el reciente intento de Espa\u00f1a, Suecia, Pa\u00edses Bajos y Polonia por <a href=\"https:\/\/elpais.com\/internacional\/2026-08-27\/espana-suecia-paises-bajos-y-polonia-presionan-para-reabrir-el-debate-de-los-activos-rusos-congelados-y-ayudar-asi-a-ucrania.html\" target=\"_self\" rel=\"nofollow noopener\" title=\"https:\/\/elpais.com\/internacional\/2026-08-27\/espana-suecia-paises-bajos-y-polonia-presionan-para-reabrir-el-debate-de-los-activos-rusos-congelados-y-ayudar-asi-a-ucrania.html\">reabrir el debate de los activos rusos <\/a>congelados para financiar la ayuda a Ucrania vaya a quebrar, al menos pr\u00f3ximamente, el no rotundo con el que B\u00e9lgica ya fren\u00f3 esa propuesta en diciembre pasado. <\/p>\n<p class=\"\">En este contexto, cobra m\u00e1s fuerza otro debate que lleva ya unos meses abierto en Bruselas sobre la necesidad de cambiar el \u201cenfoque\u201d de las sanciones, se\u00f1alan fuentes conocedoras de las deliberaciones a puerta cerrada. En vez de intentar aprobar de forma tan seguida paquetes muy amplios, que requieren de una unanimidad cada vez m\u00e1s dif\u00edcil de obtener, se tratar\u00eda de centrarse en objetivos o sectores muy concretos. <\/p>\n<p class=\"\">Ello no significa necesariamente acabar con los paquetes de sanciones, puntualizan las fuentes, sino trabajar en paralelo en listas m\u00e1s concretas y tematizadas a incluir en las listas negras de la UE. Como los 1.600 nombres de individuos y entidades que Bruselas est\u00e1 ultimando ya de cara a la pr\u00f3xima cita de ministros, en octubre, y que constituye el listado \u201cm\u00e1s grande\u201d trabajado hasta la fecha. Tambi\u00e9n, ha subrayado en los pasados d\u00edas la presidenta de la Comisi\u00f3n Europea, Ursula von der Leyen, hay que trabajar para cerrar las \u201clagunas\u201d de paquetes anteriores de sanciones que siguen facilitando que se eludan las restricciones. Como las que permiten que Rusia utilice componentes occidentales y asi\u00e1ticos en sus armas. Ucrania dice haber identificado m\u00e1s de 5.500 de estos componentes en objetivos rusos neutralizados. \u201cTras cuatro a\u00f1os de guerra, esto es inexcusable. Esos componentes no deber\u00edan estar ah\u00ed\u201d, ha condenado Kallas.<\/p>\n<p class=\"\">Porque pese a las dificultades, \u201ctodos estamos de acuerdo en que <a href=\"https:\/\/elpais.com\/internacional\/2026-08-24\/costa-y-burnham-llegan-a-kiev-para-conmemorar-con-zelenski-el-dia-de-la-independencia-de-ucrania.html\" target=\"_self\" rel=\"nofollow noopener\" title=\"https:\/\/elpais.com\/internacional\/2026-08-24\/costa-y-burnham-llegan-a-kiev-para-conmemorar-con-zelenski-el-dia-de-la-independencia-de-ucrania.html\">tenemos que seguir presionando a Rusia,<\/a> eso nunca ha cambiado\u201d, asevera otra fuente diplom\u00e1tica. \u201cEuropa y la OTAN no van solo a mantener la presi\u00f3n sobre Rusia, la vamos a aumentar. Y no vamos a parar\u201d, prometi\u00f3 tambi\u00e9n Von der Leyen en una comparecencia con el secretario general de la OTAN, Mark Rutte, despu\u00e9s de que Berl\u00edn acusara el martes a Mosc\u00fa del atentado frustrado en Leipzig de principios de agosto. <\/p>\n<p class=\"\">Y eso es importante, subraya Ian Lesser, analista de la oficina en Bruselas del German Marshall Fund (GMF), porque las sanciones tambi\u00e9n \u201ctienen un car\u00e1cter altamente simb\u00f3lico\u201d. Y es que, aunque no hayan logrado por ahora su objetivo principal, llevar a Mosc\u00fa a la mesa de negociaciones para una salida pac\u00edfica de la guerra, las sanciones son tambi\u00e9n un \u201cmecanismo para generar una respuesta internacional unificada\u201d, subraya en conversaci\u00f3n telef\u00f3nica. \u201cIncluso aunque se sepa que la utilidad de las sanciones, en un sentido directo, es cuestionable, la utilidad pol\u00edtica de las sanciones como instrumento sigue siendo v\u00e1lida del lado de los aliados\u201d. Adem\u00e1s, agrega, debilitar ahora ese mecanismo de sanciones, \u201c\u00bfqu\u00e9 imagen dar\u00eda? Enviar\u00eda la se\u00f1al de que Occidente no est\u00e1 unido, y eso es algo que nadie quiere hacer\u201d. <\/p>\n","protected":false},"excerpt":{"rendered":"Ya no se trata de amenazas h\u00edbridas. Son acciones muy reales. El ataque frustrado, con drones cargados de&hellip;\n","protected":false},"author":2,"featured_media":749676,"comment_status":"","ping_status":"","sticky":false,"template":"","format":"standard","meta":{"footnotes":""},"categories":[42],"tags":[8738,17,18,70,71,72,700,13,14,69,7082,11,61,62,63,64,19,20,9,10,15,16,1613,1614,12,7081,21,22,1617,65,66,67],"class_list":["post-749675","post","type-post","status-publish","format-standard","has-post-thumbnail","category-internacional","tag-ataques-militares","tag-breaking-news","tag-breakingnews","tag-conflictos","tag-conflictos-armados","tag-conflictos-internacionales","tag-europa","tag-featured-news","tag-featurednews","tag-guerra","tag-guerra-de-rusia-en-ucrania","tag-headlines","tag-internacional","tag-international","tag-international-news","tag-internationalnews","tag-latest-news","tag-latestnews","tag-news","tag-noticias","tag-noticias-destacadas","tag-noticiasdestacadas","tag-otan","tag-rusia","tag-titulares","tag-ucrania","tag-ultimas-noticias","tag-ultimasnoticias","tag-union-europea","tag-world","tag-world-news","tag-worldnews"],"share_on_mastodon":{"url":"","error":"Validation failed: Text character limit of 500 exceeded"},"_links":{"self":[{"href":"https:\/\/www.europesays.com\/es\/wp-json\/wp\/v2\/posts\/749675","targetHints":{"allow":["GET"]}}],"collection":[{"href":"https:\/\/www.europesays.com\/es\/wp-json\/wp\/v2\/posts"}],"about":[{"href":"https:\/\/www.europesays.com\/es\/wp-json\/wp\/v2\/types\/post"}],"author":[{"embeddable":true,"href":"https:\/\/www.europesays.com\/es\/wp-json\/wp\/v2\/users\/2"}],"replies":[{"embeddable":true,"href":"https:\/\/www.europesays.com\/es\/wp-json\/wp\/v2\/comments?post=749675"}],"version-history":[{"count":0,"href":"https:\/\/www.europesays.com\/es\/wp-json\/wp\/v2\/posts\/749675\/revisions"}],"wp:featuredmedia":[{"embeddable":true,"href":"https:\/\/www.europesays.com\/es\/wp-json\/wp\/v2\/media\/749676"}],"wp:attachment":[{"href":"https:\/\/www.europesays.com\/es\/wp-json\/wp\/v2\/media?parent=749675"}],"wp:term":[{"taxonomy":"category","embeddable":true,"href":"https:\/\/www.europesays.com\/es\/wp-json\/wp\/v2\/categories?post=749675"},{"taxonomy":"post_tag","embeddable":true,"href":"https:\/\/www.europesays.com\/es\/wp-json\/wp\/v2\/tags?post=749675"}],"curies":[{"name":"wp","href":"https:\/\/api.w.org\/{rel}","templated":true}]}}