{"id":749677,"date":"2026-09-05T18:56:14","date_gmt":"2026-09-05T18:56:14","guid":{"rendered":"https:\/\/www.europesays.com\/es\/749677\/"},"modified":"2026-09-05T18:56:14","modified_gmt":"2026-09-05T18:56:14","slug":"los-hijos-de-dos-victimas-del-fuego-de-los-gallardos-piden-investigar-a-la-junta-tras-hallar-huesos-en-el-coche-familiar","status":"publish","type":"post","link":"https:\/\/www.europesays.com\/es\/749677\/","title":{"rendered":"Los hijos de dos v\u00edctimas del fuego de Los Gallardos piden investigar a la Junta tras hallar huesos en el coche familiar"},"content":{"rendered":"<p class=\"article-text\">\n        Los hijos de dos v\u00edctimas &#8211;marido y mujer, vecinos del municipio de B\u00e9dar (Almer\u00eda)&#8211; del incendio de Los Gallardos, que se cobr\u00f3 la vida de 14 personas, han reclamado una investigaci\u00f3n \u201cadecuada, exhaustiva y transparente\u201d de lo ocurrido tras asegurar que en el coche de sus padres hallaron, adem\u00e1s de objetos personales &#8211;llaves, joyas y dinero&#8211;, huesos que \u201cparec\u00edan ser los restos\u201d del matrimonio.\n    <\/p>\n<p class=\"article-text\">\n        En un reportaje en el peri\u00f3dico brit\u00e1nico &#8216;The Guardian&#8217; recogido por Europa Press, la familia Gillam-Kirton reclama una investigaci\u00f3n \u201cno s\u00f3lo sobre lo que provoc\u00f3 el incendio sino tambi\u00e9n qu\u00e9 ocurri\u00f3 durante la respuesta de emergencia; qu\u00e9 advertencias se dieron; cu\u00e1ndo se dieron; qui\u00e9n las recibi\u00f3; qu\u00e9 medidas de evacuaci\u00f3n estaban previstas y qu\u00e9 ocurri\u00f3 con las v\u00edctimas despu\u00e9s\u201d.\n    <\/p>\n<p class=\"article-text\">\n        Las preguntas que la familia brit\u00e1nica se hace respecto a la muerte de sus padres apuntan a la Junta de Andaluc\u00eda, primera responsable de la respuesta al incendio que destruy\u00f3 m\u00e1s de 5.000 hect\u00e1reas en la provincia almeriense, el pasado julio, y que se sald\u00f3 con 14 personas fallecidas.\n    <\/p>\n<p class=\"article-text\">\n        Para esta familia, se hace necesario abrir una investigaci\u00f3n para \u201caprender de ello\u201d. \u201cNo queremos que nuestros padres se conviertan simplemente en dos nombres de una lista de personas que murieron en un incendio forestal. Queremos entender qu\u00e9 les ocurri\u00f3 y, si algo sali\u00f3 mal, queremos que se aprendan las lecciones\u201d.\n    <\/p>\n<p class=\"article-text\">\n        Alrededor de 60 personas afectadas por el incendio originado en Los Gallardos (Almer\u00eda), que se extendi\u00f3, entre otros municipios, a B\u00e9dar, han exigido en los \u00faltimos meses a todos los partidos que apoyen la creaci\u00f3n de una comisi\u00f3n de investigaci\u00f3n en el Parlamento de Andaluc\u00eda para analizar lo ocurrido durante la emergencia y \u201cevitar que un desastre similar vuelva a ocurrir\u201d.\n    <\/p>\n<p class=\"article-text\">\n        La petici\u00f3n se plante\u00f3 durante la primera asamblea del Grupo de trabajo del fuego en B\u00e9dar. El incendio se dio por extinguido 15 d\u00edas despu\u00e9s y dej\u00f3 14 v\u00edctimas mortales. El fuego calcin\u00f3 alrededor de 5.200 hect\u00e1reas y provoc\u00f3 da\u00f1os en 19 explotaciones ganaderas, as\u00ed como en las telecomunicaciones, las redes de abastecimiento de agua, los caminos de acceso y las superficies de pasto.\n    <\/p>\n","protected":false},"excerpt":{"rendered":"Los hijos de dos v\u00edctimas &#8211;marido y mujer, vecinos del municipio de B\u00e9dar (Almer\u00eda)&#8211; del incendio de Los&hellip;\n","protected":false},"author":2,"featured_media":749678,"comment_status":"","ping_status":"","sticky":false,"template":"","format":"standard","meta":{"footnotes":""},"categories":[8],"tags":[1705,259,17,18,2760,3854,25,24,13,14,494,11,1667,19,20,3855,9,10,15,16,1925,1171,23,12,21,22],"class_list":["post-749677","post","type-post","status-publish","format-standard","has-post-thumbnail","category-espana","tag-analisis","tag-andalucia","tag-breaking-news","tag-breakingnews","tag-cordoba","tag-eldiario-es","tag-es","tag-espana","tag-featured-news","tag-featurednews","tag-granada","tag-headlines","tag-informacion","tag-latest-news","tag-latestnews","tag-malaga","tag-news","tag-noticias","tag-noticias-destacadas","tag-noticiasdestacadas","tag-opinion","tag-sevilla","tag-spain","tag-titulares","tag-ultimas-noticias","tag-ultimasnoticias"],"share_on_mastodon":{"url":"https:\/\/pubeurope.com\/@es\/117219962979366509","error":""},"_links":{"self":[{"href":"https:\/\/www.europesays.com\/es\/wp-json\/wp\/v2\/posts\/749677","targetHints":{"allow":["GET"]}}],"collection":[{"href":"https:\/\/www.europesays.com\/es\/wp-json\/wp\/v2\/posts"}],"about":[{"href":"https:\/\/www.europesays.com\/es\/wp-json\/wp\/v2\/types\/post"}],"author":[{"embeddable":true,"href":"https:\/\/www.europesays.com\/es\/wp-json\/wp\/v2\/users\/2"}],"replies":[{"embeddable":true,"href":"https:\/\/www.europesays.com\/es\/wp-json\/wp\/v2\/comments?post=749677"}],"version-history":[{"count":0,"href":"https:\/\/www.europesays.com\/es\/wp-json\/wp\/v2\/posts\/749677\/revisions"}],"wp:featuredmedia":[{"embeddable":true,"href":"https:\/\/www.europesays.com\/es\/wp-json\/wp\/v2\/media\/749678"}],"wp:attachment":[{"href":"https:\/\/www.europesays.com\/es\/wp-json\/wp\/v2\/media?parent=749677"}],"wp:term":[{"taxonomy":"category","embeddable":true,"href":"https:\/\/www.europesays.com\/es\/wp-json\/wp\/v2\/categories?post=749677"},{"taxonomy":"post_tag","embeddable":true,"href":"https:\/\/www.europesays.com\/es\/wp-json\/wp\/v2\/tags?post=749677"}],"curies":[{"name":"wp","href":"https:\/\/api.w.org\/{rel}","templated":true}]}}