{"id":749695,"date":"2026-09-05T19:14:17","date_gmt":"2026-09-05T19:14:17","guid":{"rendered":"https:\/\/www.europesays.com\/es\/749695\/"},"modified":"2026-09-05T19:14:17","modified_gmt":"2026-09-05T19:14:17","slug":"regreso-a-la-competicion-de-julian-alvarez-y-debut-con-el-atletico-de-cuti-romero","status":"publish","type":"post","link":"https:\/\/www.europesays.com\/es\/749695\/","title":{"rendered":"Regreso a la competici\u00f3n de Juli\u00e1n Alvarez y debut con el Atl\u00e9tico de Cuti Romero"},"content":{"rendered":"<p class=\"mb-4 text-lg md:leading-8 break-words\">Madrid, 5 sep (EFE).- El partido de la cuarta jornada de LaLiga EA Sports del Atl\u00e9tico de Madrid ante el Athletic Club devolvi\u00f3 este s\u00e1bado a la competici\u00f3n a Juli\u00e1n Alvarez y supuso el debut con su nuevo equipo de Cristian &#8216;Cuti&#8217; Romero, al entrar los dos al terreno de juego en el minuto 59, ya con 2-0 en el marcador en la visita al nuevo San Mam\u00e9s.<\/p>\n<p class=\"mb-4 text-lg md:leading-8 break-words\">Baja por indisposici\u00f3n la pasada jornada ante el Sevilla, en el triunfo por 1-3, y concluido el mercado de fichajes el pasado martes tras su frustrado fichaje por el Barcelona, Juli\u00e1n Alvarez volvi\u00f3 a la convocatoria y tuvo recorrido sobre el c\u00e9sped.<\/p>\n<p class=\"mb-4 text-lg md:leading-8 break-words\">Aunque empez\u00f3 como suplente, cuando el encuentro iba 2-0, con los dos tantos en el inicio del segundo tiempo, Diego Simeone acudi\u00f3 al atacante.<\/p>\n<p class=\"mb-4 text-lg md:leading-8 break-words\">Activo, con ganas, con juego entre l\u00edneas, el delantero internacional argentino dispuso de la mejor ocasi\u00f3n en todo el segundo tiempo del conjunto madrile\u00f1o, con una maniobra y un tiro dentro del \u00e1rea que despej\u00f3 con la mano izquierda Unai Sim\u00f3n, con una buena estirada por el suelo.<\/p>\n<p class=\"mb-4 text-lg md:leading-8 break-words\">Al mismo tiempo, en el minuto 59, se estren\u00f3 con el Atl\u00e9tico de Madrid su compatriota Cristian &#8216;Cuti&#8217; Romero, fichado al Tottenham, tras alcanzar m\u00e1s rodaje durante la \u00faltima semana de entrenamientos. Entr\u00f3 para formar en el centro de la defensa junto a Marc Pubill y David Hancko, para rebuscar la remontada de los dos goles en contra. En el minuto 90, Oihan Sancet confirm\u00f3 la derrota por 3-0.<\/p>\n<p class=\"mb-4 text-lg md:leading-8 break-words\">(c) Agencia EFE<\/p>\n","protected":false},"excerpt":{"rendered":"Madrid, 5 sep (EFE).- El partido de la cuarta jornada de LaLiga EA Sports del Atl\u00e9tico de Madrid&hellip;\n","protected":false},"author":2,"featured_media":749696,"comment_status":"","ping_status":"","sticky":false,"template":"","format":"standard","meta":{"footnotes":""},"categories":[93],"tags":[10903,133186,3418,59104,131614,133227,30929,168,133225,18451,133228,133229,25,24,6326,293,133226,22784,133224,205,22785,51372,13603,133231,23,167,133230,76113],"class_list":["post-749695","post","type-post","status-publish","format-standard","has-post-thumbnail","category-deportes","tag-10903","tag-5-sep","tag-activo","tag-agencia-efe","tag-al-mismo-tiempo","tag-cristian-cuti","tag-david-hancko","tag-deportes","tag-devolvio-este-sabado","tag-diego-simeone","tag-en-el-minuto-90","tag-entro-para-formar-en-el-centro-de-la-defensa-junto","tag-es","tag-espana","tag-izquierda","tag-jornada","tag-juego-entre-lineas","tag-julian-alvarez","tag-julian-alvarez-volvio","tag-madrid","tag-marc-pubill","tag-oihan-sancet","tag-romero","tag-semana-de-entrenamientos","tag-spain","tag-sports","tag-supuso-el","tag-unai-simon"],"share_on_mastodon":{"url":"https:\/\/pubeurope.com\/@es\/117220033642481717","error":""},"_links":{"self":[{"href":"https:\/\/www.europesays.com\/es\/wp-json\/wp\/v2\/posts\/749695","targetHints":{"allow":["GET"]}}],"collection":[{"href":"https:\/\/www.europesays.com\/es\/wp-json\/wp\/v2\/posts"}],"about":[{"href":"https:\/\/www.europesays.com\/es\/wp-json\/wp\/v2\/types\/post"}],"author":[{"embeddable":true,"href":"https:\/\/www.europesays.com\/es\/wp-json\/wp\/v2\/users\/2"}],"replies":[{"embeddable":true,"href":"https:\/\/www.europesays.com\/es\/wp-json\/wp\/v2\/comments?post=749695"}],"version-history":[{"count":0,"href":"https:\/\/www.europesays.com\/es\/wp-json\/wp\/v2\/posts\/749695\/revisions"}],"wp:featuredmedia":[{"embeddable":true,"href":"https:\/\/www.europesays.com\/es\/wp-json\/wp\/v2\/media\/749696"}],"wp:attachment":[{"href":"https:\/\/www.europesays.com\/es\/wp-json\/wp\/v2\/media?parent=749695"}],"wp:term":[{"taxonomy":"category","embeddable":true,"href":"https:\/\/www.europesays.com\/es\/wp-json\/wp\/v2\/categories?post=749695"},{"taxonomy":"post_tag","embeddable":true,"href":"https:\/\/www.europesays.com\/es\/wp-json\/wp\/v2\/tags?post=749695"}],"curies":[{"name":"wp","href":"https:\/\/api.w.org\/{rel}","templated":true}]}}