{"id":749711,"date":"2026-09-05T19:28:19","date_gmt":"2026-09-05T19:28:19","guid":{"rendered":"https:\/\/www.europesays.com\/es\/749711\/"},"modified":"2026-09-05T19:28:19","modified_gmt":"2026-09-05T19:28:19","slug":"enric-mas-sobre-su-bastion-de-apoyo-y-en-su-refugio-personal-es-impresionante-veros-desde-aqui-y-el-apoyo-que-me-dais","status":"publish","type":"post","link":"https:\/\/www.europesays.com\/es\/749711\/","title":{"rendered":"Enric Mas, sobre su basti\u00f3n de apoyo y en su refugio personal: \u201cEs impresionante veros desde aqu\u00ed y el apoyo que me dais\u201d"},"content":{"rendered":"<p class=\"description\">Tu pr\u00f3xima escapada te est\u00e1 esperando. Suscr\u00edbete hoy y ll\u00e9vate <b>2 a\u00f1os de Viajes National Geographic al precio de 1<\/b>. \u00a1Dos a\u00f1os para viajar sin parar!<\/p>\n<p><a href=\"https:\/\/tienda.rba.es\/revistas\/suscripcion-viajes-national-geographic?ORIGIN=REF&amp;rba_click=RBA_rev_ngmv_es_web_conv_pur_pro_noa_oferta-especial_sus-dig_fns&amp;rba_bh=ngmv\" class=\"more-link\" data-ga4_event=\"custom_event\" data-ga4_event_name=\"click_cta\" data-ga4_link_url=\"https:\/\/tienda.rba.es\/revistas\/suscripcion-viajes-national-geographic?ORIGIN=REF&amp;rba_click=RBA_rev_ngmv_es_web_conv_pur_pro_noa_oferta-especial_sus-dig_fns&amp;rba_bh=ngmv\" data-ga4_content_type=\"lead\" data-ga4_element=\"article_phrase\" rel=\"nofollow noopener\" target=\"_blank\">\u00a1LO QUIERO!<\/a><\/p>\n<p>El ciclista mallorqu\u00edn <strong>mantiene un estrecho v\u00ednculo con <a href=\"https:\/\/viajes.nationalgeographic.com.es\/a\/mercado-encantador-ritmo-slow-mejor-pueblo-mallorca-para-desconectar_16819\" rel=\"nofollow noopener\" target=\"_blank\">Art\u00e0<\/a>,<\/strong> uno de los municipios con m\u00e1s personalidad del noreste de <a href=\"https:\/\/viajes.nationalgeographic.com.es\/c\/mallorca\" rel=\"nofollow noopener\" target=\"_blank\">Mallorca<\/a>, donde la naturaleza, el patrimonio y la tranquilidad mediterr\u00e1nea se encuentran lejos de los grandes n\u00facleos tur\u00edsticos de la isla.<\/p>\n<p><strong>\u201cEs impresionante veros desde aqu\u00ed y el apoyo que me dais\u201d<\/strong>. Con estas palabras, pronunciadas en el anfiteatro de Na Batlessa en Art\u00e0 ante una multitud de vecinos, Enric Mas puso de manifiesto la relaci\u00f3n especial que mantiene con esta localidad mallorquina.<\/p>\n<p>M\u00e1s all\u00e1 de su carrera deportiva, Art\u00e0 representa para el ciclista uno de esos lugares ligados a sus ra\u00edces y a su vida personal. Un municipio que <strong>permite descubrir una Mallorca diferente<\/strong>, marcada por los paisajes de la sierra de Art\u00e0, las construcciones tradicionales, los caminos rurales y una costa donde todav\u00eda sobreviven algunos de los rincones m\u00e1s naturales de la isla.<\/p>\n<p>Un pueblo entre monta\u00f1as y Mediterr\u00e1neo<img loading=\"lazy\" decoding=\"async\"   src=\"https:\/\/www.europesays.com\/es\/wp-content\/uploads\/2026\/09\/arta_3ce04903_260904135146_1200x800.webp\" alt=\"Art\u00e0\" class=\"lazyload\" width=\"1200\" height=\"800\" data-aspectratio=\"1200\/800\"\/><\/p>\n<p>Art\u00e0 se encuentra en el<strong> extremo nororiental de Mallorca<\/strong>, rodeado por un paisaje en el que las monta\u00f1as y el mar est\u00e1n siempre presentes. El municipio conserva un marcado car\u00e1cter tradicional. Sus calles, plazas y edificios de piedra forman un conjunto que invita a recorrer el pueblo a pie y descubrir una arquitectura estrechamente vinculada a la historia de la isla.<\/p>\n<p><img loading=\"lazy\" decoding=\"async\" src=\"https:\/\/www.europesays.com\/es\/wp-content\/uploads\/2026\/09\/adobestock_71415a99_1057308454_260701125935_550x807.webp\" alt=\"AdobeStock\" class=\"lazyload\" width=\"550\" height=\"807\" data-aspectratio=\"550\/807\"\/><\/p>\n<p><strong>La tranquilidad <\/strong>es uno de sus grandes atractivos. Frente a otras zonas de Mallorca caracterizadas por una intensa actividad tur\u00edstica, Art\u00e0 <strong>mantiene un ritmo m\u00e1s pausado,<\/strong> especialmente fuera de los meses de mayor afluencia.<\/p>\n<p><strong>Pasear por su centro hist\u00f3rico <\/strong>permite acercarse a esa Mallorca de casas de piedra, peque\u00f1os comercios y terrazas en las que la vida cotidiana contin\u00faa siendo una parte esencial del paisaje urbano.<\/p>\n<p>El santuario que domina la localidad<img loading=\"lazy\" decoding=\"async\"   src=\"https:\/\/www.europesays.com\/es\/wp-content\/uploads\/2026\/09\/arta-desde-dentro_00000000_566ffe42_260904135121_1200x801.webp\" alt=\"Art\u00e0 desde dentro\" class=\"lazyload\" width=\"1200\" height=\"801\" data-aspectratio=\"1200\/801\"\/><\/p>\n<p>Uno de los lugares imprescindibles de Art\u00e0 se encuentra en lo alto de una colina. All\u00ed se levanta el <strong>recinto amurallado de Sant Salvador<\/strong>, uno de los grandes s\u00edmbolos del municipio.<\/p>\n<p>La fortificaci\u00f3n rodea un conjunto en el que destaca la<strong> iglesia de Sant Salvador <\/strong>y desde el que se obtiene una amplia panor\u00e1mica sobre Art\u00e0 y el territorio que la rodea.<\/p>\n<p>La subida hasta este punto es tambi\u00e9n una de las mejores maneras de comprender la ubicaci\u00f3n privilegiada del municipio. Desde las alturas, <strong>el paisaje se abre hacia las monta\u00f1as<\/strong> y las extensiones de vegetaci\u00f3n mediterr\u00e1nea que caracterizan el noreste de Mallorca.<\/p>\n<p><strong>El conjunto hist\u00f3rico<\/strong>, adem\u00e1s, recuerda la importancia que tuvo Art\u00e0 a lo largo de los siglos y se ha convertido en una de las im\u00e1genes m\u00e1s reconocibles de la localidad.<\/p>\n<p>Un territorio para descubrir a pie<img loading=\"lazy\" decoding=\"async\"   src=\"https:\/\/www.europesays.com\/es\/wp-content\/uploads\/2026\/09\/arta-desde-dentro_00000000_21f0a7da_260904135019_1200x1800.webp\" alt=\"Art\u00e0 desde dentro\" class=\"lazyload\" width=\"1200\" height=\"1800\" data-aspectratio=\"1200\/1800\"\/><br \/>\n&#13;Una de las c\u00e9ntricas calles de Art\u00e0 \u00a9 iStock<\/p>\n<p>La naturaleza es otro de los grandes motivos para acercarse hasta Art\u00e0. El municipio se encuentra junto al <strong>Parque Natural de la Pen\u00ednsula de Llevant<\/strong>, uno de los espacios protegidos m\u00e1s interesantes de Mallorca.<\/p>\n<p>El parque re\u00fane una <strong>gran variedad de paisajes mediterr\u00e1neos<\/strong>, con senderos que atraviesan bosques, monta\u00f1as y zonas de costa. Es un territorio especialmente atractivo para quienes disfrutan del senderismo y de las rutas al aire libre.<\/p>\n<p>Aqu\u00ed la isla adquiere una dimensi\u00f3n diferente. Los caminos permiten alejarse de los centros urbanos y<strong> descubrir un paisaje<\/strong> en el que predominan la vegetaci\u00f3n, las formaciones rocosas y la<strong>s vistas sobre el Mediterr\u00e1neo.<\/strong><\/p>\n<p>Para un lugar relacionado con un ciclista profesional como Enric Mas, el entorno de Art\u00e0 ofrece adem\u00e1s un <strong>escenario especialmente vinculado al deporte al aire libre.<\/strong> Las carreteras secundarias y los paisajes de la zona forman parte de esa Mallorca interior que tantos aficionados recorren sobre dos ruedas.<\/p>\n<p>Calas de aguas cristalinas<\/p>\n<p>La costa completa el atractivo natural de Art\u00e0. <strong>El litoral del municipio<\/strong> conserva algunos de los rincones m\u00e1s espectaculares y menos urbanizados de la isla.<\/p>\n<p>Entre ellos destacan <strong>Cala Torta, Cala Mitjana y Cala Estreta<\/strong>, peque\u00f1as calas rodeadas de naturaleza donde el agua transparente contrasta con los tonos ocres de las rocas y el verde de la vegetaci\u00f3n mediterr\u00e1nea.<\/p>\n<p>Son espacios que permiten disfrutar de una Mallorca m\u00e1s tranquila, especialmente fuera de la temporada alta. Algunas de estas calas requieren <strong>caminar por senderos para llegar hasta ellas<\/strong>, pero precisamente esa dificultad contribuye a conservar su car\u00e1cter natural. El recorrido por la costa tambi\u00e9n permite descubrir acantilados, peque\u00f1as playas y paisajes en los que el Mediterr\u00e1neo adquiere todo el protagonismo.<\/p>\n<p>La Mallorca m\u00e1s tradicional<img loading=\"lazy\" decoding=\"async\"   src=\"https:\/\/www.europesays.com\/es\/wp-content\/uploads\/2026\/09\/arta-desde-dentro_00000000_26ddfa4c_260904134804_1200x800.webp\" alt=\"Art\u00e0 desde dentro\" class=\"lazyload\" width=\"1200\" height=\"800\" data-aspectratio=\"1200\/800\"\/><\/p>\n<p>Art\u00e0 tambi\u00e9n mantiene vivas algunas de las tradiciones que forman parte de la identidad mallorquina. <strong>El mercado semanal<\/strong>, celebrado en el centro de la localidad, es uno de los mejores lugares para observar el ritmo cotidiano del municipio y descubrir productos locales y artesan\u00eda.<\/p>\n<p>La gastronom\u00eda es otro de los elementos que permiten acercarse a la cultura de la isla. <strong>Los productos de proximidad y las recetas tradicionales <\/strong>forman parte de una cocina que, como ocurre en buena parte de Mallorca, est\u00e1 estrechamente ligada al territorio.<\/p>\n","protected":false},"excerpt":{"rendered":"Tu pr\u00f3xima escapada te est\u00e1 esperando. Suscr\u00edbete hoy y ll\u00e9vate 2 a\u00f1os de Viajes National Geographic al precio&hellip;\n","protected":false},"author":2,"featured_media":749712,"comment_status":"","ping_status":"","sticky":false,"template":"","format":"standard","meta":{"footnotes":""},"categories":[273],"tags":[313,119,312,168,25,24,1408,448,1407,1409,23,167,226],"class_list":["post-749711","post","type-post","status-publish","format-standard","has-post-thumbnail","category-ciclismo","tag-ciclismo","tag-ciencia","tag-cycling","tag-deportes","tag-es","tag-espana","tag-geographic","tag-historia","tag-national","tag-naturaleza","tag-spain","tag-sports","tag-viajes"],"share_on_mastodon":{"url":"https:\/\/pubeurope.com\/@es\/117220089995480735","error":""},"_links":{"self":[{"href":"https:\/\/www.europesays.com\/es\/wp-json\/wp\/v2\/posts\/749711","targetHints":{"allow":["GET"]}}],"collection":[{"href":"https:\/\/www.europesays.com\/es\/wp-json\/wp\/v2\/posts"}],"about":[{"href":"https:\/\/www.europesays.com\/es\/wp-json\/wp\/v2\/types\/post"}],"author":[{"embeddable":true,"href":"https:\/\/www.europesays.com\/es\/wp-json\/wp\/v2\/users\/2"}],"replies":[{"embeddable":true,"href":"https:\/\/www.europesays.com\/es\/wp-json\/wp\/v2\/comments?post=749711"}],"version-history":[{"count":0,"href":"https:\/\/www.europesays.com\/es\/wp-json\/wp\/v2\/posts\/749711\/revisions"}],"wp:featuredmedia":[{"embeddable":true,"href":"https:\/\/www.europesays.com\/es\/wp-json\/wp\/v2\/media\/749712"}],"wp:attachment":[{"href":"https:\/\/www.europesays.com\/es\/wp-json\/wp\/v2\/media?parent=749711"}],"wp:term":[{"taxonomy":"category","embeddable":true,"href":"https:\/\/www.europesays.com\/es\/wp-json\/wp\/v2\/categories?post=749711"},{"taxonomy":"post_tag","embeddable":true,"href":"https:\/\/www.europesays.com\/es\/wp-json\/wp\/v2\/tags?post=749711"}],"curies":[{"name":"wp","href":"https:\/\/api.w.org\/{rel}","templated":true}]}}