{"id":749725,"date":"2026-09-05T19:43:18","date_gmt":"2026-09-05T19:43:18","guid":{"rendered":"https:\/\/www.europesays.com\/es\/749725\/"},"modified":"2026-09-05T19:43:18","modified_gmt":"2026-09-05T19:43:18","slug":"dato-del-empleo-en-ee-uu-fortalece-apuestas-por-un-alza-de-tasas-pero-la-inflacion-sera-decisiva","status":"publish","type":"post","link":"https:\/\/www.europesays.com\/es\/749725\/","title":{"rendered":"Dato del empleo en EE.UU. fortalece apuestas por un alza de tasas, pero la inflaci\u00f3n ser\u00e1 decisiva"},"content":{"rendered":"<p class=\"body-paragraph\">Bloomberg \u2014 Un repunte inesperado de la contrataci\u00f3n en Estados Unidos el mes pasado ha reforzado los argumentos a favor de que la Reserva Federal suba las tasas de inter\u00e9s en su reuni\u00f3n de finales de este mes, aunque la subida a\u00fan no est\u00e1 garantizada.<\/p>\n<p class=\"body-paragraph\">Las cifras de empleo no agr\u00edcola de agosto superaron todas las estimaciones de una encuesta de Bloomberg, y la tasa de desempleo se mantuvo estable en el 4,1%. Sin embargo, el \u00faltimo informe no sugiere que el mercado laboral est\u00e9 contribuyendo a las presiones sobre los precios, y los analistas siguen esperando que la pr\u00f3xima decisi\u00f3n de la Fed sobre las tasas de inter\u00e9s dependa de los datos de inflaci\u00f3n que se publicar\u00e1n la pr\u00f3xima semana.<\/p>\n<p class=\"body-paragraph\">Mientras tanto, el presidente Donald Trump ha reavivado su campa\u00f1a de presi\u00f3n sobre el banco central estadounidense, exigiendo el viernes en una publicaci\u00f3n en las redes sociales que la Reserva Federal baje las tasas, incluso cuando los inversores han reforzado sus apuestas a favor de que las suba este mes.<\/p>\n<p class=\"default__StyledVerMasText-sc-108h6at-0 cPZEdR body-paragraph view-more-paragraph\"><b>Ver m\u00e1s: <\/b><a href=\"https:\/\/www.bloomberglinea.com\/mundo\/estados-unidos\/trump-reanuda-presion-sobre-la-fed-para-que-recorte-las-tasas-y-amenaza-con-frenar-el-comercio\/\" rel=\"nofollow noopener\" target=\"_blank\"><b>Trump reanuda presi\u00f3n sobre la Fed para que recorte las tasas y amenaza con frenar el comercio<\/b><\/a><\/p>\n<p class=\"body-paragraph\">\u201cLos datos de hoy dan apoyo al bando \u2018halc\u00f3n\u2019, pero no llegan a constituir un argumento definitivo a favor de una subida de tasas el 16 de septiembre\u201d, escribi\u00f3 Vail Hartman, estratega de BMO Capital Markets, en una nota a sus clientes. \u201cAunque ha aumentado la probabilidad impl\u00edcita en el mercado de que se produzca una subida de tasas este mes, los datos de empleo desempe\u00f1ar\u00e1n un papel secundario frente a la inflaci\u00f3n\u201d.<\/p>\n<p class=\"body-paragraph\">La probabilidad que los inversores atribuyen a una subida de tasas este mes, basada en los precios de los futuros sobre los fondos federales, se ha disparado hasta situarse ligeramente por encima del 60%, desde aproximadamente el 50%.<\/p>\n<p>Pr\u00f3ximos datos sobre precios<\/p>\n<p class=\"body-paragraph\">El informe sobre el empleo revel\u00f3 que el empleo no agr\u00edcola aument\u00f3 en 162.000 puestos el mes pasado y que se revisaron al alza las cifras de p\u00e9rdidas de empleo de julio, lo que sugiere que el mercado laboral tiene m\u00e1s dinamismo de lo que se pensaba.<\/p>\n<p class=\"body-paragraph\">Olu Sonola, responsable de econom\u00eda estadounidense en Fitch Ratings, calific\u00f3 el informe de empleo de \u201cinequ\u00edvocamente s\u00f3lido\u201d, lo que reafirma la estabilidad del mercado laboral. Sin embargo, a\u00f1adi\u00f3: \u201cEl verdadero riesgo de evento es el informe del IPC de la pr\u00f3xima semana. Ese es el dato capaz de marcar la diferencia\u201d.<\/p>\n<p class=\"default__StyledVerMasText-sc-108h6at-0 cPZEdR body-paragraph view-more-paragraph\"><b>Ver m\u00e1s: <\/b><a href=\"https:\/\/www.bloomberglinea.com\/mercados\/el-dolar-se-desploma-al-inicio-de-septiembre-ante-giro-en-apuestas-de-tasas\/\" rel=\"nofollow noopener\" target=\"_blank\"><b>El d\u00f3lar se desploma al inicio de septiembre ante giro en apuestas de tasas<\/b><\/a><\/p>\n<p class=\"body-paragraph\">La Oficina de Estad\u00edsticas Laborales publicar\u00e1 el jueves los datos de agosto del \u00edndice de precios al productor, seguidos el viernes por los del \u00edndice de precios al consumo.<\/p>\n<p class=\"body-paragraph\">Dado que los responsables de la Reserva Federal est\u00e1n preocupados por una inflaci\u00f3n persistentemente elevada, pero divididos sobre c\u00f3mo deber\u00eda responder la pol\u00edtica monetaria a corto plazo, nuevos indicios de presiones sobre los precios podr\u00edan inclinar al Comit\u00e9 Federal de Mercado Abierto (FOMC) hacia una subida de tasas. Es probable que unos informes m\u00e1s moderados mantengan a la Reserva Federal sin cambios, tal y como ha ocurrido en las cinco reuniones anteriores de este a\u00f1o. <\/p>\n<p class=\"body-paragraph\">Esas divisiones quedaron de manifiesto en la reuni\u00f3n de julio. Si bien la mayor\u00eda de los responsables apoyaron la decisi\u00f3n de mantener las tasas sin cambios, tres se mostraron en desacuerdo y se pronunciaron a favor de una subida de un cuarto de punto. Desde entonces, dos responsables sin derecho a voto tambi\u00e9n han revelado que se alinearon con los disidentes.<\/p>\n<p class=\"default__StyledVerMasText-sc-108h6at-0 cPZEdR body-paragraph view-more-paragraph\"><b>Ver m\u00e1s: <\/b><a href=\"https:\/\/www.bloomberglinea.com\/mercados\/bonos-del-tesoro-suben-despues-de-que-waller-de-la-fed-diera-senales-a-favor-de-mantener-las-tasas\/\" rel=\"nofollow noopener\" target=\"_blank\"><b>Bonos del Tesoro suben despu\u00e9s de que Waller, de la Fed, diera se\u00f1ales a favor de mantener las tasas<\/b><\/a><\/p>\n<p class=\"body-paragraph\">\u201cTodo depende de los datos de inflaci\u00f3n de la pr\u00f3xima semana\u201d, afirm\u00f3 Yelena Shulyatyeva, economista s\u00e9nior especializada en EE.UU. del Conference Board.<\/p>\n<p class=\"body-paragraph\">Se\u00f1al\u00f3 que un \u201camplio grupo\u201d de responsables espera que los datos de la pr\u00f3xima semana demuestren que la inflaci\u00f3n est\u00e1 volviendo de forma sostenible hacia el objetivo del 2% del banco central. \u201cSi eso no ocurre, creo que subir\u00e1n las tasas\u201d.<\/p>\n<p class=\"body-paragraph\">La publicaci\u00f3n del presidente en Truth Social, sin embargo, a\u00f1ade la pol\u00edtica a la ecuaci\u00f3n \u2014una variable que los responsables de la Fed llevan mucho tiempo intentando excluir de sus deliberaciones\u2014. Asimismo, dirigi\u00f3 su mensaje directamente al nuevo presidente de la Fed, Kevin Warsh, sin nombrarlo.<\/p>\n<p class=\"default__StyledVerMasText-sc-108h6at-0 cPZEdR body-paragraph view-more-paragraph\"><b>Ver m\u00e1s: <\/b><a href=\"https:\/\/www.bloomberglinea.com\/mundo\/estados-unidos\/waller-de-la-fed-se-inclina-por-mantener-las-tasas-si-la-inflacion-mejora\/\" rel=\"nofollow noopener\" target=\"_blank\"><b>Waller, de la Fed, se inclina por mantener las tasas si la inflaci\u00f3n mejora<\/b><\/a><\/p>\n<p class=\"body-paragraph\">\u201c\u00a1Bajen las tasas de inter\u00e9s porque Estados Unidos goza de una solvencia mucho mayor que hace tan solo unos meses!\u201c, afirm\u00f3 Trump. \u201dLa Junta de la Reserva Federal, con su nuevo y magn\u00edfico l\u00edder, debe actuar con sensatez: sean patriotas, para variar\u00bb.<\/p>\n<p>Insinuaciones de Warsh<\/p>\n<p class=\"body-paragraph\">Trump, quien arremet\u00eda habitualmente contra el anterior presidente, Jerome Powell, por mantener las tasas demasiado altas, nombr\u00f3 a Warsh para el cargo a principios de este a\u00f1o. Hasta ahora, el nuevo presidente de la Fed se ha mostrado firme respecto a la inflaci\u00f3n, pero ha evitado deliberadamente dar a entender de forma espec\u00edfica que estuviera a favor de una subida de las tasas en los pr\u00f3ximos meses.<\/p>\n<p class=\"body-paragraph\">Sin embargo, fue cuando m\u00e1s se acerc\u00f3 a ello la semana pasada, al intervenir en la conferencia anual de la Reserva Federal en Jackson Hole, Wyoming. <\/p>\n<p class=\"body-paragraph\">En esas declaraciones, describi\u00f3 el mercado laboral como estable y dej\u00f3 claro que su atenci\u00f3n se centraba en la inflaci\u00f3n. A\u00f1adi\u00f3 que los responsables pol\u00edticos deben estar seguros de que la inflaci\u00f3n se est\u00e1 moderando de forma significativa; de lo contrario, tendr\u00edan \u201ctrabajo por hacer\u201d.<\/p>\n<p class=\"default__StyledVerMasText-sc-108h6at-0 cPZEdR body-paragraph view-more-paragraph\"><b>Ver m\u00e1s: <\/b><a href=\"https:\/\/www.bloomberglinea.com\/mercados\/oro-cae-por-fortaleza-del-empleo-en-eeuu-y-mayores-apuestas-a-una-subida-de-tasas\/\" rel=\"nofollow noopener\" target=\"_blank\"><b>Oro cae por fortaleza del empleo en EE.UU. y mayores apuestas a una subida de tasas<\/b><\/a><\/p>\n<p class=\"body-paragraph\">Desde entonces, dos miembros clave del comit\u00e9 de pol\u00edtica monetaria de la Fed han expresado sus opiniones sobre la econom\u00eda. El gobernador Christopher Waller afirm\u00f3 que se inclina por mantener las tasas sin cambios, a menos que las cifras de inflaci\u00f3n de la pr\u00f3xima semana resulten \u201celevadas\u201d.<\/p>\n<p class=\"body-paragraph\">El presidente de la Fed de Nueva York, John Williams, se\u00f1al\u00f3 que los \u00faltimos datos de inflaci\u00f3n eran \u201calentadores\u201d y mostraban indicios de que las presiones sobre los precios se est\u00e1n moderando.<\/p>\n<p class=\"body-paragraph\">Beth Hammack, de la Fed de Cleveland, tambi\u00e9n se pronunci\u00f3 el viernes tras la publicaci\u00f3n de las cifras de empleo. En una publicaci\u00f3n en LinkedIn, reiter\u00f3 su opini\u00f3n de que es hora de que la Fed act\u00fae para moderar la inflaci\u00f3n.<\/p>\n<p class=\"default__StyledVerMasText-sc-108h6at-0 cPZEdR body-paragraph view-more-paragraph\"><b>Ver m\u00e1s: <\/b><a href=\"https:\/\/www.bloomberglinea.com\/mundo\/estados-unidos\/estados-unidos-crea-162000-puestos-de-trabajo-y-supera-con-creces-las-previsiones\/\" title=\"https:\/\/www.bloomberglinea.com\/mundo\/estados-unidos\/estados-unidos-crea-162000-puestos-de-trabajo-y-supera-con-creces-las-previsiones\/\" rel=\"nofollow noopener\" target=\"_blank\"><b>Estados Unidos crea 162.000 puestos de trabajo y supera con creces las previsiones<\/b><\/a><\/p>\n<p class=\"body-paragraph\">Hammack, una de las tres responsables de la pol\u00edtica monetaria que se opusieron a la decisi\u00f3n de la Reserva Federal de mantener las tasas sin cambios en julio, se\u00f1al\u00f3 que tanto los datos como los indicios procedentes de su distrito le indican que la pol\u00edtica monetaria no est\u00e1 ejerciendo suficiente presi\u00f3n sobre la econom\u00eda.<\/p>\n<p class=\"body-paragraph\">El informe de empleo de hoy ha corregido parte de la debilidad anterior en los datos de empleo, especialmente en sectores como la ense\u00f1anza p\u00fablica, se\u00f1al\u00f3 Mark Spindel, director de inversiones de Potomac River Capital LLC. <\/p>\n<p class=\"body-paragraph\">\u201cPor muy s\u00f3lidos que hayan sido los datos de hoy, no creo que nadie se sienta impulsado a aplicar medidas de endurecimiento bas\u00e1ndose \u00fanicamente en ellos\u201d, afirm\u00f3. \u201cEl informe sobre la inflaci\u00f3n de la pr\u00f3xima semana ser\u00e1 determinante\u201d.<\/p>\n<p class=\"body-paragraph\">-Con la colaboraci\u00f3n de Catarina Saraiva y Andrew Ackerman.<\/p>\n<p class=\"body-paragraph\">Lea m\u00e1s en Bloomberg.com<\/p>\n","protected":false},"excerpt":{"rendered":"Bloomberg \u2014 Un repunte inesperado de la contrataci\u00f3n en Estados Unidos el mes pasado ha reforzado los argumentos&hellip;\n","protected":false},"author":2,"featured_media":749726,"comment_status":"","ping_status":"","sticky":false,"template":"","format":"standard","meta":{"footnotes":""},"categories":[80],"tags":[133235,4425,4426,4427,4428,82,95,94,25,24,4434,4435,4437,4438,4441,88,23,4445,4447,4448,4449,1559,4450],"class_list":["post-749725","post","type-post","status-publish","format-standard","has-post-thumbnail","category-economia","tag-2022uspolitics","tag-american","tag-americas","tag-building","tag-buildings","tag-business","tag-economia","tag-economy","tag-es","tag-espana","tag-exteriors","tag-federal-reserve","tag-government","tag-government-news","tag-north-american","tag-politics","tag-spain","tag-stands","tag-u-s-government","tag-u-s-a","tag-united-states-of-america","tag-us","tag-usa"],"share_on_mastodon":{"url":"https:\/\/pubeurope.com\/@es\/117220147585766249","error":""},"_links":{"self":[{"href":"https:\/\/www.europesays.com\/es\/wp-json\/wp\/v2\/posts\/749725","targetHints":{"allow":["GET"]}}],"collection":[{"href":"https:\/\/www.europesays.com\/es\/wp-json\/wp\/v2\/posts"}],"about":[{"href":"https:\/\/www.europesays.com\/es\/wp-json\/wp\/v2\/types\/post"}],"author":[{"embeddable":true,"href":"https:\/\/www.europesays.com\/es\/wp-json\/wp\/v2\/users\/2"}],"replies":[{"embeddable":true,"href":"https:\/\/www.europesays.com\/es\/wp-json\/wp\/v2\/comments?post=749725"}],"version-history":[{"count":0,"href":"https:\/\/www.europesays.com\/es\/wp-json\/wp\/v2\/posts\/749725\/revisions"}],"wp:featuredmedia":[{"embeddable":true,"href":"https:\/\/www.europesays.com\/es\/wp-json\/wp\/v2\/media\/749726"}],"wp:attachment":[{"href":"https:\/\/www.europesays.com\/es\/wp-json\/wp\/v2\/media?parent=749725"}],"wp:term":[{"taxonomy":"category","embeddable":true,"href":"https:\/\/www.europesays.com\/es\/wp-json\/wp\/v2\/categories?post=749725"},{"taxonomy":"post_tag","embeddable":true,"href":"https:\/\/www.europesays.com\/es\/wp-json\/wp\/v2\/tags?post=749725"}],"curies":[{"name":"wp","href":"https:\/\/api.w.org\/{rel}","templated":true}]}}