{"id":749729,"date":"2026-09-05T19:45:11","date_gmt":"2026-09-05T19:45:11","guid":{"rendered":"https:\/\/www.europesays.com\/es\/749729\/"},"modified":"2026-09-05T19:45:11","modified_gmt":"2026-09-05T19:45:11","slug":"desactivada-suspension-temporal-de-todos-los-actos-de-la-encina-2026-para-hoy-dia-5-de-17-a-2200-h-2","status":"publish","type":"post","link":"https:\/\/www.europesays.com\/es\/749729\/","title":{"rendered":"-DESACTIVADA- Suspensi\u00f3n temporal de TODOS los actos de La Encina 2026 para hoy d\u00eda 5 de 17 a 22:00 h"},"content":{"rendered":"<p class=\"cmParagraph\"><img loading=\"lazy\" decoding=\"async\" src=\"https:\/\/www.europesays.com\/es\/wp-content\/uploads\/2026\/09\/1788637511_11_18371-logo ayto Ponferrada - gen\u00e9rico.png\" width=\"226\" height=\"157\" alt=\"aAyuntamiento\"\/><strong>ACTUALIZACI\u00d3N 20:30H<\/strong><\/p>\n<p class=\"cmParagraph\"><strong>Declarada la finalizaci\u00f3n de la situaci\u00f3n de alerta por riesgo de fuertes vuentos en la ciudad de Ponferrada, desde las 20:30h. <\/strong><\/p>\n<p class=\"cmParagraph\">Ponferrada, 5 septiembre 2026. <\/p>\n<p class=\"cmParagraph\">El Ayuntamiento de Ponferrada ha activado, d<strong>esde las 17:00 h. hasta las 22:00 h. De este s\u00e1bado 5 de septiembre, el Plan Territorial de Protecci\u00f3n Civil Municipal ante la previsi\u00f3n de tormentas y fuertes rachas de viento de hasta 83 km\/h<\/strong>.<\/p>\n<p class=\"cmParagraph\">Como medida preventiva, se ha acordado:<\/p>\n<ul>\n<li><strong>Suspender TODAS las actividades de las Fiestas de La Encina<\/strong> entre las 17:00 y las 22:00 h. (CIMA, mercados, Recinto Ferial&#8230;)<\/li>\n<li>Cerrar parques y jardines durante la situaci\u00f3n de riesgo.<\/li>\n<li>Revisar las instalaciones de las fiestas que puedan verse afectadas por el viento antes de su reapertura.<\/li>\n<li>Mantener activados los servicios municipales de Seguridad Ciudadana, Protecci\u00f3n Civil e Ingenier\u00eda.<\/li>\n<\/ul>\n","protected":false},"excerpt":{"rendered":"ACTUALIZACI\u00d3N 20:30H Declarada la finalizaci\u00f3n de la situaci\u00f3n de alerta por riesgo de fuertes vuentos en la ciudad&hellip;\n","protected":false},"author":2,"featured_media":749730,"comment_status":"","ping_status":"","sticky":false,"template":"","format":"standard","meta":{"footnotes":""},"categories":[8],"tags":[22820,22815,22824,22822,22809,17,18,22821,22808,6093,22807,22810,3343,22811,22801,22806,22819,22805,25,24,13,14,22804,22828,11,22803,22817,22802,22816,19,20,12064,9,10,15,16,22813,22800,22829,22832,22831,22830,1811,585,22825,22826,22814,20740,22812,23,22818,6538,12,4664,21,22,22827,22823,8374],"class_list":["post-749729","post","type-post","status-publish","format-standard","has-post-thumbnail","category-espana","tag-administracioacuten-puacuteblica","tag-almacenamiento","tag-almacenamiento-y-backup","tag-aulas-conectadas-y-seguras","tag-bpm","tag-breaking-news","tag-breakingnews","tag-ciudades-digitales","tag-cms","tag-contenidos","tag-content","tag-crm","tag-desarrollo","tag-disentildeo","tag-divisa","tag-document","tag-educacioacuten","tag-emagazine","tag-es","tag-espana","tag-featured-news","tag-featurednews","tag-gestioacuten","tag-gestioacuten-de-la-calidad-del-software","tag-headlines","tag-informaacutetica","tag-isp","tag-it","tag-java","tag-latest-news","tag-latestnews","tag-manager","tag-news","tag-noticias","tag-noticias-destacadas","tag-noticiasdestacadas","tag-portales","tag-proxia","tag-proxiareg-carpeta-del-paciente","tag-proxiareg-ecclesia","tag-proxiareg-esede","tag-proxiareg-hygia","tag-sanidad","tag-seguridad","tag-seguridad-perimetral-avanzada","tag-servicios-gestionados","tag-sistemas","tag-soluciones","tag-solutions","tag-spain","tag-sun","tag-telecomunicaciones","tag-titulares","tag-turismo","tag-ultimas-noticias","tag-ultimasnoticias","tag-videovigilancia-y-control-de-accesos","tag-virtualizacioacuten","tag-web"],"share_on_mastodon":{"url":"","error":"Validation failed: Text character limit of 500 exceeded"},"_links":{"self":[{"href":"https:\/\/www.europesays.com\/es\/wp-json\/wp\/v2\/posts\/749729","targetHints":{"allow":["GET"]}}],"collection":[{"href":"https:\/\/www.europesays.com\/es\/wp-json\/wp\/v2\/posts"}],"about":[{"href":"https:\/\/www.europesays.com\/es\/wp-json\/wp\/v2\/types\/post"}],"author":[{"embeddable":true,"href":"https:\/\/www.europesays.com\/es\/wp-json\/wp\/v2\/users\/2"}],"replies":[{"embeddable":true,"href":"https:\/\/www.europesays.com\/es\/wp-json\/wp\/v2\/comments?post=749729"}],"version-history":[{"count":0,"href":"https:\/\/www.europesays.com\/es\/wp-json\/wp\/v2\/posts\/749729\/revisions"}],"wp:featuredmedia":[{"embeddable":true,"href":"https:\/\/www.europesays.com\/es\/wp-json\/wp\/v2\/media\/749730"}],"wp:attachment":[{"href":"https:\/\/www.europesays.com\/es\/wp-json\/wp\/v2\/media?parent=749729"}],"wp:term":[{"taxonomy":"category","embeddable":true,"href":"https:\/\/www.europesays.com\/es\/wp-json\/wp\/v2\/categories?post=749729"},{"taxonomy":"post_tag","embeddable":true,"href":"https:\/\/www.europesays.com\/es\/wp-json\/wp\/v2\/tags?post=749729"}],"curies":[{"name":"wp","href":"https:\/\/api.w.org\/{rel}","templated":true}]}}