{"id":749737,"date":"2026-09-05T19:54:15","date_gmt":"2026-09-05T19:54:15","guid":{"rendered":"https:\/\/www.europesays.com\/es\/749737\/"},"modified":"2026-09-05T19:54:15","modified_gmt":"2026-09-05T19:54:15","slug":"40-copa-galicia-las-semifinales-en-directo-en-fegaba-tv-federacion-galega-de-baloncesto","status":"publish","type":"post","link":"https:\/\/www.europesays.com\/es\/749737\/","title":{"rendered":"40 Copa Galicia: las semifinales, en directo en FEGABA TV &#8211; Federaci\u00f3n Galega de Baloncesto"},"content":{"rendered":"<ol>\n<li><a href=\"https:\/\/news.google.com\/rss\/articles\/CBMihAFBVV95cUxQbFFhWnlFaHRUR3dPQlp4NEJkR0tqOUtGT2NMSktPWHBicGRDYnBkS29nQU8zaEg4SG1kRGJkYjcxTXBTN3hXOU1NeW13N1JnVzVJUGgwZ0RqUG1hR0JfM01vRExHUUlnMUYxRDROdGpXWVhYc0JyQS1VbVp0Slhua3pjclE?oc=5\" target=\"_blank\" rel=\"nofollow noopener\">40 Copa Galicia: las semifinales, en directo en FEGABA TV<\/a>&nbsp;&nbsp;Federaci\u00f3n Galega de Baloncesto<\/li>\n<li><a href=\"https:\/\/news.google.com\/rss\/articles\/CBMi1AFBVV95cUxQOVVoREJkYklpVE0xb3Raa0RZMVlaVEMxV3dLdzU5Z250Nzl6eFotRXFLYXdDQUJrM0NQc0pud0NsV2lKU19qMGZLS3E2bWtuS2VfR1hseFFUcTRaTWV2YmRsN05jUWx2NnFJYTNIQm90cnVfM1g1RXd5N0lKUmVFODZQUGZfR3pBRm1xSHJJMU9WSHk2WXI3Wks2VjdVWVI4anFKTFk1SmhyUEdpZk9Xb1BnVXRIc0tXeG1aMUEyYkJYRTAzc18xX3JBM0JFN2hCaWtBbw?oc=5\" target=\"_blank\" rel=\"nofollow noopener\">El R\u00edo Breog\u00e1n afronta ante el Obradoiro en Santiago la semifinal de la Copa Galicia<\/a>&nbsp;&nbsp;El Progreso de Lugo<\/li>\n<li><a href=\"https:\/\/news.google.com\/rss\/articles\/CBMimgJBVV95cUxPTzRpUkVJNmFkMWd5RFNMbk1ycjhvYThfU3k1eUtDUXZwMnRyX1g0TGJ3Y1JpMEFFZDRfcFFsZEgxYmFlbGVnZHBOSlRXZTB6SS1LWHEtTGk2X2drX2RlVFItbk1tN0NzYktXYzAwbkRJenRaTWlyalFRUm9aaGNYbExyQ2Y2LUl5aTh0b3I4RmtEb0RKQTR6a1FBQldYRk5HX1k0NHc4ZEFKbUZvTVJJdmNXVlcxclZycHdnWl9YcTFyX2JFd1FMaTB2YXplRm5heWY5Ml9nSnhCekc5RXJTVW5YUmZ1ZlFWazlfWFFBa3R1RlozalZlS1NNTFVPeWZSM1MxdDhTQWE0TjFTR2RnQ2llVkp3bFA0N1HSAZ8CQVVfeXFMUGN0WFJWOWNQTGRmdXluT09HMXhxcHFiQUdjZlNjbjVkS1p3TVBZLTVJY2ljTUJQaG5jWW92eHBMMDk4UkpybzlJM2xJYU9yODBLcHl5SkFEV2tFZFo5T0xMNm1Vd3VxYmJtOW56ZFZRdGk5aVp4dzB6SWJxU255ZDk0UkNsTUktalhUV3RzU3N1ejhwR3BzWHFhZ0hlWU5JaFA5blJSd0Q4bV9FREJCRjdmcmx3dlJkbDNaOHZEVHNwXzdsenVhWjVEZnE3YVRFLVh6Nml2NW5iVkg2S3pkM3dpRWIyMmlWcVFVbDRJV25lLTZ4ZmJHY0tDRTVNT0l2cmt2anBVZXRzcjhyN1l6eDZtRHJ0eGUxczdORTNGMkU?oc=5\" target=\"_blank\" rel=\"nofollow noopener\">Ra\u00fal L\u00f3pez y Sergi Quintela, rumbo a una Copa Galicia con homenaje a Corbacho<\/a>&nbsp;&nbsp;El Correo Gallego<\/li>\n<li><a href=\"https:\/\/news.google.com\/rss\/articles\/CBMimgFBVV95cUxQUF9IQTJEQ1RfZERxQXhRMmxTTTFldGlhN1o3elUyRU1PdmNMMDZvbDBuMllFUnZjd21rRG9DTkVlZ1ZKOXdPV19sODdQSWNQOFhUWkwtbEktVjh0bUZ2VHJ1THdJSUQ3RFU5SEtqVkcyZDg1bWdFRFg4S25MV09EZWd1ZS1xaE13bTdlWFlRSVE3MkR0NjRRWEl3?oc=5\" target=\"_blank\" rel=\"nofollow noopener\">Galicia en la sangre y en la piel: identidad, orgullo y pertenencia<\/a>&nbsp;&nbsp;CB Breog\u00e1n<\/li>\n<li><a href=\"https:\/\/news.google.com\/rss\/articles\/CBMitgFBVV95cUxNakN1dWdlX21nYXF2N1ZDMVNQVXZfYk9zNjZIVklRTEJzWUdDYzVHMWExZnQ2X1hvZGVEVXM1N01GSHFwN0dCUmhjWjJockE0NlE1dU9DWW9NLWxpdElsU1VnbzFIVi1oVlVubFZ4NXJhMU5HRFRteGVCeDFYMGxJWWNTVjRlbTFaMndzTlB3YkU4NHFzZDZyc2JUd1pSdHdpQnRvSzBOMmFSMzhYaTFUWUxvX2xidw?oc=5\" target=\"_blank\" rel=\"nofollow noopener\">Previa | El anfitri\u00f3n desaf\u00eda al favorito<\/a>&nbsp;&nbsp;DXT Campe\u00f3n<\/li>\n<\/ol>\n","protected":false},"excerpt":{"rendered":"40 Copa Galicia: las semifinales, en directo en FEGABA TV&nbsp;&nbsp;Federaci\u00f3n Galega de Baloncesto El R\u00edo Breog\u00e1n afronta ante&hellip;\n","protected":false},"author":2,"featured_media":749738,"comment_status":"","ping_status":"","sticky":false,"template":"","format":"standard","meta":{"footnotes":""},"categories":[269],"tags":[299,298,168,25,24,23,167],"class_list":["post-749737","post","type-post","status-publish","format-standard","has-post-thumbnail","category-baloncesto","tag-baloncesto","tag-basketball","tag-deportes","tag-es","tag-espana","tag-spain","tag-sports"],"share_on_mastodon":{"url":"https:\/\/pubeurope.com\/@es\/117220190619802222","error":""},"_links":{"self":[{"href":"https:\/\/www.europesays.com\/es\/wp-json\/wp\/v2\/posts\/749737","targetHints":{"allow":["GET"]}}],"collection":[{"href":"https:\/\/www.europesays.com\/es\/wp-json\/wp\/v2\/posts"}],"about":[{"href":"https:\/\/www.europesays.com\/es\/wp-json\/wp\/v2\/types\/post"}],"author":[{"embeddable":true,"href":"https:\/\/www.europesays.com\/es\/wp-json\/wp\/v2\/users\/2"}],"replies":[{"embeddable":true,"href":"https:\/\/www.europesays.com\/es\/wp-json\/wp\/v2\/comments?post=749737"}],"version-history":[{"count":0,"href":"https:\/\/www.europesays.com\/es\/wp-json\/wp\/v2\/posts\/749737\/revisions"}],"wp:featuredmedia":[{"embeddable":true,"href":"https:\/\/www.europesays.com\/es\/wp-json\/wp\/v2\/media\/749738"}],"wp:attachment":[{"href":"https:\/\/www.europesays.com\/es\/wp-json\/wp\/v2\/media?parent=749737"}],"wp:term":[{"taxonomy":"category","embeddable":true,"href":"https:\/\/www.europesays.com\/es\/wp-json\/wp\/v2\/categories?post=749737"},{"taxonomy":"post_tag","embeddable":true,"href":"https:\/\/www.europesays.com\/es\/wp-json\/wp\/v2\/tags?post=749737"}],"curies":[{"name":"wp","href":"https:\/\/api.w.org\/{rel}","templated":true}]}}