{"id":749763,"date":"2026-09-05T20:15:13","date_gmt":"2026-09-05T20:15:13","guid":{"rendered":"https:\/\/www.europesays.com\/es\/749763\/"},"modified":"2026-09-05T20:15:13","modified_gmt":"2026-09-05T20:15:13","slug":"el-privilegio-es-iruna","status":"publish","type":"post","link":"https:\/\/www.europesays.com\/es\/749763\/","title":{"rendered":"El privilegio es Iru\u00f1a"},"content":{"rendered":"<p>\n        Las <strong>calles del centro de <\/strong><a href=\"https:\/\/www.noticiasdenavarra.com\/tags\/pamplona\/\" title=\"Pamplona\" class=\"link copy\" rel=\"nofollow noopener\" target=\"_blank\">Pamplona <\/a>han recuperado este fin de semana parte de su <strong>historia pasada<\/strong> con una amplia <strong>programaci\u00f3n organizada por el Ayuntamiento<\/strong> para conmemorar el <strong>603 aniversario<\/strong> de la promulgaci\u00f3n del <strong>Privilegio de la Uni\u00f3n<\/strong>.\n<\/p>\n<p class=\"article-body__text \">\n        Este <strong>tratado hist\u00f3rico<\/strong>, promulgado por <strong>Carlos III el Noble<\/strong> el <strong>8 de septiembre de 1423<\/strong>, supone uno de los <strong>hitos m\u00e1s relevantes de la ciudad<\/strong>, ya que supuso la creaci\u00f3n como instituci\u00f3n del <strong>Ayuntamiento de Pamplona<\/strong>, que perdura hasta la actualidad, y la materializaci\u00f3n de la voluntad de <strong>uni\u00f3n, concordia y hermandad<\/strong> de la ciudadan\u00eda. Los <strong>tres burgos<\/strong>, <strong>Navarrer\u00eda<\/strong>, <strong>San Cernin<\/strong> y la <strong>Poblaci\u00f3n de San Nicol\u00e1s<\/strong>, se unieron en una sola entidad tras <strong>siglos de conflictos<\/strong> entre ellos, en lo que se considera el <strong>inicio de la \u00e9poca moderna<\/strong> de la ciudad.\n<\/p>\n<p class=\"article-photo__footer\">\n            Lucha de espadas en la plaza de los Burgos sin que corriera la sangre.            Javier Bergasa        <\/p>\n<p class=\"article-body__text \">\n        El <strong>Casco Viejo<\/strong> ha quedado atrapado estos d\u00edas en una <strong>burbuja del tiempo<\/strong>, de forma que quien pasee por sus calles se encontrar\u00e1 con un <strong>mercado medieval<\/strong> en el que se ofrecen <strong>productos artesanos y naturales<\/strong>, mientras un grupo <strong>baila melod\u00edas medievales<\/strong>, algunos <strong>guerreros<\/strong> se enfrentan en <strong>torneos con sus escudos y espadas<\/strong>, y un <strong>buf\u00f3n itinerante<\/strong> divierte a la ciudadan\u00eda.\n<\/p>\n<p class=\"article-body__text \">\n        Es parte de la gran <strong>feria medieval<\/strong> que se instala con motivo de la <strong>celebraci\u00f3n del Privilegio de la Uni\u00f3n<\/strong>. Cuenta con m\u00e1s de <strong>100 puestos de productos artesanales<\/strong>, pero adem\u00e1s del <strong>mercado<\/strong>, hay <strong>m\u00fasica<\/strong>, <strong>recorridos teatralizados<\/strong>, <strong>juegos infantiles<\/strong>, <strong>exposiciones<\/strong> y <strong>demostraciones de oficios de anta\u00f1o<\/strong>.\n<\/p>\n<p class=\"article-body__text \">\n        En ese contexto, y a la espera de los <strong>actos institucionales<\/strong> que tendr\u00e1n lugar este lunes y martes, la ciudadan\u00eda puede volver a la <strong>\u00e9poca medieval<\/strong> con la <strong>ambientaci\u00f3n<\/strong> que durante todo el fin de semana se ha organizado en las <strong>calles de los tres burgos<\/strong>.\n<\/p>\n<p class=\"article-photo__footer\">\n            Concierto de la fanfarre del Muthiko Alaiak con timbales e instrumentos de viento.            Javier Bergasa        <\/p>\n<p class=\"article-body__text \">\n        Los <strong>actos oficiales<\/strong> continuar\u00e1n este lunes con la entrega del <strong>Pa\u00f1uelo de Pamplona \u2013 Iru\u00f1eko Zapia<\/strong> a la <strong>Asociaci\u00f3n Cabalgata de los Reyes Magos de Pamplona<\/strong>, en un acto que tendr\u00e1 lugar en el <strong>Sal\u00f3n de Recepciones de la Casa Consistorial<\/strong> el lunes a mediod\u00eda.\n<\/p>\n<p class=\"article-body__text \">\n        El <strong>martes 8<\/strong>, <strong>fiesta oficial del Privilegio de la Uni\u00f3n<\/strong>, la <strong>Corporaci\u00f3n municipal<\/strong> desfilar\u00e1 en <strong>Cuerpo de Ciudad<\/strong> por el <strong>Casco Antiguo<\/strong>, hasta la <strong>Catedral de Pamplona<\/strong>, para realizar una <strong>ofrenda floral<\/strong> y un responso en <strong>memoria de los reyes<\/strong> que unificaron la ciudad.\n<\/p>\n<p class=\"article-body__text \">\n        La <strong>programaci\u00f3n cultural<\/strong> incluye esos d\u00edas un <strong>ciclo de conciertos<\/strong>, con la actuaci\u00f3n de este s\u00e1bado de la <strong>Orquesta Sinf\u00f3nica de Navarra<\/strong> en la <strong>Plaza del Castillo<\/strong>, y este domingo con una triple cita, que abrir\u00e1 la navarra <strong>Aurora Beltr\u00e1n<\/strong>, seguida por el colectivo <strong>Maruxak<\/strong>, y <strong>Geminiss<\/strong>, proyecto musical en solitario de la compositora, cantante y guitarrista pamplonesa <strong>Olaia Bloom<\/strong>.\n<\/p>\n<p class=\"article-photo__footer\">\n            Peque\u00f1os y mayores observan los trabajos de un herrero.            Javier Bergasa        <\/p>\n<p class=\"article-body__text \">\n        Para completar el programa, el <strong>zagu\u00e1n de la Casa Consistorial de Pamplona<\/strong> ha cambiado de imagen con la colocaci\u00f3n de una <strong>r\u00e9plica policromada<\/strong> del que se cree fue el <strong>primer escudo de armas de la ciudad<\/strong>, colocado en la fachada del <strong>primitivo ayuntamiento<\/strong> de finales del <strong>siglo XVI<\/strong> o comienzos del <strong>siglo XVII<\/strong>. El <strong>escudo<\/strong> se convertir\u00e1 as\u00ed en el <strong>elemento central del zagu\u00e1n<\/strong>, acompa\u00f1ando a las <strong>mazas de la ciudad<\/strong> y al <strong>documento del Privilegio de la Uni\u00f3n<\/strong>, y podr\u00e1 contemplarse tanto por la ciudadan\u00eda como por las personas que <strong>visiten Pamplona<\/strong>, en el horario de apertura del <strong>Ayuntamiento<\/strong>. El escudo refleja con precisi\u00f3n las estipulaciones marcadas por <strong>Carlos III<\/strong> como <strong>s\u00edmbolo de la ciudad<\/strong> tras la <strong>unificaci\u00f3n de los burgos<\/strong>.<\/p>\n","protected":false},"excerpt":{"rendered":"Las calles del centro de Pamplona han recuperado este fin de semana parte de su historia pasada con&hellip;\n","protected":false},"author":2,"featured_media":749764,"comment_status":"","ping_status":"","sticky":false,"template":"","format":"standard","meta":{"footnotes":""},"categories":[273],"tags":[313,312,168,25,24,67536,23490,23,167],"class_list":["post-749763","post","type-post","status-publish","format-standard","has-post-thumbnail","category-ciclismo","tag-ciclismo","tag-cycling","tag-deportes","tag-es","tag-espana","tag-iruna","tag-privilegio","tag-spain","tag-sports"],"share_on_mastodon":{"url":"https:\/\/pubeurope.com\/@es\/117220273272556313","error":""},"_links":{"self":[{"href":"https:\/\/www.europesays.com\/es\/wp-json\/wp\/v2\/posts\/749763","targetHints":{"allow":["GET"]}}],"collection":[{"href":"https:\/\/www.europesays.com\/es\/wp-json\/wp\/v2\/posts"}],"about":[{"href":"https:\/\/www.europesays.com\/es\/wp-json\/wp\/v2\/types\/post"}],"author":[{"embeddable":true,"href":"https:\/\/www.europesays.com\/es\/wp-json\/wp\/v2\/users\/2"}],"replies":[{"embeddable":true,"href":"https:\/\/www.europesays.com\/es\/wp-json\/wp\/v2\/comments?post=749763"}],"version-history":[{"count":0,"href":"https:\/\/www.europesays.com\/es\/wp-json\/wp\/v2\/posts\/749763\/revisions"}],"wp:featuredmedia":[{"embeddable":true,"href":"https:\/\/www.europesays.com\/es\/wp-json\/wp\/v2\/media\/749764"}],"wp:attachment":[{"href":"https:\/\/www.europesays.com\/es\/wp-json\/wp\/v2\/media?parent=749763"}],"wp:term":[{"taxonomy":"category","embeddable":true,"href":"https:\/\/www.europesays.com\/es\/wp-json\/wp\/v2\/categories?post=749763"},{"taxonomy":"post_tag","embeddable":true,"href":"https:\/\/www.europesays.com\/es\/wp-json\/wp\/v2\/tags?post=749763"}],"curies":[{"name":"wp","href":"https:\/\/api.w.org\/{rel}","templated":true}]}}