{"id":749786,"date":"2026-09-05T20:32:17","date_gmt":"2026-09-05T20:32:17","guid":{"rendered":"https:\/\/www.europesays.com\/es\/749786\/"},"modified":"2026-09-05T20:32:17","modified_gmt":"2026-09-05T20:32:17","slug":"el-hallazgo-de-una-escultura-iberica-unica-abre-un-nuevo-horizonte-en-libisosa","status":"publish","type":"post","link":"https:\/\/www.europesays.com\/es\/749786\/","title":{"rendered":"El hallazgo de una escultura ib\u00e9rica \u00ab\u00fanica\u00bb abre un nuevo horizonte en Libisosa"},"content":{"rendered":"<p>\u00abLa arqueolog\u00eda bonita me persigue, all\u00e1 donde voy\u00bb, asegura orgulloso al otro lado del tel\u00e9fono <a href=\"https:\/\/www.abc.es\/cultura\/descubren-gran-ciudad-iberica-dama-elche-20240507101808-nt.html\" target=\"_self\" data-voc-vtm-id=\"in-text-traffic\" data-mrf-link=\"www.abc.es\" rel=\"nofollow noopener\">H\u00e9ctor Uroz,<\/a> tras dar a conocer el hallazgo en <a href=\"https:\/\/www.abc.es\/cultura\/plato-vicanus-aristocrata-ibero-libisosa-adopto-nombre-20221222201905-nt.html\" target=\"_self\" data-voc-vtm-id=\"in-text-traffic\" data-mrf-link=\"www.abc.es\" rel=\"nofollow noopener\">Libisosa<\/a> (Lezuza, Albacete) de <strong>una \u00abexcepcional\u00bb escultura ib\u00e9rica<\/strong>, una cabeza de piedra que debi\u00f3 formar parte de  &#8230; un monumento funerario hace m\u00e1s de 2.000 a\u00f1os y posteriormente se utiliz\u00f3 en la construcci\u00f3n de un gran &#8216;horreum&#8217; (granero) de la colonia romana. <\/p>\n<p class=\"v-d-p\">Desde que comenzaron las excavaciones en este yacimiento situado en el Cerro del Castillo, a finales de los a\u00f1os 90, el equipo que lidera este profesor de Historia Antigua de la Universidad de Murcia hab\u00eda ido encontrando varios fragmentos arquitect\u00f3nicos y uno zoomorfo de monumentos funerarios ib\u00e9ricos, igualmente reutilizados en la fase romana de la ciudad. Pero ninguno tan ic\u00f3nico y relevante como esta cabeza pr\u00e1cticamente de tama\u00f1o natural que, seg\u00fan el arque\u00f3logo, representar\u00eda a <strong>un adolescente de la \u00e9lite ib\u00e9rica<\/strong>.<\/p>\n<p class=\"v-d-p\">\u00abEs un hallazgo extraordinario\u00bb, coincide <a href=\"https:\/\/www.youtube.com\/watch?v=UbGcqCi4w2c\" target=\"_blank\" data-voc-vtm-id=\"in-text-traffic\" data-mrf-link=\"www.youtube.com\" rel=\"nofollow noopener\">Teresa Chapa<\/a>, catedr\u00e1tica em\u00e9rita de Prehistoria de la Universidad Complutense de Madrid, tanto por el entorno donde est\u00e1, \u00abal occidente de Albacete, en una zona donde hay pocas esculturas\u00bb, como por ser <strong>una cabeza, \u00abalgo raro en el mundo ib\u00e9rico<\/strong> porque hay mucha destrucci\u00f3n de escultura, mucha ruina y abandono, y las cabezas son lo primero que se pierde\u00bb. La veterana experta en escultura ib\u00e9rica considera adem\u00e1s que la pieza es \u00ab<strong>un caso \u00fanico<\/strong> porque representa la cabeza de un chico joven\u00bb. <\/p>\n<ul class=\"v-cmp-rld__u\">\n<li class=\"v-cmp-rld__l\">\n<p><a class=\"v-a-lnk\" href=\"http:\/\/www.abc.es\/cultura\/entienda-monumento-pozo-moro-entendera-mundo-iberico-20260703020415-nt.html#vtm_modulosEngag=noticiasrelacionadas-cmp-uno:cultura:noticia:1\" data-voc-vtm-id=\"in-text-traffic\" rel=\"nofollow noopener\" target=\"_blank\"><br \/>\n<img decoding=\"async\" loading=\"lazy\" src=\"https:\/\/www.europesays.com\/es\/wp-content\/uploads\/2026\/09\/1513291704-U26267230568Lxo-366x256@diario_abc.jpg\" class=\"v-a-img\" width=\"258\" height=\"180\" alt=\"\u00abLa Dama de Elche nos da mucha menos informaci\u00f3n sobre los iberos que la Dama de Baza\u00bb\"\/><br \/>\n<\/a><\/p>\n<\/li>\n<\/ul>\n<p class=\"v-d-p\">Aunque le falta el rostro, tal vez destruido intencionadamente, la figura de \u00abexcelente factura\u00bb, seg\u00fan los expertos, conserva un cuidado <strong>peinado con tirabuzones<\/strong> recogido en la nuca, con unos mechones laterales, que revela su edad. En las esculturas ib\u00e9ricas los hombres adultos llevan el pelo m\u00e1s corto y las mujeres lo cubren con un velo. La <strong>oreja<\/strong> derecha, que se asoma entre el cabello esculpido, muestra adem\u00e1s que se trata de un chico, ya que las ni\u00f1as y las mujeres las llevaban cubiertas por el pelo o el manto. <\/p>\n<p>Detalles de la escultura, en su parte lateral y posterior y el lugar donde fue encontrada..<\/p>\n<p>(Proyecto Libisosa\/H\u00e9ctor Uroz)<\/p>\n<p class=\"v-d-p\">Chapa llama la atenci\u00f3n sobre la \u00absuavidad\u00bb de la talla en piedra caliza \u00abde muy buena calidad\u00bb que, en su opini\u00f3n, representa a un personaje adolescente que participa en un ceremonia religiosa o funeraria, como <a href=\"https:\/\/www.man.es\/man\/actividades\/pieza-mes\/historico\/2019\/auletrix.html\" target=\"_blank\" data-voc-vtm-id=\"in-text-traffic\" data-mrf-link=\"www.man.es\" rel=\"nofollow noopener\">la joven de Osuna conservada en el Museo Arqueol\u00f3gico Nacional que toca la doble flauta<\/a>. \u00abSi la escultura estuviera completa, o por lo menos la cabeza entera, ser\u00eda verdaderamente una obra muy importante dentro de la estatuaria ib\u00e9rica\u00bb, asegura.<\/p>\n<p class=\"v-a-t\">\n\u00abSi la escultura estuviera completa, o por lo menos la cabeza entera, ser\u00eda verdaderamente una obra muy importante dentro de la estatuaria ib\u00e9rica\u00bb\n<\/p>\n<p class=\"v-pst__p\">Teresa Chapa Brunet<\/p>\n<p class=\"v-pst__j\">Catedr\u00e1tica em\u00e9rita de la UCM<\/p>\n<p class=\"v-d-p\">Se conocen muy pocos ejemplares en bulto redondo de estas caracter\u00edsticas en el mundo ib\u00e9rico, seg\u00fan los expertos. En la necr\u00f3polis de <strong>El Cigarralejo<\/strong>, en Mula (Murcia), se descubri\u00f3 otra cabeza de una figura juvenil, aunque en este caso femenina, que guarda notables semejanzas con la de Libisosa. Para Uroz, sin embargo, el paralelo m\u00e1s cercano ser\u00eda <a href=\"https:\/\/ceres.mcu.es\/pages\/Main?idt=122586&amp;inventary=CE14661&amp;table=FMUS&amp;museum=MAB\" target=\"_blank\" data-voc-vtm-id=\"in-text-traffic\" data-mrf-link=\"ceres.mcu.es\" rel=\"nofollow noopener\">el jinete de la necr\u00f3polis de Los Villares<\/a>, descubierto en Hoya Gonzalo, que se exhibe en el Museo de Albacete. <\/p>\n<p class=\"v-d-p\">La escultura de Libisosa, que datan entre el siglo V y IV a.C., \u00ab<strong>nos habla de la existencia de arte ibero de primer nivel<\/strong>\u00bb empleado por la aristocracia ib\u00e9rica del lugar para exaltar sus or\u00edgenes y justificar su poder, seg\u00fan el arque\u00f3logo. \u00abEs una llave\u00bb que \u00ab<strong>abre un horizonte nuevo muy ilusionante<\/strong>\u00bb en el parque arqueol\u00f3gico, pues invita a buscar una necr\u00f3polis ib\u00e9rica a\u00fan por descubrir, que debe estar \u00abmuy cerca\u00bb. Las semejanzas con el jinete descubierto en la monumental de Los Villares, donde se encontraron t\u00famulos principescos coronados por esculturas e importantes ajuares, \u00abnos puede marcar la medida de lo que puede ser la o las de Libisosa\u00bb, anota Uroz, quien, dada la larga vida del yacimiento, no descarta que hubiera m\u00e1s de una.<\/p>\n<p class=\"v-a-t\">\n\u00abEs una llave que abre un horizonte nuevo muy ilusionante en Libisosa\u00bb\n<\/p>\n<p class=\"v-pst__p\">H\u00e9ctor Uroz<\/p>\n<p class=\"v-pst__j\">Director del Proyecto Libisosa<\/p>\n<p class=\"v-d-p\">En \u00e9poca romana, ya exenta de su valor pol\u00edtico-religioso original, la escultura pas\u00f3 a formar parte del muro perimetral norte del granero del foro, erigido en \u00e9poca de Augusto. Era habitual que las colonias romanas fundadas sobre poblaciones anteriores echaran mano de elementos antiguos como cantera para sus nuevas construcciones. El caso m\u00e1s c\u00e9lebre es el de <a href=\"https:\/\/web.ua.es\/es\/laalcudia\" target=\"_blank\" data-voc-vtm-id=\"in-text-traffic\" data-mrf-link=\"web.ua.es\" rel=\"nofollow noopener\">La Alcudia de Elche<\/a>, donde <a href=\"https:\/\/www.abc.es\/cultura\/abci-casa-dama-elche-202110100045_noticia.html\" target=\"_self\" data-voc-vtm-id=\"in-text-traffic\" data-mrf-link=\"www.abc.es\" rel=\"nofollow noopener\">la ic\u00f3nica Dama se ocult\u00f3<\/a>, pero otros fragmentos escult\u00f3ricos, como el Torso del Guerrero o un grifo, se utilizaron en el pavimento de calles.<\/p>\n<p><img decoding=\"async\" loading=\"lazy\" src=\"https:\/\/www.europesays.com\/es\/wp-content\/uploads\/2026\/09\/WhatsApp Image 2026-09-01 at 13.56.46-U74101522717xvI-680x476@diario_abc.jpg\" class=\"v-a-img\" width=\"680\" height=\"478\" alt=\"Escalinata que asciende al foro de Libisosa\" data-voc-vtm-id=\"in-text-traffic\"\/><\/p>\n<p>Escalinata que asciende al foro de Libisosa.<\/p>\n<p>(Proyecto Libisosa\/H.Uroz)<\/p>\n<p class=\"v-d-p\">Los arque\u00f3logos descubrieron la cabeza del joven ibero en 2025 al excavar la encrucijada entre el decumano (la calle principal romana orientada de este a oeste) y el acceso noroeste al foro. La intervenci\u00f3n en este espacio, que a\u00fan contin\u00faa en estos d\u00edas, ha sacado tambi\u00e9n a la luz <strong>una escalinata monumental<\/strong>, que seguramente estuvo cubierta en su origen. A los cuatro escalones que se conoc\u00edan de su parte superior, se han sumado otros seis pelda\u00f1os en sentido descendente. <\/p>\n<p class=\"v-d-p\">Hoy <a href=\"https:\/\/www.um.es\/proyectolibisosa\/proyecto\/\" target=\"_blank\" data-voc-vtm-id=\"in-text-traffic\" data-mrf-link=\"www.um.es\" rel=\"nofollow noopener\">Libisosa<\/a> se encuentra a unos 40 kil\u00f3metros de la autov\u00eda m\u00e1s cercana, pero en la antig\u00fcedad pasaba por all\u00ed la importante V\u00eda Heraclea que conectaba el sur con el Levante y el norte peninsular. Su geoestrat\u00e9gica ubicaci\u00f3n convirti\u00f3 el Cerro del Castillo en un centro neur\u00e1lgico de la regi\u00f3n. Ocupado desde la Edad del Bronce a \u00e9poca medieval, vivi\u00f3 su esplendor en \u00e9poca ib\u00e9rica aunque mantuvo su importancia como colonia romana hasta la crisis del siglo III d.C. All\u00ed los arque\u00f3logos descubrieron contextos cerrados de \u00e9poca ib\u00e9rica final (siglos II-I a.C.) \u00abque no tienen parang\u00f3n\u00bb, seg\u00fan Uroz. \u00abA Libisosa la llamaron<strong> la Pompeya ib\u00e9rica<\/strong> porque hubo edificios ib\u00e9ricos que tras el paso del ej\u00e9rcito romano quedaron sepultados y congelados en el tiempo con todo su contenido\u00bb, recuerda el director de estas excavaciones que cuentan con la colaboraci\u00f3n de investigadores de varias universidades, as\u00ed como con el apoyo de la viceconsejer\u00eda de Cultura de Castilla-La Mancha, el Instituto de Estudios Albacetenses de la Diputaci\u00f3n de Albacete y el Ayuntamiento de Lezuza.<\/p>\n<p class=\"v-d-p\">Las investigaciones en el parque arqueol\u00f3gico han ido documentando a lo largo de los a\u00f1os restos de las distintas fases del yacimiento, pero a\u00fan no han intervenido en los espacios donde, seg\u00fan sus prospecciones, podr\u00edan encontrar alguna necr\u00f3polis. \u00ab<strong>Creo que va siendo hora<\/strong>\u00bb, apunta el arque\u00f3logo. El estudio de las tumbas mostrar\u00eda los cambios pol\u00edticos que vivi\u00f3 el lugar y permitir\u00eda cruzar datos con lo que ya saben sobre la evoluci\u00f3n de la ciudad. Por el momento, Uroz ultima con Teresa Chapa y <a href=\"https:\/\/www.abc.es\/cultura\/entienda-monumento-pozo-moro-entendera-mundo-iberico-20260703020415-nt.html\" target=\"_self\" data-voc-vtm-id=\"in-text-traffic\" data-mrf-link=\"www.abc.es\" rel=\"nofollow noopener\">Jes\u00fas Robles<\/a> una <strong>publicaci\u00f3n cient\u00edfica que ver\u00e1 la luz en breve<\/strong> sobre ese singular fragmento de una escultura que \u00abcoronar\u00eda una tumba, formar\u00eda parte de alg\u00fan tipo de santuario heroico\u2026 Solo con la cabeza no lo podemos saber\u00bb, admite el investigador. Al menos, de momento.<\/p>\n","protected":false},"excerpt":{"rendered":"\u00abLa arqueolog\u00eda bonita me persigue, all\u00e1 donde voy\u00bb, asegura orgulloso al otro lado del tel\u00e9fono H\u00e9ctor Uroz, tras&hellip;\n","protected":false},"author":2,"featured_media":749787,"comment_status":"","ping_status":"","sticky":false,"template":"","format":"standard","meta":{"footnotes":""},"categories":[8],"tags":[490,17,18,25,1246,24,13,14,19293,11,14989,15867,19,20,133246,9,10,15,16,524,23,12,21,22,3001],"class_list":["post-749786","post","type-post","status-publish","format-standard","has-post-thumbnail","category-espana","tag-abre","tag-breaking-news","tag-breakingnews","tag-es","tag-escultura","tag-espana","tag-featured-news","tag-featurednews","tag-hallazgo","tag-headlines","tag-horizonte","tag-iberica","tag-latest-news","tag-latestnews","tag-libisosa","tag-news","tag-noticias","tag-noticias-destacadas","tag-noticiasdestacadas","tag-nuevo","tag-spain","tag-titulares","tag-ultimas-noticias","tag-ultimasnoticias","tag-unica"],"share_on_mastodon":{"url":"https:\/\/pubeurope.com\/@es\/117220341063245297","error":""},"_links":{"self":[{"href":"https:\/\/www.europesays.com\/es\/wp-json\/wp\/v2\/posts\/749786","targetHints":{"allow":["GET"]}}],"collection":[{"href":"https:\/\/www.europesays.com\/es\/wp-json\/wp\/v2\/posts"}],"about":[{"href":"https:\/\/www.europesays.com\/es\/wp-json\/wp\/v2\/types\/post"}],"author":[{"embeddable":true,"href":"https:\/\/www.europesays.com\/es\/wp-json\/wp\/v2\/users\/2"}],"replies":[{"embeddable":true,"href":"https:\/\/www.europesays.com\/es\/wp-json\/wp\/v2\/comments?post=749786"}],"version-history":[{"count":0,"href":"https:\/\/www.europesays.com\/es\/wp-json\/wp\/v2\/posts\/749786\/revisions"}],"wp:featuredmedia":[{"embeddable":true,"href":"https:\/\/www.europesays.com\/es\/wp-json\/wp\/v2\/media\/749787"}],"wp:attachment":[{"href":"https:\/\/www.europesays.com\/es\/wp-json\/wp\/v2\/media?parent=749786"}],"wp:term":[{"taxonomy":"category","embeddable":true,"href":"https:\/\/www.europesays.com\/es\/wp-json\/wp\/v2\/categories?post=749786"},{"taxonomy":"post_tag","embeddable":true,"href":"https:\/\/www.europesays.com\/es\/wp-json\/wp\/v2\/tags?post=749786"}],"curies":[{"name":"wp","href":"https:\/\/api.w.org\/{rel}","templated":true}]}}