{"id":749804,"date":"2026-09-05T20:51:35","date_gmt":"2026-09-05T20:51:35","guid":{"rendered":"https:\/\/www.europesays.com\/es\/749804\/"},"modified":"2026-09-05T20:51:35","modified_gmt":"2026-09-05T20:51:35","slug":"alejandra-rubio-sale-a-pasear-por-primera-vez-con-su-hija-tessa-tras-dar-a-luz-2","status":"publish","type":"post","link":"https:\/\/www.europesays.com\/es\/749804\/","title":{"rendered":"Alejandra Rubio sale a pasear por primera vez con su hija Tessa tras dar a luz"},"content":{"rendered":"<p><img decoding=\"async\" class=\"v-ath__i\" loading=\"lazy\" src=\"https:\/\/www.europesays.com\/es\/wp-content\/uploads\/2026\/09\/1788641495_39_autor-5497-foto-3.jpeg\" alt=\"Agencia Europa Press\"\/><\/p>\n<p>05\/09\/2026 a las 17:28h.<\/p>\n<p class=\"v-d-p\">Alejandra Rubio ha protagonizado uno de sus primeros paseos junto a su hija Tessa despu\u00e9s de convertirse en madre por segunda vez hace apenas unos d\u00edas. La joven ha sido vista por los alrededores de su domicilio, empujando el carrito de la peque\u00f1a y disfrutando  &#8230; de una salida tranquila en esta nueva etapa que acaba de comenzar.<\/p>\n","protected":false},"excerpt":{"rendered":"05\/09\/2026 a las 17:28h. Alejandra Rubio ha protagonizado uno de sus primeros paseos junto a su hija Tessa&hellip;\n","protected":false},"author":2,"featured_media":749805,"comment_status":"","ping_status":"","sticky":false,"template":"","format":"standard","meta":{"footnotes":""},"categories":[91],"tags":[7934,2527,146,147,25,24,3983,1875,54284,1078,14346,5150,23,45939,575,1079],"class_list":["post-749804","post","type-post","status-publish","format-standard","has-post-thumbnail","category-entretenimiento","tag-alejandra","tag-dar","tag-entertainment","tag-entretenimiento","tag-es","tag-espana","tag-hija","tag-luz","tag-pasear","tag-primera","tag-rubio","tag-sale","tag-spain","tag-tessa","tag-tras","tag-vez"],"share_on_mastodon":{"url":"https:\/\/pubeurope.com\/@es\/117220416180225234","error":""},"_links":{"self":[{"href":"https:\/\/www.europesays.com\/es\/wp-json\/wp\/v2\/posts\/749804","targetHints":{"allow":["GET"]}}],"collection":[{"href":"https:\/\/www.europesays.com\/es\/wp-json\/wp\/v2\/posts"}],"about":[{"href":"https:\/\/www.europesays.com\/es\/wp-json\/wp\/v2\/types\/post"}],"author":[{"embeddable":true,"href":"https:\/\/www.europesays.com\/es\/wp-json\/wp\/v2\/users\/2"}],"replies":[{"embeddable":true,"href":"https:\/\/www.europesays.com\/es\/wp-json\/wp\/v2\/comments?post=749804"}],"version-history":[{"count":0,"href":"https:\/\/www.europesays.com\/es\/wp-json\/wp\/v2\/posts\/749804\/revisions"}],"wp:featuredmedia":[{"embeddable":true,"href":"https:\/\/www.europesays.com\/es\/wp-json\/wp\/v2\/media\/749805"}],"wp:attachment":[{"href":"https:\/\/www.europesays.com\/es\/wp-json\/wp\/v2\/media?parent=749804"}],"wp:term":[{"taxonomy":"category","embeddable":true,"href":"https:\/\/www.europesays.com\/es\/wp-json\/wp\/v2\/categories?post=749804"},{"taxonomy":"post_tag","embeddable":true,"href":"https:\/\/www.europesays.com\/es\/wp-json\/wp\/v2\/tags?post=749804"}],"curies":[{"name":"wp","href":"https:\/\/api.w.org\/{rel}","templated":true}]}}