{"id":749812,"date":"2026-09-05T20:55:13","date_gmt":"2026-09-05T20:55:13","guid":{"rendered":"https:\/\/www.europesays.com\/es\/749812\/"},"modified":"2026-09-05T20:55:13","modified_gmt":"2026-09-05T20:55:13","slug":"los-vecinos-del-puerto-de-ceuta-se-movilizan-contra-las-obras-para-una-nueva-ubicacion-de-los-migrantes-no-los-queremos-aqui-punto-espana","status":"publish","type":"post","link":"https:\/\/www.europesays.com\/es\/749812\/","title":{"rendered":"Los vecinos del puerto de Ceuta se movilizan contra las obras para una nueva ubicaci\u00f3n de los migrantes: \u201cNo los queremos aqu\u00ed, punto\u201d | Espa\u00f1a"},"content":{"rendered":"<p class=\"\">Horas despu\u00e9s de que el Gobierno tomara el control del puerto de Ceuta, la inmensa explanada donde se ubicar\u00e1 la nueva instalaci\u00f3n para migrantes es la estampa de la urgencia: excavadoras, camiones, palas de obra y gr\u00faas. Tres decenas de operarios trabajan en las dos nuevas ubicaciones sitas en dos enormes explanadas de titularidad p\u00fablica, y se confiesan ajenos al choque institucional: \u201cA este ritmo, el lunes ya est\u00e1 lista\u201d, dice Yasser, un obrero que coloca las varillas que sostendr\u00e1n las carpas blancas que realojar\u00e1n a 1.000 personas. \u00c9l trabaja en la explanada de menor tama\u00f1o, la que linda con el banco de alimentos. En la otra, la cosa va m\u00e1s lenta y no ha empezado a desplegarse la infraestructura. Ambas se emplazan en el pol\u00edgono del puerto y alrededor no hay m\u00e1s que concesionarios, almacenes log\u00edsticos o edificaciones de avituallamiento portuario. Los \u00faltimos comercios y supermercados est\u00e1n frente al ferry que conecta la ciudad con Algeciras, a m\u00e1s de un kil\u00f3metro de distancia. Junto a las carpas, dos gigantes tanques de combustible para buques. <\/p>\n<p class=\"\">A lo lejos, se divisan las lomas de los bloques de pisos de dos barriadas, Parques de Ceuta y Junta Obras del Puerto, a quince minutos a pie de un paso ligero. Es, con diferencia, la ubicaci\u00f3n m\u00e1s aislada de todas las que se han construido para responder a la emergencia, y cercana a n\u00facleos de poblaci\u00f3n con rentas per c\u00e1pita m\u00e1s altas que Loma Colmenar, el Tarajal o La H\u00edpica, donde est\u00e1n las dem\u00e1s instalaciones para migrantes. <\/p>\n<p class=\"\">\u201cEstar\u00e1 m\u00e1s aislado, pero nos negamos a su construcci\u00f3n. No los queremos aqu\u00ed, cerca hay comercios y colegios, y el continuo paso de los invasores va a generar muchos problemas\u201d, dice Ra\u00fal Fern\u00e1ndez, presidente de la asociaci\u00f3n Vecinos del Puerto. El viernes las asociaciones vecinales se reunieron con el Ayuntamiento para expresarles su rechazo a la construcci\u00f3n, pero seg\u00fan explica Fern\u00e1ndez \u201caunque nos dieron su apoyo porque nos entienden, nos dijeron que con el mando \u00fanico no pod\u00edan hacer nada. Que el gobierno hab\u00eda dicho que se constru\u00eda y no lo pod\u00edan paralizar\u201d. Durante toda la semana los vecinos han recorrido los muelles en manifestaciones de protesta, y aunque anuncian que seguir\u00e1n haci\u00e9ndolo empieza a cundir el des\u00e1nimo. \u201cDicen que es algo temporal, pero vete t\u00fa a saber hasta cu\u00e1ndo vamos a tener ah\u00ed a toda esa gente\u201d, contin\u00faa Ra\u00fal Fern\u00e1ndez. Seg\u00fan el pliegue de condiciones, la cesi\u00f3n tiene fecha hasta el 31 de diciembre, y es improrrogable. \u201cTres meses es much\u00edsimo tiempo, no pueden convivir con nosotros, ya hemos visto los problemas que han generado en los otros sitios como Loma Colmenar, no queremos eso aqu\u00ed\u201d, insiste el portavoz vecinal. La soluci\u00f3n que propone es tajante: \u201cSencillo, que les devuelvan a todos a Marruecos\u201d. <\/p>\n<p class=\"\">El Consejo de Administraci\u00f3n del Puerto rechaz\u00f3 la construcci\u00f3n por 11 votos en contra y 4 a favor, y a eso se aferran las barriadas de Parques de Ceuta y Junta Obras del Puerto. \u201cEs ins\u00f3lito que esto sea una imposici\u00f3n y que se haga sin tener en cuenta la voz de los que vivimos aqu\u00ed, los que tendremos que lidiar con ello\u201d, insiste. Fern\u00e1ndez hace alusi\u00f3n a las <a href=\"https:\/\/elpais.com\/espana\/2026-09-05\/la-frontera-semantica-de-ceuta-los-que-hablan-de-migrantes-y-los-que-ven-invasores.html\" target=\"_self\" rel=\"nofollow noopener\" title=\"https:\/\/elpais.com\/espana\/2026-09-05\/la-frontera-semantica-de-ceuta-los-que-hablan-de-migrantes-y-los-que-ven-invasores.html\">otras concentraciones<\/a> que est\u00e1 viviendo la ciudad por la habilitaci\u00f3n de estos centros, como la del barrio de Los Rosales. \u201cEllos tampoco quieren que les monten este espacio al lado de una guarder\u00eda, y parece que nadie nos escucha. Encima la gente est\u00e1 ya cansada y no podemos estar con movilizaciones todos los d\u00edas, porque cada vez va menos gente\u201d, confiesa. A \u00faltima hora de la tarde, un centenar de personas se dio cita en el muelle de Poniente, recorriendo el camino hasta las carpas con c\u00e1nticos como \u201cCeuta no es un CETI\u201d, \u201cinvasores expulsi\u00f3n\u201d y \u201c\u00d3scar Puente, delincuente\u201d. Ataviados con banderas espa\u00f1olas y ceut\u00edes, los manifestantes tambi\u00e9n dedicaron consignas a los polic\u00edas que custodiaban las instalaci\u00f3n (\u201cPolic\u00eda, a la frontera\u201d) y a los obreros (\u201ctraidores\u201d). \u201cMira, aqu\u00ed van a tener los chal\u00e9s, que les pongan aire acondicionado tambi\u00e9n\u201d, espet\u00f3 un vecino, al pasar junto a los pal\u00e9s de vigas met\u00e1licas. <\/p>\n<p class=\"\">Mientras, los migrantes que llevan d\u00edas durmiendo a las afueras del resto de lo centros a la espera de una plaza reciben la noticia de una nueva ubicaci\u00f3n con esperanza. Comentan entre ellos que est\u00e1 lejos, y se ense\u00f1an en sus tel\u00e9fonos m\u00f3viles el mapa de la zona. Hacen zoom y exploran el \u00e1rea digitalmente. Ni siquiera saben si ser\u00e1n ellos qui\u00e9nes ocupen esas carpas, porque el Ministerio de Inclusi\u00f3n a\u00fan no ha revelado qu\u00e9 grupos concretos les corresponder\u00e1n las nuevas plazas, pero les da igual. Es una posibilidad, y en suma es m\u00e1s de lo que ten\u00edan ayer. Sucede igual en los barrios perif\u00e9ricos como El Pr\u00edncipe, donde los campamentos improvisados llevan m\u00e1s de un mes alojando a los migrantes con la solidaridad de los vecinos. Empiezan a notar un desahogo, lento y a\u00fan desconfiado, pero evidente. <\/p>\n","protected":false},"excerpt":{"rendered":"Horas despu\u00e9s de que el Gobierno tomara el control del puerto de Ceuta, la inmensa explanada donde se&hellip;\n","protected":false},"author":2,"featured_media":749813,"comment_status":"","ping_status":"","sticky":false,"template":"","format":"standard","meta":{"footnotes":""},"categories":[8],"tags":[17,18,4486,25,24,13,14,11,590,125793,19,20,892,9,10,15,16,36432,23,12,21,22],"class_list":["post-749812","post","type-post","status-publish","format-standard","has-post-thumbnail","category-espana","tag-breaking-news","tag-breakingnews","tag-ceuta","tag-es","tag-espana","tag-featured-news","tag-featurednews","tag-headlines","tag-inmigracion","tag-juan-jesus-vivas","tag-latest-news","tag-latestnews","tag-migracion","tag-news","tag-noticias","tag-noticias-destacadas","tag-noticiasdestacadas","tag-oscar-puente-santiago","tag-spain","tag-titulares","tag-ultimas-noticias","tag-ultimasnoticias"],"share_on_mastodon":{"url":"https:\/\/pubeurope.com\/@es\/117220430712028787","error":""},"_links":{"self":[{"href":"https:\/\/www.europesays.com\/es\/wp-json\/wp\/v2\/posts\/749812","targetHints":{"allow":["GET"]}}],"collection":[{"href":"https:\/\/www.europesays.com\/es\/wp-json\/wp\/v2\/posts"}],"about":[{"href":"https:\/\/www.europesays.com\/es\/wp-json\/wp\/v2\/types\/post"}],"author":[{"embeddable":true,"href":"https:\/\/www.europesays.com\/es\/wp-json\/wp\/v2\/users\/2"}],"replies":[{"embeddable":true,"href":"https:\/\/www.europesays.com\/es\/wp-json\/wp\/v2\/comments?post=749812"}],"version-history":[{"count":0,"href":"https:\/\/www.europesays.com\/es\/wp-json\/wp\/v2\/posts\/749812\/revisions"}],"wp:featuredmedia":[{"embeddable":true,"href":"https:\/\/www.europesays.com\/es\/wp-json\/wp\/v2\/media\/749813"}],"wp:attachment":[{"href":"https:\/\/www.europesays.com\/es\/wp-json\/wp\/v2\/media?parent=749812"}],"wp:term":[{"taxonomy":"category","embeddable":true,"href":"https:\/\/www.europesays.com\/es\/wp-json\/wp\/v2\/categories?post=749812"},{"taxonomy":"post_tag","embeddable":true,"href":"https:\/\/www.europesays.com\/es\/wp-json\/wp\/v2\/tags?post=749812"}],"curies":[{"name":"wp","href":"https:\/\/api.w.org\/{rel}","templated":true}]}}