{"id":749816,"date":"2026-09-05T21:02:36","date_gmt":"2026-09-05T21:02:36","guid":{"rendered":"https:\/\/www.europesays.com\/es\/749816\/"},"modified":"2026-09-05T21:02:36","modified_gmt":"2026-09-05T21:02:36","slug":"cuatro-ciclistas-heridos-en-navarra-uno-de-ellos-muy-grave-en-una-manana-marcada-por-los-accidentes","status":"publish","type":"post","link":"https:\/\/www.europesays.com\/es\/749816\/","title":{"rendered":"Cuatro ciclistas heridos en Navarra, uno de ellos muy grave, en una ma\u00f1ana marcada por los accidentes"},"content":{"rendered":"<p>\n        Un <strong>hombre de 55 a\u00f1os<\/strong> ha resultado <strong>herido muy grave<\/strong> la ma\u00f1ana del s\u00e1bado tras ser atropellado por un turismo cuando circulaba en bicicleta por una pista en <a href=\"https:\/\/www.noticiasdenavarra.com\/tags\/mendavia\/\" title=\"Mendavia\" class=\"link copy\" rel=\"nofollow noopener\" target=\"_blank\">Mendavia<\/a>.\n<\/p>\n<p class=\"article-body__text \">\n        El <strong>Centro de Gesti\u00f3n de Emergencias de SOS Navarra 112<\/strong> ha recibido aviso del siniestro a las <strong>08:12 horas del s\u00e1bado<\/strong> y ha movilizado al lugar de los hechos al <strong>equipo m\u00e9dico de la zona<\/strong>, una <strong>ambulancia de soporte vital avanzado (medicalizada)<\/strong>, una <strong>ambulancia de soporte vital b\u00e1sico<\/strong> y patrullas de la <strong>Polic\u00eda Foral<\/strong>.\n<\/p>\n<p class=\"article-body__text \">\n        El siniestro se ha producido cuando un <strong>turismo ha atropellado a un ciclista<\/strong> en una pista pavimentada que parte del <strong>punto kilom\u00e9trico 4 de la NA-8411 (Traves\u00eda de Mendavia)<\/strong>, en el t\u00e9rmino municipal de <strong>Mendavia<\/strong>.\n<\/p>\n<p class=\"article-body__text \">\n        Los servicios de emergencia han trasladado al ciclista al <strong>Hospital Universitario de Navarra<\/strong>, en Pamplona, en la ambulancia medicalizada. Se trata de un <strong>var\u00f3n de 55 a\u00f1os<\/strong> que sufre <strong>politraumatismos con pron\u00f3stico muy grave<\/strong>.\n<\/p>\n<p class=\"article-body__text \">\n        Efectivos de la <strong>Polic\u00eda Foral<\/strong> instruyen las diligencias del siniestro.\n<\/p>\n<p>  Otros tres ciclistas heridos en sendos accidentes<\/p>\n<p class=\"article-body__text \">\n        Otros tres <strong>ciclistas han resultado heridos<\/strong> este s\u00e1bado en otros tantos accidentes de tr\u00e1fico registrados en diferentes puntos de <strong>Navarra<\/strong>. Los siniestros se han producido en <strong>Artajona, Gues\u00e1laz y Aras<\/strong> y han obligado a movilizar a distintos equipos de emergencias. Los tres afectados han sido trasladados al <strong>Hospital Universitario de Navarra (HUN)<\/strong> con <strong>pron\u00f3stico reservado<\/strong>.\n<\/p>\n<p class=\"article-body__text \">\n        El primero de los accidentes se ha registrado a las <strong>09:16 horas en Gues\u00e1laz<\/strong>, en el <strong>kil\u00f3metro 0 de la NA-7091<\/strong>. En este caso, se ha producido una <strong>colisi\u00f3n entre una retroexcavadora y un ciclista<\/strong>.\n<\/p>\n<p class=\"article-photo__footer\">\n            Colisi\u00f3n entre una retroexcavadora y un ciclista en la NA-7091.            Cedida        <\/p>\n<p class=\"article-body__text \">\n        Hasta el lugar se han desplazado el <strong>equipo m\u00e9dico<\/strong>, una <strong>ambulancia de soporte vital b\u00e1sico (SVB)<\/strong> y efectivos de la <strong>Guardia Civil<\/strong>. El ciclista, un <strong>var\u00f3n de 45 a\u00f1os vecino de Guirguillano<\/strong>, ha sufrido <strong>politraumatismos<\/strong> y ha sido trasladado en la ambulancia de soporte vital b\u00e1sico al <strong>HUN<\/strong>, donde ha quedado con pron\u00f3stico reservado.\n<\/p>\n<p>  Un ciclista de 20 a\u00f1os, herido en Artajona<\/p>\n<p class=\"article-body__text \">\n        Poco despu\u00e9s, a las <strong>09:57 horas<\/strong>, se ha registrado otro accidente en <strong>Artajona<\/strong>, concretamente en el <strong>kil\u00f3metro 12,3 de la NA-6030<\/strong>.\n<\/p>\n<p class=\"article-body__text \">\n        El siniestro se ha producido tras la <strong>ca\u00edda de un ciclista<\/strong>, un joven de <strong>20 a\u00f1os<\/strong> que ha sufrido un <strong>traumatismo craneoencef\u00e1lico (TCE)<\/strong>, con pron\u00f3stico reservado.\n<\/p>\n<p class=\"article-body__text \">\n        En el dispositivo de emergencia han participado el <strong>equipo m\u00e9dico<\/strong>, una <strong>ambulancia de soporte vital b\u00e1sico<\/strong>, otra ambulancia y efectivos de la <strong>Polic\u00eda Foral<\/strong>.\n<\/p>\n<p class=\"article-body__text \">\n        El joven ha iniciado el traslado al hospital en la ambulancia de soporte vital b\u00e1sico, aunque posteriormente se ha realizado un <strong>transbordo a una ambulancia de soporte vital avanzado (SVA)<\/strong>, que ha sido la encargada de completar el traslado hasta el <strong>Hospital Universitario de Navarra<\/strong>.\n<\/p>\n<p>  Rescate con helic\u00f3ptero en Aras<\/p>\n<p class=\"article-body__text \">\n        El tercero de los accidentes ha tenido lugar a las <strong>11:16 horas en Aras<\/strong>, en la zona de <strong>Cortin\u00e9s<\/strong>, y ha requerido un amplio dispositivo de rescate debido a la <strong>dificultad de acceso al lugar<\/strong>.\n<\/p>\n<p class=\"article-body__text \">\n        En este caso tambi\u00e9n se ha tratado de una <strong>ca\u00edda de un ciclista<\/strong>. El afectado, un <strong>var\u00f3n de 41 a\u00f1os<\/strong>, ha sufrido <strong>politraumatismos<\/strong> y ha sido trasladado al HUN con <strong>pron\u00f3stico reservado<\/strong>.\n<\/p>\n<p class=\"article-body__text \">\n        Hasta la zona se han movilizado <strong>Bomberos de Estella<\/strong>, el <strong>Grupo de Rescate T\u00e9cnico (GRT)<\/strong>, un <strong>helic\u00f3ptero de rescate<\/strong>, un <strong>helic\u00f3ptero de soporte vital avanzado (SVA)<\/strong>, una <strong>ambulancia de soporte vital b\u00e1sico<\/strong> y efectivos de la <strong>Guardia Civil<\/strong>.\n<\/p>\n<p class=\"article-body__text \">\n        La complejidad del terreno oblig\u00f3 a recurrir al <strong>GRT<\/strong>, que realiz\u00f3 el rescate con ayuda de un helic\u00f3ptero. Una vez extra\u00eddo el ciclista de la zona de dif\u00edcil acceso, se efectu\u00f3 un <strong>transbordo al helic\u00f3ptero medicalizado<\/strong>, que finalmente traslad\u00f3 al herido hasta el <strong>Hospital Universitario de Navarra<\/strong>.<\/p>\n","protected":false},"excerpt":{"rendered":"Un hombre de 55 a\u00f1os ha resultado herido muy grave la ma\u00f1ana del s\u00e1bado tras ser atropellado por&hellip;\n","protected":false},"author":2,"featured_media":749817,"comment_status":"","ping_status":"","sticky":false,"template":"","format":"standard","meta":{"footnotes":""},"categories":[273],"tags":[12687,988,313,1757,312,168,25,24,12050,53,23,167],"class_list":["post-749816","post","type-post","status-publish","format-standard","has-post-thumbnail","category-ciclismo","tag-12687","tag-anos","tag-ciclismo","tag-ciclista","tag-cycling","tag-deportes","tag-es","tag-espana","tag-grave","tag-herido","tag-spain","tag-sports"],"share_on_mastodon":{"url":"https:\/\/pubeurope.com\/@es\/117220457942828842","error":""},"_links":{"self":[{"href":"https:\/\/www.europesays.com\/es\/wp-json\/wp\/v2\/posts\/749816","targetHints":{"allow":["GET"]}}],"collection":[{"href":"https:\/\/www.europesays.com\/es\/wp-json\/wp\/v2\/posts"}],"about":[{"href":"https:\/\/www.europesays.com\/es\/wp-json\/wp\/v2\/types\/post"}],"author":[{"embeddable":true,"href":"https:\/\/www.europesays.com\/es\/wp-json\/wp\/v2\/users\/2"}],"replies":[{"embeddable":true,"href":"https:\/\/www.europesays.com\/es\/wp-json\/wp\/v2\/comments?post=749816"}],"version-history":[{"count":0,"href":"https:\/\/www.europesays.com\/es\/wp-json\/wp\/v2\/posts\/749816\/revisions"}],"wp:featuredmedia":[{"embeddable":true,"href":"https:\/\/www.europesays.com\/es\/wp-json\/wp\/v2\/media\/749817"}],"wp:attachment":[{"href":"https:\/\/www.europesays.com\/es\/wp-json\/wp\/v2\/media?parent=749816"}],"wp:term":[{"taxonomy":"category","embeddable":true,"href":"https:\/\/www.europesays.com\/es\/wp-json\/wp\/v2\/categories?post=749816"},{"taxonomy":"post_tag","embeddable":true,"href":"https:\/\/www.europesays.com\/es\/wp-json\/wp\/v2\/tags?post=749816"}],"curies":[{"name":"wp","href":"https:\/\/api.w.org\/{rel}","templated":true}]}}