{"id":749818,"date":"2026-09-05T21:04:09","date_gmt":"2026-09-05T21:04:09","guid":{"rendered":"https:\/\/www.europesays.com\/es\/749818\/"},"modified":"2026-09-05T21:04:09","modified_gmt":"2026-09-05T21:04:09","slug":"el-casademont-zaragoza-supera-al-tenerife-en-su-segundo-partido-amistoso","status":"publish","type":"post","link":"https:\/\/www.europesays.com\/es\/749818\/","title":{"rendered":"El Casademont Zaragoza supera al Tenerife en su segundo partido amistoso"},"content":{"rendered":"<p class=\"c-paragraph\">El Casademont Zaragoza <b>super\u00f3 al Tenerife este s\u00e1bado (86-84), <\/b>en el Palacio de Deportes de Utebo, en su segundo encuentro amistoso de la pretemporada. <a href=\"https:\/\/www.heraldo.es\/noticias\/deportes\/baloncesto\/2026\/08\/28\/casademont-zaragoza-vence-ilerna-lleida-tras-un-emocionante-final-106-102-2047963.html\" title=\"El Casademont Zaragoza vence al iLerna Lleida tras un emocionante final (106-102)\" rel=\"nofollow noopener\" target=\"_blank\">Tras haber vencido al Lleida (106-102) en su primer choque preparaci\u00f3n, <\/a>el equipo de Gonzalo Garc\u00eda de Vitoria no s\u00f3lo volvi\u00f3 a ganar, sino que de nuevo ofreci\u00f3 una buena imagen.\u00a0<\/p>\n<p class=\"c-paragraph\">El talento de Brussino, la direcci\u00f3n de Guillem Vives -decisivo tambi\u00e9n con su punter\u00eda desde el per\u00edmetro, en los instantes decisivos-, el poder\u00edo interior de Birutis\u00a0y <b>la gran irrupci\u00f3n de Blumbergs<\/b> edificaron el triunfo de los zaragozanos, que mostraron tramos ilusionantes.\u00a0\u00a0<\/p>\n<p class=\"c-paragraph\">El choque lleg\u00f3 igualado al tramo final. Olaseni puso por delante a los zaragozanos, en los \u00faltimos compases, <b>desde la l\u00ednea de personal (86-84),<\/b> mientras que Guy err\u00f3 un lanzamiento triple, ya sobre la bocina, que hubiera dado el triunfo a los visitantes.\u00a0<\/p>\n<p>El primer rival\u00a0<\/p>\n<p class=\"c-paragraph\">El cuadro insular ser\u00e1, precisamente, el primer rival del Casademont Zaragoza en la temporada oficial. <b>Los aragoneses visitar\u00e1n al Tenerife el 27 de septiembre, en la jornada inaugural de la Liga Endesa,<\/b> en un duelo que comenzar\u00e1 a las 13.00.\u00a0<\/p>\n<p class=\"c-paragraph\">La escuadra aragonesa<b> se medir\u00e1 este lunes con el Valencia Basket<\/b> \u2013el actual campe\u00f3n de la Liga Endesa\u2013, en la localidad levantina de Benicarl\u00f3 (20.00). La siguiente cita ser\u00e1 frente al conjunto franc\u00e9s del Elan Bearnais Pau Lacq-Orthez, el 12 de septiembre (20.30), en el polideportivo de Zuera.\u00a0<\/p>\n<p class=\"c-paragraph\">Y su \u00faltimo encuentro de preparaci\u00f3n se desarrollar\u00e1 <b>en el pabell\u00f3n Pr\u00edncipe Felipe, el d\u00eda 20, contra el UCAM Murcia, <\/b>en el marco de una nueva edici\u00f3n del Memorial Jos\u00e9 Luis Ab\u00f3s. El entrenador del Casademont, Gonzalo Garc\u00eda de Vitoria, ya dispone de todos sus efectivos, despu\u00e9s de que Trae Bell-Haynes, Nico Brussino y Roberts Blumbergs hayan regresado ya de sus respectivos compromisos internacionales.<\/p>\n","protected":false},"excerpt":{"rendered":"El Casademont Zaragoza super\u00f3 al Tenerife este s\u00e1bado (86-84), en el Palacio de Deportes de Utebo, en su&hellip;\n","protected":false},"author":2,"featured_media":749819,"comment_status":"","ping_status":"","sticky":false,"template":"","format":"standard","meta":{"footnotes":""},"categories":[269],"tags":[299,298,2511,168,25,24,23,167],"class_list":["post-749818","post","type-post","status-publish","format-standard","has-post-thumbnail","category-baloncesto","tag-baloncesto","tag-basketball","tag-casademont","tag-deportes","tag-es","tag-espana","tag-spain","tag-sports"],"share_on_mastodon":{"url":"https:\/\/pubeurope.com\/@es\/117220466233419664","error":""},"_links":{"self":[{"href":"https:\/\/www.europesays.com\/es\/wp-json\/wp\/v2\/posts\/749818","targetHints":{"allow":["GET"]}}],"collection":[{"href":"https:\/\/www.europesays.com\/es\/wp-json\/wp\/v2\/posts"}],"about":[{"href":"https:\/\/www.europesays.com\/es\/wp-json\/wp\/v2\/types\/post"}],"author":[{"embeddable":true,"href":"https:\/\/www.europesays.com\/es\/wp-json\/wp\/v2\/users\/2"}],"replies":[{"embeddable":true,"href":"https:\/\/www.europesays.com\/es\/wp-json\/wp\/v2\/comments?post=749818"}],"version-history":[{"count":0,"href":"https:\/\/www.europesays.com\/es\/wp-json\/wp\/v2\/posts\/749818\/revisions"}],"wp:featuredmedia":[{"embeddable":true,"href":"https:\/\/www.europesays.com\/es\/wp-json\/wp\/v2\/media\/749819"}],"wp:attachment":[{"href":"https:\/\/www.europesays.com\/es\/wp-json\/wp\/v2\/media?parent=749818"}],"wp:term":[{"taxonomy":"category","embeddable":true,"href":"https:\/\/www.europesays.com\/es\/wp-json\/wp\/v2\/categories?post=749818"},{"taxonomy":"post_tag","embeddable":true,"href":"https:\/\/www.europesays.com\/es\/wp-json\/wp\/v2\/tags?post=749818"}],"curies":[{"name":"wp","href":"https:\/\/api.w.org\/{rel}","templated":true}]}}