{"id":749836,"date":"2026-09-05T21:19:16","date_gmt":"2026-09-05T21:19:16","guid":{"rendered":"https:\/\/www.europesays.com\/es\/749836\/"},"modified":"2026-09-05T21:19:16","modified_gmt":"2026-09-05T21:19:16","slug":"mereciamos-un-punto-frank-lampard-lamenta-la-ajustada-derrota-del-coventry-ante-el-manchester-city-mientras-los-sky-blues-impresionan","status":"publish","type":"post","link":"https:\/\/www.europesays.com\/es\/749836\/","title":{"rendered":"\u00ab\u00a1Merec\u00edamos un punto!\u00bb: Frank Lampard lamenta la ajustada derrota del Coventry ante el Manchester City mientras los Sky Blues impresionan"},"content":{"rendered":"<p>Lampard se qued\u00f3 con la sensaci\u00f3n de haber sido tratado injustamente despu\u00e9s de ver c\u00f3mo su Coventry City ca\u00eda por la m\u00ednima a manos del vigente campe\u00f3n. Los Sky Blues llegaron al Etihad Stadium como claros no favoritos, pero ofrecieron una actuaci\u00f3n de garra y disciplina t\u00e1ctica que frustr\u00f3 con frecuencia al repleto de estrellas equipo de Enzo Maresca.<\/p>\n<p>Hablando despu\u00e9s del pitido final, el exentrenador de Chelsea y Everton no tard\u00f3 en elogiar a sus jugadores por su aplicaci\u00f3n ante la \u00e9lite de la Premier League. \u00abNo creo que mereci\u00e9ramos perder. A medida que avanz\u00f3 el partido fuimos creciendo, por supuesto ellos crearon ocasiones, pero los chicos lo hicieron muy bien. Estoy decepcionado por no haber conseguido lo que merec\u00edamos, que era un punto\u00bb, <a href=\"https:\/\/www.bbc.com\/sport\/football\/articles\/c3eq5nyj2y8o?xtor=AL-72-%5Bpartner%5D-%5Byahoo.north.america%5D-%5Bheadline%5D-%5Bsport%5D-%5Bbizdev%5D-%5Bisapi%5D\" target=\"_blank\" data-affiliate-type=\"NONE\" rel=\"nofollow noopener\">declar\u00f3 Lampard a BBC Match of the Day<\/a>.<\/p>\n<p>Despu\u00e9s, destac\u00f3 la dificultad de su calendario inicial y se\u00f1al\u00f3: \u00abSobre el papel, hemos jugado contra los dos equipos m\u00e1s duros. Lo \u00fanico que puedes hacer es controlar el rendimiento, los chicos fueron creciendo y la presi\u00f3n que tuvimos por momentos en la segunda parte fue una gran progresi\u00f3n respecto a lo de hace dos semanas contra el Arsenal\u00bb.<\/p>\n","protected":false},"excerpt":{"rendered":"Lampard se qued\u00f3 con la sensaci\u00f3n de haber sido tratado injustamente despu\u00e9s de ver c\u00f3mo su Coventry City&hellip;\n","protected":false},"author":2,"featured_media":749837,"comment_status":"","ping_status":"","sticky":false,"template":"","format":"standard","meta":{"footnotes":""},"categories":[5],"tags":[17,18,133251,64841,119253,25,24,133252,13,14,11,19,20,2013,9,10,15,16,1240,23,12,21,22],"class_list":["post-749836","post","type-post","status-publish","format-standard","has-post-thumbnail","category-titulares","tag-breaking-news","tag-breakingnews","tag-coventry","tag-coventry-city","tag-e-haaland","tag-es","tag-espana","tag-f-lampard","tag-featured-news","tag-featurednews","tag-headlines","tag-latest-news","tag-latestnews","tag-manchester-city","tag-news","tag-noticias","tag-noticias-destacadas","tag-noticiasdestacadas","tag-premier-league","tag-spain","tag-titulares","tag-ultimas-noticias","tag-ultimasnoticias"],"share_on_mastodon":{"url":"https:\/\/pubeurope.com\/@es\/117220525087279429","error":""},"_links":{"self":[{"href":"https:\/\/www.europesays.com\/es\/wp-json\/wp\/v2\/posts\/749836","targetHints":{"allow":["GET"]}}],"collection":[{"href":"https:\/\/www.europesays.com\/es\/wp-json\/wp\/v2\/posts"}],"about":[{"href":"https:\/\/www.europesays.com\/es\/wp-json\/wp\/v2\/types\/post"}],"author":[{"embeddable":true,"href":"https:\/\/www.europesays.com\/es\/wp-json\/wp\/v2\/users\/2"}],"replies":[{"embeddable":true,"href":"https:\/\/www.europesays.com\/es\/wp-json\/wp\/v2\/comments?post=749836"}],"version-history":[{"count":0,"href":"https:\/\/www.europesays.com\/es\/wp-json\/wp\/v2\/posts\/749836\/revisions"}],"wp:featuredmedia":[{"embeddable":true,"href":"https:\/\/www.europesays.com\/es\/wp-json\/wp\/v2\/media\/749837"}],"wp:attachment":[{"href":"https:\/\/www.europesays.com\/es\/wp-json\/wp\/v2\/media?parent=749836"}],"wp:term":[{"taxonomy":"category","embeddable":true,"href":"https:\/\/www.europesays.com\/es\/wp-json\/wp\/v2\/categories?post=749836"},{"taxonomy":"post_tag","embeddable":true,"href":"https:\/\/www.europesays.com\/es\/wp-json\/wp\/v2\/tags?post=749836"}],"curies":[{"name":"wp","href":"https:\/\/api.w.org\/{rel}","templated":true}]}}