{"id":749864,"date":"2026-09-05T21:50:16","date_gmt":"2026-09-05T21:50:16","guid":{"rendered":"https:\/\/www.europesays.com\/es\/749864\/"},"modified":"2026-09-05T21:50:16","modified_gmt":"2026-09-05T21:50:16","slug":"la-cultural-derrota-al-clinica-ponferrada-en-el-primer-derbi-del-curso","status":"publish","type":"post","link":"https:\/\/www.europesays.com\/es\/749864\/","title":{"rendered":"La Cultural derrota al Cl\u00ednica Ponferrada en el primer derbi del curso"},"content":{"rendered":"<p><img decoding=\"async\" class=\"v-ath__i\" loading=\"lazy\" src=\"https:\/\/www.europesays.com\/es\/wp-content\/uploads\/2026\/09\/autor-7446-foto-1.jpeg\" alt=\"Dani Vergara\"\/><\/p>\n<p>05\/09\/2026 a las 19:01h.<\/p>\n<p class=\"v-d-p\">La Cultural y Deportiva Leonesa y el Cl\u00ednica Ponferrada SDP han medido sus fuerzas este s\u00e1bado en el primer test de la pretemporada disputado en La Ba\u00f1eza en el que los capitalinos han resultado vencedores (69-65).<\/p>\n<p class=\"v-d-p\">Los hombres de Luis Castillo llevaron la voz cantante del encuentro desde el principio y tras el primer cuarto la ventaja ya era de ocho puntos con un 24-16 marcado por el acierto de los rojos.<\/p>\n<p class=\"v-d-p\">Esta desventaja fue una losa para los jugadores blanquiazules dirigidos por Samuel Conde que no supieron reaccionar en el segundo parcial y, pese a cerrar mejor su aro, se fueron a vestuarios diez puntos (40-30) por debajo en el electr\u00f3nico.<\/p>\n<ul class=\"v-cmp-rld__u\">\n<li class=\"v-cmp-rld__l\">\n<p><a class=\"v-a-lnk\" href=\"http:\/\/www.leonoticias.com\/deportes\/baloncesto\/amistoso-homenaje-urbano-leon-sigue-pie-pese-20260904171515-nt.html#vtm_modulosEngag=noticiasrelacionadas-cmp-uno:deportes:noticia:1\" data-voc-vtm-id=\"in-text-traffic\" rel=\"nofollow noopener\" target=\"_blank\"><br \/>\n<img decoding=\"async\" loading=\"lazy\" src=\"https:\/\/www.europesays.com\/es\/wp-content\/uploads\/2026\/09\/1507528288-krJ--366x256@Leonoticias.jpg\" class=\"v-a-img\" width=\"258\" height=\"180\" alt=\"El amistoso homenaje a Urbano sigue en pie pese a las dificultades f\u00edsicas del Baskonia\"\/><br \/>\n<\/a><\/p>\n<\/li>\n<\/ul>\n<p class=\"v-d-p\">Tras el descanso, s\u00ed pudo llegar la respuesta berciana, que apretaron el marcador hasta el punto de que Luis Castillo requiri\u00f3 de un tiempo muerto para frenar la sangr\u00eda a tres minutos de finalizar el tercer parcial al ver que el Cl\u00ednica Ponferrada SDP se hab\u00eda colocado a tan solo cuatro puntos.<\/p>\n<p class=\"v-d-p\">La pausa dio el efecto esperado y, a falta de los \u00faltimos diez minutos, los capitalinos aventajaban en ocho puntos a los bercianos, aunque estos no iban a dar su brazo a torcer.<\/p>\n<p>\nIgualdad hasta el final\n<\/p>\n<p class=\"v-d-p\">Y as\u00ed fue, hasta el punto de que a falta de un solo minuto para el desenlace del encuentro, el electr\u00f3nico marcaba un empate a 65 que dejaba todo por decidir en las \u00faltimas posesiones.<\/p>\n<p class=\"v-d-p\">Sin embargo, el Ponferrada no pudo volver a anotar y fueron los leoneses quienes se hicieron con la victoria con un ajustado 69-65 que refuerza la confianza del nuevo grupo de cara al inicio de la Segunda FEB, que tiene lugar el primer fin de semana de octubre.<\/p>\n","protected":false},"excerpt":{"rendered":"05\/09\/2026 a las 19:01h. La Cultural y Deportiva Leonesa y el Cl\u00ednica Ponferrada SDP han medido sus fuerzas&hellip;\n","protected":false},"author":2,"featured_media":749865,"comment_status":"","ping_status":"","sticky":false,"template":"","format":"standard","meta":{"footnotes":""},"categories":[269],"tags":[299,298,13952,8332,3445,168,18298,2244,25,24,16148,977,23,167],"class_list":["post-749864","post","type-post","status-publish","format-standard","has-post-thumbnail","category-baloncesto","tag-baloncesto","tag-basketball","tag-clinica","tag-cultural","tag-curso","tag-deportes","tag-derbi","tag-derrota","tag-es","tag-espana","tag-ponferrada","tag-primer","tag-spain","tag-sports"],"share_on_mastodon":{"url":"https:\/\/pubeurope.com\/@es\/117220647724880330","error":""},"_links":{"self":[{"href":"https:\/\/www.europesays.com\/es\/wp-json\/wp\/v2\/posts\/749864","targetHints":{"allow":["GET"]}}],"collection":[{"href":"https:\/\/www.europesays.com\/es\/wp-json\/wp\/v2\/posts"}],"about":[{"href":"https:\/\/www.europesays.com\/es\/wp-json\/wp\/v2\/types\/post"}],"author":[{"embeddable":true,"href":"https:\/\/www.europesays.com\/es\/wp-json\/wp\/v2\/users\/2"}],"replies":[{"embeddable":true,"href":"https:\/\/www.europesays.com\/es\/wp-json\/wp\/v2\/comments?post=749864"}],"version-history":[{"count":0,"href":"https:\/\/www.europesays.com\/es\/wp-json\/wp\/v2\/posts\/749864\/revisions"}],"wp:featuredmedia":[{"embeddable":true,"href":"https:\/\/www.europesays.com\/es\/wp-json\/wp\/v2\/media\/749865"}],"wp:attachment":[{"href":"https:\/\/www.europesays.com\/es\/wp-json\/wp\/v2\/media?parent=749864"}],"wp:term":[{"taxonomy":"category","embeddable":true,"href":"https:\/\/www.europesays.com\/es\/wp-json\/wp\/v2\/categories?post=749864"},{"taxonomy":"post_tag","embeddable":true,"href":"https:\/\/www.europesays.com\/es\/wp-json\/wp\/v2\/tags?post=749864"}],"curies":[{"name":"wp","href":"https:\/\/api.w.org\/{rel}","templated":true}]}}