{"id":749870,"date":"2026-09-05T21:56:18","date_gmt":"2026-09-05T21:56:18","guid":{"rendered":"https:\/\/www.europesays.com\/es\/749870\/"},"modified":"2026-09-05T21:56:18","modified_gmt":"2026-09-05T21:56:18","slug":"aespa-en-mexico-2026-este-es-el-posible-setlist-de-su-concierto-en-el-palacio-de-los-deportes","status":"publish","type":"post","link":"https:\/\/www.europesays.com\/es\/749870\/","title":{"rendered":"Aespa en M\u00e9xico 2026: este es el posible setlist de su concierto en el Palacio de los Deportes"},"content":{"rendered":"<p><img alt=\"Cuatro mujeres j\u00f3venes con cabello oscuro y trajes de cuero rojos y negros posan con earpieces, algunas haciendo el signo de la paz\" class=\"global-image\" decoding=\"async\" fetchpriority=\"high\" height=\"1080\" loading=\"eager\" src=\"https:\/\/www.europesays.com\/es\/wp-content\/uploads\/2026\/09\/GA7QB3UF2FENXAYV6A6RGL67MM.jpg\" width=\"1920\"\/>Las integrantes de AESPA posan detr\u00e1s del escenario con sus atuendos vibrantes antes de su esperado concierto en el Palacio de los Deportes de M\u00e9xico. ((FB\/aespa.official))<\/p>\n<p>05 Sep, 2026 04:15 p. m. EST<\/p>\n<p class=\"paragraph\" data-paragraph-number=\"1\">A d\u00edas de uno de los <a href=\"https:\/\/www.infobae.com\/mexico\/2026\/08\/26\/txt-regresa-a-mexico-con-su-gira-steal-the-wind-esta-es-la-fecha-del-concierto-de-k-pop\/\" target=\"_blank\" rel=\"noreferrer nofollow noopener\" title=\"https:\/\/www.infobae.com\/mexico\/2026\/08\/26\/txt-regresa-a-mexico-con-su-gira-steal-the-wind-esta-es-la-fecha-del-concierto-de-k-pop\/\"><b>conciertos<\/b><\/a> de <a href=\"https:\/\/www.infobae.com\/mexico\/2026\/08\/29\/korea-spotlight-regresa-a-la-ciudad-de-mexico-conoce-a-los-artistas-que-formaran-parte-de-esta-edicion\/\" target=\"_blank\" rel=\"noreferrer nofollow noopener\" title=\"https:\/\/www.infobae.com\/mexico\/2026\/08\/29\/korea-spotlight-regresa-a-la-ciudad-de-mexico-conoce-a-los-artistas-que-formaran-parte-de-esta-edicion\/\"><b>K-pop<\/b><\/a> m\u00e1s esperados en M\u00e9xico, una de las preguntas m\u00e1s frecuentes entre las fan\u00e1ticas es acerca de las canciones que cantar\u00e1 <b>Aespa<\/b> durante su espect\u00e1culo en la capital del pa\u00eds.<\/p>\n<p class=\"paragraph\" data-paragraph-number=\"2\">El pr\u00f3ximo 11 de septiembre, la <b>Ciudad de M\u00e9xico<\/b> le dar\u00e1 la bienvenida por cuarta vez a la agrupaci\u00f3n conformada por <b>Karina, Winter, Giselle y Ningning<\/b>.<\/p>\n<p class=\"paragraph\" data-paragraph-number=\"3\">Desde el anuncio de este evento, las seguidoras mexicanas han expresado una gran emoci\u00f3n por disfrutar de este nuevo espect\u00e1culo que promete ser memorable y emotivo para todas las asistentes. <\/p>\n<p class=\"paragraph\" data-paragraph-number=\"4\">De acuerdo con la lista de canciones interpretadas durante su primera presentaci\u00f3n en Am\u00e9rica Latina con su tour mundial \u201c<b>SYNK: COMPL\u00e6XITY<\/b>\u201d, estos son los temas que podr\u00edan cantar en M\u00e9xico tras su parada en Brasil, Chile y Per\u00fa:<\/p>\n<p class=\"paragraph\" data-paragraph-number=\"5\">1. Welcome to MY World<\/p>\n<p class=\"paragraph\" data-paragraph-number=\"6\">2. LEMONADE<\/p>\n<p class=\"paragraph\" data-paragraph-number=\"7\">3. Switchblade <\/p>\n<p class=\"paragraph\" data-paragraph-number=\"8\">4. Whiplash <\/p>\n<p class=\"paragraph\" data-paragraph-number=\"9\">5. Black Mamba <\/p>\n<p class=\"paragraph\" data-paragraph-number=\"10\">6. WDA (Whole Different Animal) <\/p>\n<p class=\"paragraph\" data-paragraph-number=\"11\">7. Count on Me (intro ac\u00fastica extendida con Karina en piano) <\/p>\n<p class=\"paragraph\" data-paragraph-number=\"12\">8. Can\u2019t Help Myself <\/p>\n<p class=\"paragraph\" data-paragraph-number=\"13\">9. Angel #48 <\/p>\n<p class=\"paragraph\" data-paragraph-number=\"14\">10. Camouflage <\/p>\n<p class=\"paragraph\" data-paragraph-number=\"15\">11. KISS N TELL <\/p>\n<p class=\"paragraph\" data-paragraph-number=\"16\">12. Lollipop (Giselle y Ningning) <\/p>\n<p class=\"paragraph\" data-paragraph-number=\"17\">13. 16bit (Karina solista) <\/p>\n<p class=\"paragraph\" data-paragraph-number=\"18\">14. SADDLE UP (Winter solista) <\/p>\n<p class=\"paragraph\" data-paragraph-number=\"19\">15. bye4hello (Giselle solista) <\/p>\n<p class=\"paragraph\" data-paragraph-number=\"20\">16. I Love You But I Gotta Let You Go (Ningning solista) <\/p>\n<p class=\"paragraph\" data-paragraph-number=\"21\">17. Serenade (Karina y Winter) <\/p>\n<p class=\"paragraph\" data-paragraph-number=\"22\">18. Armageddon <\/p>\n<p class=\"paragraph\" data-paragraph-number=\"23\">19. Bite <\/p>\n<p class=\"paragraph\" data-paragraph-number=\"24\">20. Next Level (versi\u00f3n EDM) <\/p>\n<p class=\"paragraph\" data-paragraph-number=\"25\">21. SHAKIN\u2019<\/p>\n<p class=\"paragraph\" data-paragraph-number=\"26\">22. Supernova <\/p>\n<p class=\"paragraph\" data-paragraph-number=\"27\">23. YEPPI YEPPI <\/p>\n<p class=\"paragraph\" data-paragraph-number=\"28\">24. \u2019Til We Die<\/p>\n<p><img alt=\"Aespa\" class=\"global-image\" decoding=\"async\" fetchpriority=\"low\" height=\"711\" loading=\"lazy\" src=\"https:\/\/www.europesays.com\/es\/wp-content\/uploads\/2026\/09\/5RKH25FPM5FV5KV5J7W5IG3OTU.PNG\" width=\"540\"\/>Ocesa K-pop confirma el concierto de Aespa el pr\u00f3ximo 11 de septiembre en el Palacio de los Deportes. (captura de pantalla)<\/p>\n<p class=\"paragraph\" data-paragraph-number=\"29\">A lo largo de los \u00faltimos a\u00f1os, Aespa ha visitado en diversas ocasiones la capital del pa\u00eds, convirtiendo a M\u00e9xico en una parada obligatoria para sus giras internacionales. <\/p>\n<p class=\"paragraph\" data-paragraph-number=\"30\">La primera vez que pisaron tierras mexicanas fue durante su tour <b>SYNK: HYPER LINE<\/b>, el cual se llev\u00f3 a cabo el 8 de septiembre de 2023 en el Palacio de los Deportes.<\/p>\n<p class=\"paragraph\" data-paragraph-number=\"31\">Dos a\u00f1os despu\u00e9s, las chicas anunciaron su regreso con un concierto incluido en el <b>SYNK: PARALLEL LINE<\/b>, realizado el 4 de febrero en el mismo recinto. Adicional a este show, participaron en el festival <b>SMTOWN LIVE<\/b> el 9 de mayo de 2025 en el GNP Seguros, espect\u00e1culo donde compartieron escenario con grupos como <b>Super Junior, NCT, TVXQ, EXO<\/b>, entre otras bandas de la misma empresa surcoreana. <\/p>\n<p class=\"paragraph\" data-paragraph-number=\"32\">En el <b>Mundial 2026 en M\u00e9xico<\/b>, Winter y Karina formaron parte del talento que visti\u00f3 el pa\u00eds para apoyar al equipo de <b>Corea del Sur<\/b> en su juego contra la selecci\u00f3n mexicana, celebrado en Guadalajara el pasado 18 de junio, donde el conjunto tricolor obtuvo el triunfo uno por cero. <\/p>\n<p class=\"paragraph\" data-paragraph-number=\"33\">Este grupo de K-pop tiene programado su espect\u00e1culo para el pr\u00f3ximo 11 de septiembre en el Palacio de los Deportes, ubicado en en Avenida Viaducto R\u00edo de la Piedad y R\u00edo Churubusco s\/n, en la colonia Granjas M\u00e9xico, alcald\u00eda Iztacalco, Ciudad de M\u00e9xico.<\/p>\n<ul data-icon=\"\u2b24\" class=\"list\">\n<li data-icon=\"\u2b24\">Zona A &#8211; Rango de precios de 5 mil 456 a 7 mil 366 pesos mexicanos<\/li>\n<li data-icon=\"\u2b24\">Zona B &#8211; rango de precios de 4 mil 538 a 5 mil 444 pesos mexicanos<\/li>\n<li data-icon=\"\u2b24\">Zona C &#8211; rango de precios de 3 mil 26 a 3 mil 633 pesos mexicanos<\/li>\n<li data-icon=\"\u2b24\">Zona D &#8211; de 1,761 a 2 mil 83 pesos mexicanos<\/li>\n<li data-icon=\"\u2b24\">Zona E &#8211; de 1,091 a 1,228 pesos mexicanos<\/li>\n<\/ul>\n<p class=\"paragraph\" data-paragraph-number=\"34\"><b>Paquete VIP 1 &#8211; AESPA SEND-OFF VIP PACKAGE<\/b><\/p>\n<ul data-icon=\"\u2b24\" class=\"list\">\n<li data-icon=\"\u2b24\">Costo: 11 mil 45 pesos mexicanos<\/li>\n<li data-icon=\"\u2b24\">Un boleto premium con asiento reservado<\/li>\n<li data-icon=\"\u2b24\">Invitaci\u00f3n exclusiva al evento de despedida \u201csend off\u201d de aespa despu\u00e9s del show<\/li>\n<li data-icon=\"\u2b24\">Art\u00edculo de regalo VIP especialmente dise\u00f1ado<\/li>\n<li data-icon=\"\u2b24\">Set oficial de photocards VIP de aespa<\/li>\n<li data-icon=\"\u2b24\">Laminado VIP y lanyard conmemorativo de la experiencia<\/li>\n<li data-icon=\"\u2b24\">Oportunidad de compra de mercanc\u00eda antes de la apertura de puertas <\/li>\n<li data-icon=\"\u2b24\">Acceso anticipado al inmueble<\/li>\n<li data-icon=\"\u2b24\">Check-in exclusivo y staff VIP en sitio<\/li>\n<\/ul>\n<p class=\"paragraph\" data-paragraph-number=\"35\"><b>VIP 2: AESPA HI-BYE VIP PACKAGE<\/b><\/p>\n<ul data-icon=\"\u2b24\" class=\"list\">\n<li data-icon=\"\u2b24\">Costo: 9 mil 72 pesos mexicanos<\/li>\n<li data-icon=\"\u2b24\">Un boleto premium con asiento reservado<\/li>\n<li data-icon=\"\u2b24\">Acceso al evento Hi-bye de aespa despu\u00e9s del show<\/li>\n<li data-icon=\"\u2b24\">Art\u00edculo de regalo VIP especialmente dise\u00f1ado<\/li>\n<li data-icon=\"\u2b24\">Set oficial de photocards VIP de aespa<\/li>\n<li data-icon=\"\u2b24\">Laminado VIP y lanyard conmemorativo de la experiencia<\/li>\n<li data-icon=\"\u2b24\">Oportunidad de compra de mercanc\u00eda antes de la apertura de puertas<\/li>\n<li data-icon=\"\u2b24\">Acceso anticipado al inmueble<\/li>\n<li data-icon=\"\u2b24\">Check-in exclusivo y staff VIP en sitio<\/li>\n<\/ul>\n","protected":false},"excerpt":{"rendered":"Las integrantes de AESPA posan detr\u00e1s del escenario con sus atuendos vibrantes antes de su esperado concierto en&hellip;\n","protected":false},"author":2,"featured_media":749871,"comment_status":"","ping_status":"","sticky":false,"template":"","format":"standard","meta":{"footnotes":""},"categories":[170],"tags":[133255,1830,77062,2339,146,147,25,24,100,40143,2502,1906,184,185,25902,23],"class_list":["post-749870","post","type-post","status-publish","format-standard","has-post-thumbnail","category-musica","tag-aespa","tag-artista","tag-celebridad","tag-concierto","tag-entertainment","tag-entretenimiento","tag-es","tag-espana","tag-grupo","tag-idolos","tag-k-pop","tag-mexico","tag-music","tag-musica","tag-palacio-de-los-deportes","tag-spain"],"share_on_mastodon":{"url":"https:\/\/pubeurope.com\/@es\/117220671750984429","error":""},"_links":{"self":[{"href":"https:\/\/www.europesays.com\/es\/wp-json\/wp\/v2\/posts\/749870","targetHints":{"allow":["GET"]}}],"collection":[{"href":"https:\/\/www.europesays.com\/es\/wp-json\/wp\/v2\/posts"}],"about":[{"href":"https:\/\/www.europesays.com\/es\/wp-json\/wp\/v2\/types\/post"}],"author":[{"embeddable":true,"href":"https:\/\/www.europesays.com\/es\/wp-json\/wp\/v2\/users\/2"}],"replies":[{"embeddable":true,"href":"https:\/\/www.europesays.com\/es\/wp-json\/wp\/v2\/comments?post=749870"}],"version-history":[{"count":0,"href":"https:\/\/www.europesays.com\/es\/wp-json\/wp\/v2\/posts\/749870\/revisions"}],"wp:featuredmedia":[{"embeddable":true,"href":"https:\/\/www.europesays.com\/es\/wp-json\/wp\/v2\/media\/749871"}],"wp:attachment":[{"href":"https:\/\/www.europesays.com\/es\/wp-json\/wp\/v2\/media?parent=749870"}],"wp:term":[{"taxonomy":"category","embeddable":true,"href":"https:\/\/www.europesays.com\/es\/wp-json\/wp\/v2\/categories?post=749870"},{"taxonomy":"post_tag","embeddable":true,"href":"https:\/\/www.europesays.com\/es\/wp-json\/wp\/v2\/tags?post=749870"}],"curies":[{"name":"wp","href":"https:\/\/api.w.org\/{rel}","templated":true}]}}