{"id":74988,"date":"2025-08-27T05:25:08","date_gmt":"2025-08-27T05:25:08","guid":{"rendered":"https:\/\/www.europesays.com\/es\/74988\/"},"modified":"2025-08-27T05:25:08","modified_gmt":"2025-08-27T05:25:08","slug":"el-periodismo-cultural-una-especialidad-para-mentes-inquietas","status":"publish","type":"post","link":"https:\/\/www.europesays.com\/es\/74988\/","title":{"rendered":"El Periodismo cultural, una especialidad para mentes inquietas"},"content":{"rendered":"<p>            Redacci\u00f3n<\/p>\n<p>El periodismo cultural permite llegar al mismo objetivo informativo que exige esta profesi\u00f3n pero por otros caminos, buscando la complicidad del lector p\u00fablico, a trav\u00e9s de recursos literarios, est\u00e9ticos y audiovisuales. Dichas caracter\u00edsticas convierten al periodista cultural en un cr\u00edtico de los escenarios del acontecer, y a sus audiencias en testigos de la imaginaci\u00f3n y la creatividad.\u00a0<\/p>\n<p><strong>Sin miradas cr\u00edticas no hay criterios\u00a0\u00a0\u00a0\u00a0\u00a0\u00a0\u00a0\u00a0\u00a0\u00a0\u00a0\u00a0\u00a0\u00a0\u00a0\u00a0\u00a0\u00a0\u00a0\u00a0\u00a0\u00a0\u00a0\u00a0\u00a0\u00a0\u00a0\u00a0\u00a0\u00a0\u00a0\u00a0\u00a0\u00a0\u00a0\u00a0\u00a0\u00a0\u00a0\u00a0\u00a0\u00a0\u00a0\u00a0\u00a0\u00a0\u00a0\u00a0<\/strong>\u00a0<\/p>\n<p>No es verdad que al p\u00fablico no le interesa la informaci\u00f3n cultural, el problema radica en que las salas de redacci\u00f3n, muchas veces, confunden la cultura con el espect\u00e1culo y mezclan contenidos sin ning\u00fan tipo de rigor period\u00edstico. El periodismo cultural no puede concebirse como una especialidad ajena y distante a la deficitaria y compleja situaci\u00f3n de la cultura y la educaci\u00f3n que actualmente atraviesa Espa\u00f1a. En definitiva, el periodismo cultural no solo informa, sino que tambi\u00e9n forma y especializa a los futuros periodistas y a los espectadores m\u00e1s interesados en estos temas.\u00a0<\/p>\n<p><strong>Divulgar frente a vulgarizar<\/strong>\u00a0<\/p>\n<p>El periodismo cultural es una pr\u00e1ctica social muy extensa y variada. Puede ser una secci\u00f3n de peri\u00f3dico o de una emisora radiof\u00f3nica, puede ser un programa de televisi\u00f3n o una web especializada; pero, adem\u00e1s, es una encrucijada de g\u00e9neros, tendencias y estilos, una frontera entre el conocimiento y la industria del entretenimiento, un escenario para la creatividad, para las cr\u00f3nicas de la imparable renovaci\u00f3n de los sucesos donde incluso las ficciones son pertinentes. No obstante, cabr\u00eda preguntarse: \u00bfel periodismo cultural puede circunscribirse en los m\u00e1rgenes del periodismo especializado? Por supuesto que s\u00ed, aunque con funciones y cometidos muy diferentes a otros g\u00e9neros. El elemento diferencial del periodismo especializado no se encuentra tanto en el abandono de la generalizaci\u00f3n, sino m\u00e1s bien, en la continuidad y desarrollo de los \u00e1mbitos m\u00e1s b\u00e1sicos que se aplican en cualquier disciplina o actividad profesional.\u00a0<\/p>\n<p><strong>Periodismo cultural: literatura bajo presi\u00f3n<\/strong>\u00a0<\/p>\n<p>Escribir \u201cbajo presi\u00f3n\u201d significa estar expuesto a los rigores de la actualidad, el periodista busca hacer veros\u00edmil el caos de la realidad, busca decir verdad, aunque sabe que las cosas no son como suceden sino c\u00f3mo se recuerdan. El cronista es un testigo forzosamente subjetivo y provisional de lo que acontece, pero no por ello deja de ser importante porque, a veces, como le pasa al historiador, es el \u00fanico que est\u00e1 presente para ver y contar lo que sucede. El periodista sabe posicionarse frente al acontecer, sabe acercarse\/alejarse de los hechos, su punto de vista significa la mirada a trav\u00e9s de la cual los dem\u00e1s observan, aporta los primeros datos que a la postre pueden llegar a ser validados, matizados o descartados.\u00a0<\/p>\n<p><strong>Lo que no se puede dejar de aprender<\/strong>\u00a0<\/p>\n<p>Si la cultura nos caracteriza y no nos abandona, el M\u00e1ster de Periodismo Cultural y Nuevas Tendencias ofrece una alternativa de especializaci\u00f3n profesional y formaci\u00f3n creativa mediante asignaturas te\u00f3ricas (El mercado de la cultura. Investigaci\u00f3n, gesti\u00f3n y marketing cultural. Cultura audiovisual. Comunicaci\u00f3n intercultural y alternativa. Arte y cultura digital);\u00a0asignaturas pr\u00e1cticas (Informaci\u00f3n cultural en radio. Cultura en televisi\u00f3n. Cibercultura y periodismo digital. Visualizaci\u00f3n de datos);\u00a0y talleres (Dise\u00f1o period\u00edstico. Periodismo cultural. Escritura creativa. G\u00e9neros noticiosos e interpretativos en medios impresos y digitales).\u00a0<\/p>\n","protected":false},"excerpt":{"rendered":"Redacci\u00f3n El periodismo cultural permite llegar al mismo objetivo informativo que exige esta profesi\u00f3n pero por otros caminos,&hellip;\n","protected":false},"author":2,"featured_media":74989,"comment_status":"","ping_status":"","sticky":false,"template":"","format":"standard","meta":{"footnotes":""},"categories":[5],"tags":[17,18,8332,25,24,5687,13,14,11,19,20,10320,9,10,15,16,29252,2151,29251,29253,23,12,21,22,10322,10321],"class_list":{"0":"post-74988","1":"post","2":"type-post","3":"status-publish","4":"format-standard","5":"has-post-thumbnail","7":"category-titulares","8":"tag-breaking-news","9":"tag-breakingnews","10":"tag-cultural","11":"tag-es","12":"tag-espana","13":"tag-estudiar","14":"tag-featured-news","15":"tag-featurednews","16":"tag-headlines","17":"tag-latest-news","18":"tag-latestnews","19":"tag-master","20":"tag-news","21":"tag-noticias","22":"tag-noticias-destacadas","23":"tag-noticiasdestacadas","24":"tag-nuevas-tendencias","25":"tag-periodismo","26":"tag-periodismo-cultural","27":"tag-preinscripcion","28":"tag-spain","29":"tag-titulares","30":"tag-ultimas-noticias","31":"tag-ultimasnoticias","32":"tag-universidad-rey-juan-carlos","33":"tag-urjc"},"share_on_mastodon":{"url":"","error":""},"_links":{"self":[{"href":"https:\/\/www.europesays.com\/es\/wp-json\/wp\/v2\/posts\/74988","targetHints":{"allow":["GET"]}}],"collection":[{"href":"https:\/\/www.europesays.com\/es\/wp-json\/wp\/v2\/posts"}],"about":[{"href":"https:\/\/www.europesays.com\/es\/wp-json\/wp\/v2\/types\/post"}],"author":[{"embeddable":true,"href":"https:\/\/www.europesays.com\/es\/wp-json\/wp\/v2\/users\/2"}],"replies":[{"embeddable":true,"href":"https:\/\/www.europesays.com\/es\/wp-json\/wp\/v2\/comments?post=74988"}],"version-history":[{"count":0,"href":"https:\/\/www.europesays.com\/es\/wp-json\/wp\/v2\/posts\/74988\/revisions"}],"wp:featuredmedia":[{"embeddable":true,"href":"https:\/\/www.europesays.com\/es\/wp-json\/wp\/v2\/media\/74989"}],"wp:attachment":[{"href":"https:\/\/www.europesays.com\/es\/wp-json\/wp\/v2\/media?parent=74988"}],"wp:term":[{"taxonomy":"category","embeddable":true,"href":"https:\/\/www.europesays.com\/es\/wp-json\/wp\/v2\/categories?post=74988"},{"taxonomy":"post_tag","embeddable":true,"href":"https:\/\/www.europesays.com\/es\/wp-json\/wp\/v2\/tags?post=74988"}],"curies":[{"name":"wp","href":"https:\/\/api.w.org\/{rel}","templated":true}]}}