{"id":749888,"date":"2026-09-05T22:13:23","date_gmt":"2026-09-05T22:13:23","guid":{"rendered":"https:\/\/www.europesays.com\/es\/749888\/"},"modified":"2026-09-05T22:13:23","modified_gmt":"2026-09-05T22:13:23","slug":"luke-fischer-ultimo-eslabon-del-granca-con-pedigri-de-euroliga","status":"publish","type":"post","link":"https:\/\/www.europesays.com\/es\/749888\/","title":{"rendered":"Luke Fischer, \u00faltimo eslab\u00f3n del Granca con pedigr\u00ed de Euroliga"},"content":{"rendered":"<p><img decoding=\"async\" class=\"v-ath__i\" loading=\"lazy\" src=\"https:\/\/www.europesays.com\/es\/wp-content\/uploads\/2026\/09\/autor-6598-foto-1.jpeg\" alt=\"Daniel Herrera Rodr\u00edguez\"\/><\/p>\n<p>05\/09\/2026 a las 17:48h.<\/p>\n<p class=\"v-d-p\">Iron\u00edas del destino, hace pr\u00e1cticamente una d\u00e9cada un joven e imberbe p\u00edvot norteamericano moldeado en Marquette aterrizaba en Gran Canaria para disfrutar de su primera experiencia fuera de Estados Unidos. No hab\u00eda tenido la fortuna de ser drafteado, por lo que no dud\u00f3 en probar los cantos de sirena del Viejo Continente. <\/p>\n<p class=\"v-d-p\">No obstante, en aquel equipo en alza, se top\u00f3 -con apenas 22 a\u00f1os- con una competencia casi imposible en el juego interior: deb\u00eda ganar minutos ante el internacional Pablo Aguilar, el dominicano Eulis B\u00e1ez, el checo Ondrej Balvin y el let\u00f3n Anzejs Pasecniks. Sin embargo, poco a poco se fue ganando m\u00e9ritos y minutos en una plantilla que, dirigida por Luis Casimiro, acabar\u00eda jugando el a\u00f1o siguiente la Euroliga. <\/p>\n<p class=\"v-d-p\">No ten\u00eda el pedigr\u00ed de sus compa\u00f1eros de rol, pero s\u00ed las ganas, la disciplina y la testiculina suficiente para maximizar su rendimiento. Con su importante movilidad pese a sus 2,11 metros de humanidad, firm\u00f3 encuentros rese\u00f1ables pese a que el caviar sol\u00eda quedar reservado a otros jugadores del plantel claretiano. De hecho, sus promedios en la gran competici\u00f3n continental eran bastante modestos: 3,6 puntos, 2 rebotes y 8 minutos y medio por encuentro. Pero cuando se elevaba el cach\u00e9 del rival, Fischer mejorara considerablemente sus prestaciones. De hecho, sus mejores encuentros fueron ante contrincantes de la vitola de Panathinaikos -10 puntos y 6 rebotes en apenas 14 minutos- o del Fenerbahce -otros 8 puntos, 4 rechaces y 11 de valoraci\u00f3n-. <\/p>\n<p><img decoding=\"async\" loading=\"lazy\" src=\"https:\/\/www.europesays.com\/es\/wp-content\/uploads\/2026\/09\/1433204663-kuBH--680x476@Canarias7.jpg\" class=\"v-a-img\" width=\"680\" height=\"478\" alt=\"FIscher, en primer plano, celebrando en el vestuario un triunfo con el equipo amarillo.\" data-voc-vtm-id=\"in-text-traffic\"\/><\/p>\n<p>FIscher, en primer plano, celebrando en el vestuario un triunfo con el equipo amarillo.<\/p>\n<p>(CBGC)<\/p>\n<p class=\"v-d-p\">Las lesiones entonces se cebaron de aquel joven de Wisconsin. En noviembre de 2018 sufri\u00f3, en este sentido, una rotura fibrilar de siete cent\u00edmetros en el m\u00fasculo semimembranoso de los isquiotibiales precisamente tras un encuentro de Euroliga. Fue poco m\u00e1s de un mes de convalecencia, pero tambi\u00e9n es cierto que, entre las numerosas rotaciones del entonces Herbalife, Fischer no lleg\u00f3 a contabilizar 20 minutos de juego en in un solo encuentro esa temporada. De hecho, ser\u00eda precisamente en ese encuentro ante el Fenerbahce otomano (derrota por 64-82) donde estuvo m\u00e1s tiempo sobre el parqu\u00e9 en toda la temporada: un total de 18 minutos. <\/p>\n<p>Arriba, sellando un mate con la camiseta del Granca. Abajo, a la izquierda, posando con la camiseta del Real Betis y a la derecha, acechando con el tap\u00f3n ante Nico Brussino, ya entonces Fischer con la indumentaria del Burgos..<\/p>\n<p>(ACB)<\/p>\n<p class=\"v-d-p\">Al terminar aquella temporada, en la que se roz\u00f3 la esquizofrenia deportiva -se pas\u00f3 de la gloria de codearse con la \u00e9lite europea para acabar sufriendo por la permanencia- y se cont\u00f3 con la direcci\u00f3n de hasta tres t\u00e9cnicos (Salva Maldonado, V\u00edctor Garc\u00eda Guadarrama y Pedro Mart\u00ednez), Fischer hizo las maletas rumbo a Alemania, enrol\u00e1ndose en el W\u00fcrzburg. Posteriormente pasar\u00eda al basket galo -Orleans, Nanterre y Nancy- antes de volver a Espa\u00f1a, a trav\u00e9s del Real Betis Baloncesto (2023) y el San Pablo Burgos (23-26).<\/p>\n<p><img decoding=\"async\" loading=\"lazy\" src=\"https:\/\/www.europesays.com\/es\/wp-content\/uploads\/2026\/09\/RS484984_J15 BAR-BET Firmar acb Photo - S Gordon-kuBH--170x170@Canarias7.jpg\" class=\"v-a-img\" width=\"112\" height=\"112\" alt=\"Imagen - \u00abSiempre tuve la sensaci\u00f3n de que alg\u00fan d\u00eda volver\u00eda a la isla para jugar en este equipo\u00bb\"\/><\/p>\n<p class=\"v-a-t\">\n\u00abSiempre tuve la sensaci\u00f3n de que alg\u00fan d\u00eda volver\u00eda a la isla para jugar en este equipo\u00bb\n<\/p>\n<p class=\"v-pst__p\">Fischer<\/p>\n<p class=\"v-pst__j\">Jugador del CB Gran Canaria<\/p>\n<p class=\"v-d-p\">Cuando volvi\u00f3 a medirse la temporada pasada al Gran Canaria con la camiseta burgalesa, el cambio f\u00edsico y deportivo era m\u00e1s que evidente. El equipo de Lakovic se top\u00f3 con un experimentado muro, con barba rubia algo ajada, pasaporte armenio y 31 a\u00f1os de picard\u00eda adquiridos entre tanta picaresca que destila el parqu\u00e9 ib\u00e9rico. En el Gran Canaria Arena firm\u00f3 uno de sus mejores encuentros, endos\u00e1ndole a los amarillos 15 puntos, 6 rebotes, un tap\u00f3n y triunfo para la huchaca (95-109) que dej\u00f3 secuelas m\u00e1s que serias. Y en tierras castellanas, la pel\u00edcula fue similar: otros 9 tantos, 3 rebotes y victoria para mayor agon\u00eda (94-81).<\/p>\n<p>La imagen de Fischer, exultante tras retornar a la isla una d\u00e9cada despu\u00e9s.<\/p>\n<p>(Miguel Henr\u00edquez)<\/p>\n<p><img decoding=\"async\" loading=\"lazy\" src=\"https:\/\/www.europesays.com\/es\/wp-content\/uploads\/2026\/09\/Derbi_Amistoso_004-kuBH--170x170@Canarias7.jpeg\" class=\"v-a-img\" width=\"112\" height=\"112\" alt=\"Imagen - \u00abNo ten\u00eda hijos en la anterior etapa. Estaba deseando que conocieran la isla, que ha significado mucho para m\u00ed\u00bb\"\/><\/p>\n<p class=\"v-a-t\">\n\u00abNo ten\u00eda hijos en la anterior etapa. Estaba deseando que conocieran la isla, que ha significado mucho para m\u00ed\u00bb\n<\/p>\n<p class=\"v-pst__p\">Fischer<\/p>\n<p class=\"v-pst__j\">Jugador del CB Gran Canaria<\/p>\n<p class=\"v-d-p\">Casi 10 a\u00f1os despu\u00e9s, Fischer vuelve a la isla en la que se dio a conocer en Europa. \u00c9l mismo lo reconoci\u00f3 al llegar al aeropuerto de Gando. \u00abSiempre tuve la sensaci\u00f3n de que alg\u00fan d\u00eda volver\u00eda a la isla para jugar en este equipo. Siempre ha significado mucho para nosotros, y estamos encantados\u00bb. Lo dice en plural, porque ahora es marido y padre de dos hijos. \u00abNo ten\u00eda ni\u00f1os cuando estuve aqu\u00ed. Estamos deseando que mi hija y mi hijo conozcan la isla\u00bb. El \u00faltimo eslab\u00f3n de aquel Granca de Euroliga ya est\u00e1 aqu\u00ed. Su importancia va m\u00e1s all\u00e1 de los n\u00fameros ya que Fischer puede amoldarse a cualquier escenario, ecosistema y realidad. Todo un comod\u00edn para Bruno Savignani.<\/p>\n<p><img decoding=\"async\" loading=\"lazy\" src=\"https:\/\/www.europesays.com\/es\/wp-content\/uploads\/2026\/09\/Derbi_Amistoso_004-kuBH--680x476@Canarias7.jpeg\" class=\"v-a-img\" width=\"680\" height=\"478\" alt=\"Su primer amistoso tras volver al Granca fue ante La Laguna Tenerife en la isla vecina.\" data-voc-vtm-id=\"in-text-traffic\"\/><\/p>\n<p>Su primer amistoso tras volver al Granca fue ante La Laguna Tenerife en la isla vecina.<\/p>\n<p>(CB Canarias)<\/p>\n","protected":false},"excerpt":{"rendered":"05\/09\/2026 a las 17:48h. Iron\u00edas del destino, hace pr\u00e1cticamente una d\u00e9cada un joven e imberbe p\u00edvot norteamericano moldeado&hellip;\n","protected":false},"author":2,"featured_media":749889,"comment_status":"","ping_status":"","sticky":false,"template":"","format":"standard","meta":{"footnotes":""},"categories":[269],"tags":[299,298,168,25,80899,24,833,10455,14248,35952,101934,23,167,3667],"class_list":["post-749888","post","type-post","status-publish","format-standard","has-post-thumbnail","category-baloncesto","tag-baloncesto","tag-basketball","tag-deportes","tag-es","tag-eslabon","tag-espana","tag-euroliga","tag-fischer","tag-granca","tag-luke","tag-pedigri","tag-spain","tag-sports","tag-ultimo"],"share_on_mastodon":{"url":"https:\/\/pubeurope.com\/@es\/117220738819945835","error":""},"_links":{"self":[{"href":"https:\/\/www.europesays.com\/es\/wp-json\/wp\/v2\/posts\/749888","targetHints":{"allow":["GET"]}}],"collection":[{"href":"https:\/\/www.europesays.com\/es\/wp-json\/wp\/v2\/posts"}],"about":[{"href":"https:\/\/www.europesays.com\/es\/wp-json\/wp\/v2\/types\/post"}],"author":[{"embeddable":true,"href":"https:\/\/www.europesays.com\/es\/wp-json\/wp\/v2\/users\/2"}],"replies":[{"embeddable":true,"href":"https:\/\/www.europesays.com\/es\/wp-json\/wp\/v2\/comments?post=749888"}],"version-history":[{"count":0,"href":"https:\/\/www.europesays.com\/es\/wp-json\/wp\/v2\/posts\/749888\/revisions"}],"wp:featuredmedia":[{"embeddable":true,"href":"https:\/\/www.europesays.com\/es\/wp-json\/wp\/v2\/media\/749889"}],"wp:attachment":[{"href":"https:\/\/www.europesays.com\/es\/wp-json\/wp\/v2\/media?parent=749888"}],"wp:term":[{"taxonomy":"category","embeddable":true,"href":"https:\/\/www.europesays.com\/es\/wp-json\/wp\/v2\/categories?post=749888"},{"taxonomy":"post_tag","embeddable":true,"href":"https:\/\/www.europesays.com\/es\/wp-json\/wp\/v2\/tags?post=749888"}],"curies":[{"name":"wp","href":"https:\/\/api.w.org\/{rel}","templated":true}]}}