{"id":749916,"date":"2026-09-05T22:36:13","date_gmt":"2026-09-05T22:36:13","guid":{"rendered":"https:\/\/www.europesays.com\/es\/749916\/"},"modified":"2026-09-05T22:36:13","modified_gmt":"2026-09-05T22:36:13","slug":"el-fichaje-del-baskonia-kenneth-faried-ya-se-encuentra-en-vitoria","status":"publish","type":"post","link":"https:\/\/www.europesays.com\/es\/749916\/","title":{"rendered":"El fichaje del Baskonia Kenneth Faried ya se encuentra en Vitoria"},"content":{"rendered":"<p>    <img loading=\"lazy\" decoding=\"async\" src=\"https:\/\/www.europesays.com\/es\/wp-content\/uploads\/2026\/09\/2eb4c98e-f330-42f0-bd34-abc274af42a4_16-9-discover-aspect-ratio_default_0_x1159y695.jpg\" alt=\"Faried posa con la bufanda del Baskonia tras su llegada a Vitoria este s\u00e1bado. \/ Baskonia\" width=\"1200\" height=\"675\" title=\"Faried posa con la bufanda del Baskonia tras su llegada a Vitoria este s\u00e1bado. \/ Baskonia\" style=\"height:auto;\"\/><\/p>\n<p class=\"article-photo__footer\">\n        Faried posa con la bufanda del Baskonia tras su llegada a Vitoria este s\u00e1bado.<br \/>\n                    Baskonia\n            <\/p>\n<p class=\"article-body__text article-body__text--entry article-body__text-middle\">\n        El <a href=\"https:\/\/www.noticiasdealava.eus\/baskonia\/\" title=\"Kosner Baskonia\" class=\"link copy\" rel=\"nofollow noopener\" target=\"_blank\">Kosner Baskonia<\/a>, que sufri\u00f3 un duro correctivo este s\u00e1bado en su amistoso ante el Real Madrid (121-80) <strong>sonr\u00ede al menos despu\u00e9s de que Kenneth Faried haya aterrizado en Vitoria-Gasteiz<\/strong>. El p\u00edvot norteamericano, el \u00faltimo fichaje de los azulgranas, supondr\u00e1 un <strong>soplo de aire fresco para un equipo en cuadro con cinco jugadores tocados y especialmente mermado en su juego interior <\/strong>despu\u00e9s de la marcha de Khalifa Diop.\n<\/p>\n<p class=\"article-body__text \">\n        A pesar de la preocupaci\u00f3n del baskonismo en los \u00faltimos d\u00edas por estarse retrasando la llegada de Faried a Vitoria-Gasteiz, el experimentado p\u00edvot ha cumplido con los plazos que mencion\u00f3 el director deportivo F\u00e9lix Fern\u00e1ndez y, <strong>despu\u00e9s de tomarse los d\u00edas de permiso concedidos por el club por asuntos personales, se encuentra ya en Vitoria<\/strong> para ponerse a las \u00f3rdenes de Paolo Galbiati.\n<\/p>\n<blockquote class=\"twitter-tweet\" data-lang=\"es\">\n<p lang=\"es\" dir=\"ltr\">Baskonistas, mientras est\u00e1bamos en Le\u00f3n<\/p>\n<p>Mirad qui\u00e9n ha llegado a Vitoria-Gasteiz \ud83d\udd25\ud83d\ude4c<\/p>\n<p>Ongi etorri, Kenneth! <a href=\"https:\/\/t.co\/NdYnLux0IU\" rel=\"nofollow\">pic.twitter.com\/NdYnLux0IU<\/a><\/p>\n<p>\u2014 Kosner Baskonia (@Baskonia) <a href=\"https:\/\/x.com\/Baskonia\/status\/2096338274067284412?ref_src=twsrc%5Etfw\" rel=\"nofollow\">5 de septiembre de 2026<\/a><\/p><\/blockquote>\n<p class=\"article-body__text \">\n        Pese a su llegada, el conjunto vitoriano, que<strong> jug\u00f3 con el joven Thierry Henry y el temporero Nguessan como p\u00edvots ante el Madrid, sigue teniendo la necesidad de reforzar su zona interior con dos fichajes<\/strong> cuando apenas quedan dos semanas para que se dispute la Supercopa ACB.\n<\/p>\n<p>                 <script async src=\"https:\/\/platform.twitter.com\/widgets.js\" charset=\"utf-8\"><\/script><\/p>\n","protected":false},"excerpt":{"rendered":"Faried posa con la bufanda del Baskonia tras su llegada a Vitoria este s\u00e1bado. Baskonia El Kosner Baskonia,&hellip;\n","protected":false},"author":2,"featured_media":749917,"comment_status":"","ping_status":"","sticky":false,"template":"","format":"standard","meta":{"footnotes":""},"categories":[269],"tags":[299,298,4714,168,3569,25,24,59402,79411,23,167,2177],"class_list":["post-749916","post","type-post","status-publish","format-standard","has-post-thumbnail","category-baloncesto","tag-baloncesto","tag-basketball","tag-baskonia","tag-deportes","tag-encuentra","tag-es","tag-espana","tag-faried","tag-kenneth","tag-spain","tag-sports","tag-vitoria"],"share_on_mastodon":{"url":"https:\/\/pubeurope.com\/@es\/117220828654318736","error":""},"_links":{"self":[{"href":"https:\/\/www.europesays.com\/es\/wp-json\/wp\/v2\/posts\/749916","targetHints":{"allow":["GET"]}}],"collection":[{"href":"https:\/\/www.europesays.com\/es\/wp-json\/wp\/v2\/posts"}],"about":[{"href":"https:\/\/www.europesays.com\/es\/wp-json\/wp\/v2\/types\/post"}],"author":[{"embeddable":true,"href":"https:\/\/www.europesays.com\/es\/wp-json\/wp\/v2\/users\/2"}],"replies":[{"embeddable":true,"href":"https:\/\/www.europesays.com\/es\/wp-json\/wp\/v2\/comments?post=749916"}],"version-history":[{"count":0,"href":"https:\/\/www.europesays.com\/es\/wp-json\/wp\/v2\/posts\/749916\/revisions"}],"wp:featuredmedia":[{"embeddable":true,"href":"https:\/\/www.europesays.com\/es\/wp-json\/wp\/v2\/media\/749917"}],"wp:attachment":[{"href":"https:\/\/www.europesays.com\/es\/wp-json\/wp\/v2\/media?parent=749916"}],"wp:term":[{"taxonomy":"category","embeddable":true,"href":"https:\/\/www.europesays.com\/es\/wp-json\/wp\/v2\/categories?post=749916"},{"taxonomy":"post_tag","embeddable":true,"href":"https:\/\/www.europesays.com\/es\/wp-json\/wp\/v2\/tags?post=749916"}],"curies":[{"name":"wp","href":"https:\/\/api.w.org\/{rel}","templated":true}]}}